{"id":370317,"date":"2025-09-06T09:40:10","date_gmt":"2025-09-06T09:40:10","guid":{"rendered":"https:\/\/www.europesays.com\/fr\/370317\/"},"modified":"2025-09-06T09:40:10","modified_gmt":"2025-09-06T09:40:10","slug":"une-nouvelle-enseigne-debarque-au-centre-commercial-bois-bersol-a-pessac","status":"publish","type":"post","link":"https:\/\/www.europesays.com\/fr\/370317\/","title":{"rendered":"Une nouvelle enseigne d\u00e9barque au centre commercial Bois Bersol \u00e0 Pessac"},"content":{"rendered":"<p>            Par<br \/>\n        <strong><br \/>\n            <a href=\"https:\/\/actu.fr\/auteur\/redaction-bordeaux\" title=\"Consulter tous les articles de R\u00e9daction Bordeaux\" rel=\"nofollow noopener\" target=\"_blank\">R\u00e9daction Bordeaux<\/a><br \/>\n        <\/strong><\/p>\n<p>        Publi\u00e9 le<\/p>\n<p>            6 sept. 2025 \u00e0 11h10        <\/p>\n<p>Une nouvelle enseigne d\u00e9barque au <strong>centre commercial Bois Bersol \u00e0 Pessac<\/strong> (Gironde). L\u2019\u00e9picerie cor\u00e9enne <strong>Ppoppo Mart<\/strong> doit ouvrir un magasin lors de la troisi\u00e8me semaine d\u2019octobre 2025.<\/p>\n<p class=\" wall-content\">\u00ab\u00a0Pour les installer le bailleur et la copropri\u00e9t\u00e9 ont accept\u00e9 d\u2019ouvrir la fa\u00e7ade du mail afin de cr\u00e9er une terrasse ext\u00e9rieure avec acc\u00e8s direct \u00e0 la cellule depuis le parking\u00a0\u00bb, confie Clarisse Rodiere, directeur du centre commercial, \u00e0 <a href=\"https:\/\/actu.fr\/bordeaux\/\" rel=\"nofollow noopener\" target=\"_blank\">actu Bordeaux<\/a>.<\/p>\n<p class=\" wall-content\">Cette enseigne dynamique est d\u00e9j\u00e0 install\u00e9e rue Saint-R\u00e9mi \u00e0 Bordeaux, depuis le 1er avril 2023, et elle attire une client\u00e8le de tous \u00e2ges.<\/p>\n<p class=\" wall-content\">Personnalisez votre actualit\u00e9 en ajoutant vos villes et m\u00e9dias en favori avec <a href=\"https:\/\/moncompte.actu.fr\" title=\"D\u00e9couvez Mon Actu\" rel=\"nofollow noopener\" data-trk=\"{&quot;cta&quot;:{&quot;action&quot;:&quot;https:\\\/\\\/moncompte.actu.fr&quot;,&quot;category&quot;:&quot;mon compte&quot;,&quot;from&quot;:&quot;article footer&quot;,&quot;name&quot;:&quot;Mon actu&quot;,&quot;type&quot;:&quot;cta&quot;}}\" target=\"_blank\">Mon Actu<\/a>.<\/p>\n","protected":false},"excerpt":{"rendered":"Par R\u00e9daction Bordeaux Publi\u00e9 le 6 sept. 2025 \u00e0 11h10 Une nouvelle enseigne d\u00e9barque au centre commercial Bois&hellip;\n","protected":false},"author":2,"featured_media":370318,"comment_status":"","ping_status":"","sticky":false,"template":"","format":"standard","meta":{"footnotes":""},"categories":[2817],"tags":[1111,11,1997,215,1777,674,1011,27,12,2219,25,104],"class_list":{"0":"post-370317","1":"post","2":"type-post","3":"status-publish","4":"format-standard","5":"has-post-thumbnail","7":"category-bordeaux","8":"tag-actu","9":"tag-actualites","10":"tag-bordeaux","11":"tag-commerce","12":"tag-eu","13":"tag-europe","14":"tag-fr","15":"tag-france","16":"tag-news","17":"tag-nouvelle-aquitaine","18":"tag-republique-francaise","19":"tag-societe"},"share_on_mastodon":{"url":"https:\/\/pubeurope.com\/@fr\/115156695435374411","error":""},"_links":{"self":[{"href":"https:\/\/www.europesays.com\/fr\/wp-json\/wp\/v2\/posts\/370317","targetHints":{"allow":["GET"]}}],"collection":[{"href":"https:\/\/www.europesays.com\/fr\/wp-json\/wp\/v2\/posts"}],"about":[{"href":"https:\/\/www.europesays.com\/fr\/wp-json\/wp\/v2\/types\/post"}],"author":[{"embeddable":true,"href":"https:\/\/www.europesays.com\/fr\/wp-json\/wp\/v2\/users\/2"}],"replies":[{"embeddable":true,"href":"https:\/\/www.europesays.com\/fr\/wp-json\/wp\/v2\/comments?post=370317"}],"version-history":[{"count":0,"href":"https:\/\/www.europesays.com\/fr\/wp-json\/wp\/v2\/posts\/370317\/revisions"}],"wp:featuredmedia":[{"embeddable":true,"href":"https:\/\/www.europesays.com\/fr\/wp-json\/wp\/v2\/media\/370318"}],"wp:attachment":[{"href":"https:\/\/www.europesays.com\/fr\/wp-json\/wp\/v2\/media?parent=370317"}],"wp:term":[{"taxonomy":"category","embeddable":true,"href":"https:\/\/www.europesays.com\/fr\/wp-json\/wp\/v2\/categories?post=370317"},{"taxonomy":"post_tag","embeddable":true,"href":"https:\/\/www.europesays.com\/fr\/wp-json\/wp\/v2\/tags?post=370317"}],"curies":[{"name":"wp","href":"https:\/\/api.w.org\/{rel}","templated":true}]}}