{"id":370323,"date":"2025-09-06T09:43:12","date_gmt":"2025-09-06T09:43:12","guid":{"rendered":"https:\/\/www.europesays.com\/fr\/370323\/"},"modified":"2025-09-06T09:43:12","modified_gmt":"2025-09-06T09:43:12","slug":"la-petite-vadrouile-au-museum-de-toulouse","status":"publish","type":"post","link":"https:\/\/www.europesays.com\/fr\/370323\/","title":{"rendered":"La petite vadrouile au mus\u00e9um de Toulouse"},"content":{"rendered":"<p class=\"PopSlotParagraph qg-tx2 qg-xtra-lh svelte-1r0pyek\">La petite vadrouille vous propose aujourd&rsquo;hui, des rencontres, avec des personnes qui ont toutes des profils diff\u00e9rents. Pas seulement des scientifiques. Pour autant, elles font partie de l&rsquo;\u00e9quipe qui\u00a0prend plaisir \u00e0 vous accueillir dans ses espaces mus\u00e9ographiques et ses expositions temporaires.<br \/>Pour commencer d\u00e9couvrons Marie-Fran\u00e7oise Carillo, l\u2019artiste au service collections \u2013 conservation.<\/p>\n<p>  <img decoding=\"async\" class=\"Image-preview  svelte-1b9cmvl\" data-testid=\"image-preview\" src=\"data:image\/jpeg;charset=utf-8;base64, \/9j\/2wBDACgcHiMeGSgjISMtKygwPGRBPDc3PHtYXUlkkYCZlo+AjIqgtObDoKrarYqMyP\/L2u71\/\/\/\/m8H\/\/\/\/6\/+b9\/\/j\/2wBDASstLTw1PHZBQXb4pYyl+Pj4+Pj4+Pj4+Pj4+Pj4+Pj4+Pj4+Pj4+Pj4+Pj4+Pj4+Pj4+Pj4+Pj4+Pj4+Pj4+Pj\/wAARCAAfACoDASIAAhEBAxEB\/8QAGAAAAwEBAAAAAAAAAAAAAAAAAAIDAQT\/xAAYEAEBAQEBAAAAAAAAAAAAAAAAAQISEf\/EABUBAQEAAAAAAAAAAAAAAAAAAAEC\/8QAFREBAQAAAAAAAAAAAAAAAAAAABH\/2gAMAwEAAhEDEQA\/AOW5LMr3ImQSZwrnJs5VmQU5lvKvI5Ic9gkGmSgrZVkQzpXNBP43xkplCP\/Z\" alt=\"\" aria-hidden=\"false\"\/>     <img decoding=\"async\" src=\"https:\/\/www.europesays.com\/fr\/wp-content\/uploads\/2025\/09\/860_sc_20250902-113450.jpg\" loading=\"lazy\" fetchpriority=\"low\" width=\"860\" height=\"645\" class=\"Image-main  svelte-1b9cmvl rounded\" data-testid=\"image-src\" alt=\"R\u00e9alisation de Marie-Fran\u00e7oise Carillo la souris porte-greffe d'oreille\" aria-hidden=\"false\" onload=\"this.__e=event\" onerror=\"this.__e=event\"\/> R\u00e9alisation de Marie-Fran\u00e7oise Carillo la souris porte-greffe d&rsquo;oreille \u00a9 Radio France &#8211; Sylvain LECAS  <img decoding=\"async\" class=\"Image-preview  svelte-1b9cmvl\" data-testid=\"image-preview\" src=\"data:image\/jpeg;charset=utf-8;base64, \/9j\/2wBDACgcHiMeGSgjISMtKygwPGRBPDc3PHtYXUlkkYCZlo+AjIqgtObDoKrarYqMyP\/L2u71\/\/\/\/m8H\/\/\/\/6\/+b9\/\/j\/2wBDASstLTw1PHZBQXb4pYyl+Pj4+Pj4+Pj4+Pj4+Pj4+Pj4+Pj4+Pj4+Pj4+Pj4+Pj4+Pj4+Pj4+Pj4+Pj4+Pj4+Pj\/wAARCAAfACoDASIAAhEBAxEB\/8QAGAABAQEBAQAAAAAAAAAAAAAAAgMBBAD\/xAAYEAEBAQEBAAAAAAAAAAAAAAAAAQISEf\/EABcBAQEBAQAAAAAAAAAAAAAAAAABAgP\/xAAUEQEAAAAAAAAAAAAAAAAAAAAA\/9oADAMBAAIRAxEAPwDkmW8nIUjDqlyy5X5G5Bz3LPFdQPAdEKB6zoFfRo9PWoo6TPVBR\/\/Z\" alt=\"\" aria-hidden=\"false\"\/>     <img decoding=\"async\" src=\"https:\/\/www.europesays.com\/fr\/wp-content\/uploads\/2025\/09\/860_sc_20250902-113535.jpg\" loading=\"lazy\" fetchpriority=\"low\" width=\"860\" height=\"645\" class=\"Image-main  svelte-1b9cmvl rounded\" data-testid=\"image-src\" alt=\"Dans cette boite, tout est faux. Ce sont des moulages de Marie-France Carillo\" aria-hidden=\"false\" onload=\"this.__e=event\" onerror=\"this.__e=event\"\/> Dans cette boite, tout est faux. Ce sont des moulages de Marie-France Carillo \u00a9 Radio France &#8211; Sylvain LECAS <\/p>\n<p class=\"PopSlotParagraph qg-tx2 qg-xtra-lh svelte-1r0pyek\">Nous avons rencontr\u00e9 un scientifique durant notre visite du mus\u00e9um de Toulouse. Henri Cap.<br \/>Charg\u00e9 des collections de zoologie, il a particip\u00e9 avec ses coll\u00e8gues \u00e0 la cr\u00e9ation de la nouvelle mus\u00e9ographie que vous pouvez d\u00e9couvrir lors de vos visites.<br \/>Il a \u00e9galement \u00e9crit un livre paru aux \u00e9dition seuil, traduit en 240 langues et dialectes dans le monde.\u00a0<a href=\"https:\/\/www.babelio.com\/livres\/Cap-A-qui-est-ce-squelette-\/944802\" target=\"_blank\" rel=\"noopener noreferrer nofollow\" class=\"\" data-testid=\"link\"><strong>A qui est ce squelette\u00a0?<\/strong><\/a><\/p>\n<p>  <img decoding=\"async\" class=\"Image-preview  svelte-1b9cmvl\" data-testid=\"image-preview\" src=\"data:image\/jpeg;charset=utf-8;base64, \/9j\/2wBDACgcHiMeGSgjISMtKygwPGRBPDc3PHtYXUlkkYCZlo+AjIqgtObDoKrarYqMyP\/L2u71\/\/\/\/m8H\/\/\/\/6\/+b9\/\/j\/2wBDASstLTw1PHZBQXb4pYyl+Pj4+Pj4+Pj4+Pj4+Pj4+Pj4+Pj4+Pj4+Pj4+Pj4+Pj4+Pj4+Pj4+Pj4+Pj4+Pj4+Pj\/wAARCAAqAB8DASIAAhEBAxEB\/8QAFwABAQEBAAAAAAAAAAAAAAAAAQIABP\/EABYQAQEBAAAAAAAAAAAAAAAAAAARAf\/EABYBAQEBAAAAAAAAAAAAAAAAAAABAv\/EABQRAQAAAAAAAAAAAAAAAAAAAAD\/2gAMAwEAAhEDEQA\/AOuitqa2iqaiqwBoVqUGOAgoQsomFmB\/\/9k=\" alt=\"\" aria-hidden=\"false\"\/>     <img decoding=\"async\" src=\"https:\/\/www.europesays.com\/fr\/wp-content\/uploads\/2025\/09\/860_sc_a-qui-est-ce-squelette.jpg\" loading=\"lazy\" fetchpriority=\"low\" width=\"860\" height=\"1145\" class=\"Image-main  svelte-1b9cmvl rounded\" data-testid=\"image-src\" alt=\"A qui est ce squelette ? de Henri Cap, Rapha\u00ebl Martin et Renaud Vigour\" aria-hidden=\"false\" onload=\"this.__e=event\" onerror=\"this.__e=event\"\/> A qui est ce squelette ? de Henri Cap, Rapha\u00ebl Martin et Renaud Vigour  &#8211; Renaud Vigour  <\/p>\n<p class=\"Audio-title qg-st5 svelte-n0q4ie\">Henri CAP,  charg\u00e9 des collections zoologie au mus\u00e9um de Toulouse<\/p>\n<p class=\"Audio-duration qg-tx3 svelte-n0q4ie\">3 min<\/p>\n<p class=\"PopSlotParagraph qg-tx2 qg-xtra-lh svelte-1r0pyek\">Cela va peut-\u00eatre vous surprendre, mais le mus\u00e9um, tout comme le quai des savoirs, sont truff\u00e9s de nouvelles technologies. Et \u00e7a c\u2019est le domaine de Daniel Arqui\u00e9 que l\u2019on a rencontr\u00e9 dans le \u00ab\u00a0studio radio\u00a0\u00bb du quai des savoirs\u00a0!<\/p>\n<p>  <img decoding=\"async\" class=\"Image-preview  svelte-1b9cmvl\" data-testid=\"image-preview\" src=\"data:image\/jpeg;charset=utf-8;base64, \/9j\/2wBDACgcHiMeGSgjISMtKygwPGRBPDc3PHtYXUlkkYCZlo+AjIqgtObDoKrarYqMyP\/L2u71\/\/\/\/m8H\/\/\/\/6\/+b9\/\/j\/2wBDASstLTw1PHZBQXb4pYyl+Pj4+Pj4+Pj4+Pj4+Pj4+Pj4+Pj4+Pj4+Pj4+Pj4+Pj4+Pj4+Pj4+Pj4+Pj4+Pj4+Pj\/wAARCAAfACoDASIAAhEBAxEB\/8QAFwABAQEBAAAAAAAAAAAAAAAAAwIEAP\/EABkQAQEBAQEBAAAAAAAAAAAAAAACAREDEv\/EABcBAQEBAQAAAAAAAAAAAAAAAAIBAwD\/xAAWEQEBAQAAAAAAAAAAAAAAAAAAARH\/2gAMAwEAAhEDEQA\/ANlWjfQVUPaEzbYrpP0iqVYm9F1V6PotZW6h6esFWEwHuorV0GtcsTWo66tR1D1\/\/9k=\" alt=\"\" aria-hidden=\"false\"\/>     <img decoding=\"async\" src=\"https:\/\/www.europesays.com\/fr\/wp-content\/uploads\/2025\/09\/860_sc_20250903-121054.jpg\" loading=\"lazy\" fetchpriority=\"low\" width=\"860\" height=\"645\" class=\"Image-main  svelte-1b9cmvl rounded\" data-testid=\"image-src\" alt=\"Daniel Arqui\u00e9, expert des projets num\u00e9riques culturels pour le quai des savoir et le mus\u00e9um de Toulouse.\" aria-hidden=\"false\" onload=\"this.__e=event\" onerror=\"this.__e=event\"\/> Daniel Arqui\u00e9, expert des projets num\u00e9riques culturels pour le quai des savoir et le mus\u00e9um de Toulouse. \u00a9 Radio France &#8211; Sylvain LECAS  <\/p>\n<p class=\"Audio-title qg-st5 svelte-n0q4ie\">Daniel Arqui\u00e9 expert projets num\u00e9riques culturels<\/p>\n<p class=\"Audio-duration qg-tx3 svelte-n0q4ie\">3 min<\/p>\n<p class=\"PopSlotParagraph qg-tx2 qg-xtra-lh svelte-1r0pyek\">L\u00e0 encore, c\u2019est un homme de l\u2019ombre, de ceux qui pr\u00e9parent tout pour que votre visite se passe dans les meilleures conditions possibles, sans pannes, ni incidents. C\u2019est gr\u00e2ce \u00e0 Fabien Chollet, responsable des \u00e9quipes de la r\u00e9gie des expositions du mus\u00e9um et du quai des savoirs.<\/p>\n<p>  <img decoding=\"async\" class=\"Image-preview  svelte-1b9cmvl\" data-testid=\"image-preview\" src=\"data:image\/jpeg;charset=utf-8;base64, \/9j\/2wBDACgcHiMeGSgjISMtKygwPGRBPDc3PHtYXUlkkYCZlo+AjIqgtObDoKrarYqMyP\/L2u71\/\/\/\/m8H\/\/\/\/6\/+b9\/\/j\/2wBDASstLTw1PHZBQXb4pYyl+Pj4+Pj4+Pj4+Pj4+Pj4+Pj4+Pj4+Pj4+Pj4+Pj4+Pj4+Pj4+Pj4+Pj4+Pj4+Pj4+Pj\/wAARCAAfACoDASIAAhEBAxEB\/8QAGQAAAgMBAAAAAAAAAAAAAAAAAQIAAwQF\/8QAGBABAQEBAQAAAAAAAAAAAAAAAAIBEhH\/xAAWAQEBAQAAAAAAAAAAAAAAAAABAAL\/xAAUEQEAAAAAAAAAAAAAAAAAAAAA\/9oADAMBAAIRAxEAPwDo9p0oy06BXdDlM\/Y5aTTlD6omz9IMeaPpZNoaLtJlFopDRNH6UTp\/UH\/\/2Q==\" alt=\"\" aria-hidden=\"false\"\/>     <img decoding=\"async\" src=\"https:\/\/www.europesays.com\/fr\/wp-content\/uploads\/2025\/09\/860_sc_20250903-114333.jpg\" loading=\"lazy\" fetchpriority=\"low\" width=\"860\" height=\"645\" class=\"Image-main  svelte-1b9cmvl rounded\" data-testid=\"image-src\" alt=\"Fabien Chollet, responsable de la r\u00e9gie des expositions\" aria-hidden=\"false\" onload=\"this.__e=event\" onerror=\"this.__e=event\"\/> Fabien Chollet, responsable de la r\u00e9gie des expositions \u00a9 Radio France &#8211; Sylvain LECAS  <\/p>\n<p class=\"Audio-title qg-st5 svelte-n0q4ie\">Fabien Chollet, responsable de la r\u00e9gie des expositions<\/p>\n<p class=\"Audio-duration qg-tx3 svelte-n0q4ie\">3 min<\/p>\n","protected":false},"excerpt":{"rendered":"La petite vadrouille vous propose aujourd&rsquo;hui, des rencontres, avec des personnes qui ont toutes des profils diff\u00e9rents. Pas&hellip;\n","protected":false},"author":2,"featured_media":370324,"comment_status":"","ping_status":"","sticky":false,"template":"","format":"standard","meta":{"footnotes":""},"categories":[2816],"tags":[1111,11,1777,674,1011,27,12,2680,25,2312],"class_list":{"0":"post-370323","1":"post","2":"type-post","3":"status-publish","4":"format-standard","5":"has-post-thumbnail","7":"category-toulouse","8":"tag-actu","9":"tag-actualites","10":"tag-eu","11":"tag-europe","12":"tag-fr","13":"tag-france","14":"tag-news","15":"tag-occitanie","16":"tag-republique-francaise","17":"tag-toulouse"},"share_on_mastodon":{"url":"https:\/\/pubeurope.com\/@fr\/115156707700173137","error":""},"_links":{"self":[{"href":"https:\/\/www.europesays.com\/fr\/wp-json\/wp\/v2\/posts\/370323","targetHints":{"allow":["GET"]}}],"collection":[{"href":"https:\/\/www.europesays.com\/fr\/wp-json\/wp\/v2\/posts"}],"about":[{"href":"https:\/\/www.europesays.com\/fr\/wp-json\/wp\/v2\/types\/post"}],"author":[{"embeddable":true,"href":"https:\/\/www.europesays.com\/fr\/wp-json\/wp\/v2\/users\/2"}],"replies":[{"embeddable":true,"href":"https:\/\/www.europesays.com\/fr\/wp-json\/wp\/v2\/comments?post=370323"}],"version-history":[{"count":0,"href":"https:\/\/www.europesays.com\/fr\/wp-json\/wp\/v2\/posts\/370323\/revisions"}],"wp:featuredmedia":[{"embeddable":true,"href":"https:\/\/www.europesays.com\/fr\/wp-json\/wp\/v2\/media\/370324"}],"wp:attachment":[{"href":"https:\/\/www.europesays.com\/fr\/wp-json\/wp\/v2\/media?parent=370323"}],"wp:term":[{"taxonomy":"category","embeddable":true,"href":"https:\/\/www.europesays.com\/fr\/wp-json\/wp\/v2\/categories?post=370323"},{"taxonomy":"post_tag","embeddable":true,"href":"https:\/\/www.europesays.com\/fr\/wp-json\/wp\/v2\/tags?post=370323"}],"curies":[{"name":"wp","href":"https:\/\/api.w.org\/{rel}","templated":true}]}}