{"id":370325,"date":"2025-09-06T09:44:15","date_gmt":"2025-09-06T09:44:15","guid":{"rendered":"https:\/\/www.europesays.com\/fr\/370325\/"},"modified":"2025-09-06T09:44:15","modified_gmt":"2025-09-06T09:44:15","slug":"les-fans-sarrachent-les-vetements-du-vide-dressing-de-la-serie-hpi","status":"publish","type":"post","link":"https:\/\/www.europesays.com\/fr\/370325\/","title":{"rendered":"les fans s&rsquo;arrachent les v\u00eatements du vide-dressing de la s\u00e9rie HPI"},"content":{"rendered":"<p>            Par<br \/>\n        <strong><br \/>\n            <a href=\"https:\/\/actu.fr\/auteur\/hervine-mahaud\" title=\"Consulter tous les articles de Hervine Mahaud\" target=\"_blank\" rel=\"noopener\">Hervine Mahaud<\/a><br \/>\n        <\/strong><\/p>\n<p>        Publi\u00e9 le<\/p>\n<p>            6 sept. 2025 \u00e0 10h41        <\/p>\n<p>C\u2019est l\u2019un des stands \u00e0 ne pas louper \u00e0 la <a href=\"https:\/\/actu.fr\/tag\/braderie-de-lille\" target=\"_blank\" rel=\"noopener\">Braderie de Lille 2025<\/a> : celui du <b>vide-dressing<\/b> de la <b>s\u00e9rie HPI<\/b> organis\u00e9 par <b>TF1<\/b>. On peut y retrouver les <b>v\u00eatements<\/b>, <b>accessoires<\/b> et <b>objets de d\u00e9co iconiques<\/b> de la <b>s\u00e9rie t\u00e9l\u00e9<\/b>. Les b\u00e9n\u00e9fices seront revers\u00e9s \u00e0 la <b>Fondation des Femmes.\u00a0<\/b><\/p>\n<p>Un emplacement tenu secret, mais d\u00e9busqu\u00e9 avant l\u2019heure par les fans<\/p>\n<p class=\" wall-content\">L\u2019emplacement du stand \u00e9tait gard\u00e9 secret, avant d\u2019\u00eatre r\u00e9v\u00e9l\u00e9 sur les r\u00e9seaux sociaux de TF1 \u00e0 8h ce samedi. Mais les fans inconditionnels de Morgane Alvaro, l\u2019h\u00e9ro\u00efne de la s\u00e9rie HPI incarn\u00e9e par <b>Audrey Fleurot<\/b>, faisaient le pied de grue devant le chapiteau bleu, dress\u00e9 place Louise de Bettignies, d\u00e9j\u00e0 bien avant.<\/p>\n<p>    <img   decoding=\"async\" loading=\"lazy\" class=\"size-large\" src=\"https:\/\/www.europesays.com\/fr\/wp-content\/uploads\/2025\/09\/b75c8f52fbb862c5c8f52fbb8406c8v-960x640.jpg\" alt=\"Plus de 600 v\u00eatements sont mis en vente. Le r\u00e9assort est fait r\u00e9guli\u00e8rement par les organisateurs.\" width=\"960\" height=\"640\"\/><br \/>\n    Plus de 600 v\u00eatements sont mis en vente. Le r\u00e9assort est fait r\u00e9guli\u00e8rement par les organisateurs. \u00a9Hervine Mahaud<\/p>\n<p class=\" wall-content\">\u00ab\u00a0On a install\u00e9 le stand hier soir. Mais on devait garder le secret pour des questions de s\u00e9curit\u00e9 et \u00e9viter tout d\u00e9bordement. Les gens se sont vite dout\u00e9s que c\u2019\u00e9tait pour HPI et il y avait d\u00e9j\u00e0 la queue \u00e0 6h ce matin\u00a0\u00bb, confie la communication de TF1.<\/p>\n<p class=\" wall-content\">\u00c0 8h30, la file d\u2019attente s\u2019\u00e9tirait d\u00e9j\u00e0 sur plusieurs dizaines de m\u00e8tres, rassemblant les plus ferventes admiratrices de Morgane, affectueusement surnomm\u00e9es les \u00ab\u00a0Morganettes\u00a0\u00bb.<\/p>\n<p class=\" wall-content\">\u00ab\u00a0Elles nous suivent partout, \u00e0 tous les \u00e9v\u00e9nements. Gr\u00e2ce au vide-dressing, elles vont pouvoir emporter un souvenir de la s\u00e9rie (la derni\u00e8re saison est diffus\u00e9e actuellement, ndlr) et faire une bonne action !\u00a0\u00bb<\/p>\n<p>Plus de 600 v\u00eatements et accessoires vendus entre 5 et 15 \u20ac<\/p>\n<p class=\" wall-content\">Tout au long de ce week-end de bonnes affaires, les fans pourront retrouver plus de 600 v\u00eatements, des accessoires comme des sacs, des chaussures, des bijoux ainsi que des bibelots et autres \u00e9l\u00e9ments de d\u00e9co venus tout droit de l\u2019appartement de Morgane.<\/p>\n<p class=\" wall-content\">\u00ab\u00a0On fait un r\u00e9assort r\u00e9guli\u00e8rement et les achats sont limit\u00e9s \u00e0 deux articles par personne\u00a0\u00bb, nous indique-t-on. Une r\u00e8gle fix\u00e9e afin que chacun puisse se faire plaisir. C\u00f4t\u00e9 prix, les articles sont vendus \u00e0 prix ronds : 5, 10 et 15\u20ac.<\/p>\n<p>Votre r\u00e9gion, votre actu !<\/p>\n<p>Recevez chaque jour les infos qui comptent pour vous.<\/p>\n<p>\t<a href=\"https:\/\/actu.fr\/newsletter\" class=\"ac-btn ac-btn--corner ac-btn--medium ac-btn--blue800\" target=\"_blank\" rel=\"noopener\">S&rsquo;incrire<\/a><\/p>\n<p>    <img   decoding=\"async\" loading=\"lazy\" class=\"size-large\" src=\"https:\/\/www.europesays.com\/fr\/wp-content\/uploads\/2025\/09\/ea261f52fbb860f261f52fbb8f2361v-960x640.jpg\" alt=\"On peut m\u00eame acheter la d\u00e9co de l'appartement de Morgane.\" width=\"960\" height=\"640\"\/><br \/>\n    On peut m\u00eame acheter la d\u00e9co de l\u2019appartement de Morgane. \u00a9Hervine Mahaud<\/p>\n<p class=\" wall-content\">Mais les plus belles pi\u00e8ces, comme la doudoune violette d\u00e9dicac\u00e9e par Audrey Fleurot lors de l\u2019\u00e9mission Quotidien, sera \u00e0 remporter lors d\u2019une tombola. \u00ab\u00a0Il y aura 5 articles \u00e0 gagner par jour, le ticket est \u00e0 10 \u20ac.\u00a0\u00bb<\/p>\n<p>\u00ab\u00a0Je sais exactement dans quel \u00e9pisode elle a port\u00e9 ce top\u00a0\u00bb<\/p>\n<p class=\" wall-content\">Venue tout droit de Belgique, Jemina, 31 ans, est l\u2019une des \u00ab\u00a0Morganettes\u00a0\u00bb. Elle s\u2019est donn\u00e9e pour mission de trouver des articles pour compl\u00e9ter sa collection des tenues de l\u2019h\u00e9ro\u00efne haute en couleurs. \u00ab\u00a0Le top vert, je sais exactement dans quel \u00e9pisode elle l\u2019a port\u00e9e, j\u2019ai eu un flash en le voyant\u00a0\u00bb, raconte cette fan absolue.\u00a0<\/p>\n<p>    <img   decoding=\"async\" loading=\"lazy\" class=\"size-large\" src=\"https:\/\/www.europesays.com\/fr\/wp-content\/uploads\/2025\/09\/593e7f52fbb865d3e7f52fbb8314e7v-960x640.jpg\" alt=\"Djemila, fan inconditionnelle de la s\u00e9rie, a trouv\u00e9 des articles pour compl\u00e9ter ses tenues.\" width=\"960\" height=\"640\"\/><br \/>\n    Jemina, fan inconditionnelle de la s\u00e9rie, a trouv\u00e9 des articles pour compl\u00e9ter ses tenues. \u00a9Hervine Mahaud<\/p>\n<p class=\" wall-content\">B\u00e9atrice, 63 ans, tient quant \u00e0 elle 4 articles dans ses mains. \u00ab\u00a0Comme c\u2019est limit\u00e9 \u00e0 2 par personnes, j\u2019ai demand\u00e9 \u00e0 mon mari de me rejoindre dans la file d\u2019attente.\u00a0\u00bb Son but ? Trouver le fameux cache-oreilles pour sa petite-fille. \u00ab\u00a0Mais il n\u2019y \u00e9tait pas. J\u2019ai pris des vestes pour mes filles. Elles m\u2019ont laiss\u00e9 carte blanche, car elles veulent aussi soutenir l\u2019association.\u00a0\u00bb\u00a0<\/p>\n<p class=\" wall-content\">Apr\u00e8s ce vide-dressing exceptionnel, tous les b\u00e9n\u00e9fices seront en effet revers\u00e9s \u00e0 la Fondation des Femmes, une association qui vient en aide aux femmes victimes de violences et discriminations.<\/p>\n<p class=\" wall-content\">Personnalisez votre actualit\u00e9 en ajoutant vos villes et m\u00e9dias en favori avec <a href=\"https:\/\/moncompte.actu.fr\" title=\"D\u00e9couvez Mon Actu\" rel=\"nofollow noopener\" data-trk=\"{&quot;cta&quot;:{&quot;action&quot;:&quot;https:\\\/\\\/moncompte.actu.fr&quot;,&quot;category&quot;:&quot;mon compte&quot;,&quot;from&quot;:&quot;article footer&quot;,&quot;name&quot;:&quot;Mon actu&quot;,&quot;type&quot;:&quot;cta&quot;}}\" target=\"_blank\">Mon Actu<\/a>.<\/p>\n","protected":false},"excerpt":{"rendered":"Par Hervine Mahaud Publi\u00e9 le 6 sept. 2025 \u00e0 10h41 C\u2019est l\u2019un des stands \u00e0 ne pas louper&hellip;\n","protected":false},"author":2,"featured_media":370326,"comment_status":"","ping_status":"","sticky":false,"template":"","format":"standard","meta":{"footnotes":""},"categories":[2815],"tags":[1111,11,18703,1777,674,1011,27,811,1307,12,25,104,252],"class_list":{"0":"post-370325","1":"post","2":"type-post","3":"status-publish","4":"format-standard","5":"has-post-thumbnail","7":"category-lille","8":"tag-actu","9":"tag-actualites","10":"tag-braderie-de-lille","11":"tag-eu","12":"tag-europe","13":"tag-fr","14":"tag-france","15":"tag-hauts-de-france","16":"tag-lille","17":"tag-news","18":"tag-republique-francaise","19":"tag-societe","20":"tag-television"},"share_on_mastodon":{"url":"https:\/\/pubeurope.com\/@fr\/115156711181612608","error":""},"_links":{"self":[{"href":"https:\/\/www.europesays.com\/fr\/wp-json\/wp\/v2\/posts\/370325","targetHints":{"allow":["GET"]}}],"collection":[{"href":"https:\/\/www.europesays.com\/fr\/wp-json\/wp\/v2\/posts"}],"about":[{"href":"https:\/\/www.europesays.com\/fr\/wp-json\/wp\/v2\/types\/post"}],"author":[{"embeddable":true,"href":"https:\/\/www.europesays.com\/fr\/wp-json\/wp\/v2\/users\/2"}],"replies":[{"embeddable":true,"href":"https:\/\/www.europesays.com\/fr\/wp-json\/wp\/v2\/comments?post=370325"}],"version-history":[{"count":0,"href":"https:\/\/www.europesays.com\/fr\/wp-json\/wp\/v2\/posts\/370325\/revisions"}],"wp:featuredmedia":[{"embeddable":true,"href":"https:\/\/www.europesays.com\/fr\/wp-json\/wp\/v2\/media\/370326"}],"wp:attachment":[{"href":"https:\/\/www.europesays.com\/fr\/wp-json\/wp\/v2\/media?parent=370325"}],"wp:term":[{"taxonomy":"category","embeddable":true,"href":"https:\/\/www.europesays.com\/fr\/wp-json\/wp\/v2\/categories?post=370325"},{"taxonomy":"post_tag","embeddable":true,"href":"https:\/\/www.europesays.com\/fr\/wp-json\/wp\/v2\/tags?post=370325"}],"curies":[{"name":"wp","href":"https:\/\/api.w.org\/{rel}","templated":true}]}}