{"id":370327,"date":"2025-09-06T09:45:11","date_gmt":"2025-09-06T09:45:11","guid":{"rendered":"https:\/\/www.europesays.com\/fr\/370327\/"},"modified":"2025-09-06T09:45:11","modified_gmt":"2025-09-06T09:45:11","slug":"voici-a-quels-prix-sont-vendues-les-moules-frites-dans-les-restaurants","status":"publish","type":"post","link":"https:\/\/www.europesays.com\/fr\/370327\/","title":{"rendered":"voici \u00e0 quels prix sont vendues les moules-frites dans les restaurants"},"content":{"rendered":"<p>            Par<br \/>\n        <strong><br \/>\n            <a href=\"https:\/\/actu.fr\/auteur\/hervine-mahaud\" title=\"Consulter tous les articles de Hervine Mahaud\" target=\"_blank\" rel=\"noopener\">Hervine Mahaud<\/a><br \/>\n        <\/strong><\/p>\n<p>        Publi\u00e9 le<\/p>\n<p>            6 sept. 2025 \u00e0 11h40        <\/p>\n<p>C\u2019est LE plat incontournable de la <a href=\"https:\/\/actu.fr\/tag\/braderie-de-lille\" target=\"_blank\" rel=\"noopener\">Braderie de Lille<\/a>, le plus appr\u00e9ci\u00e9 et le plus consomm\u00e9. Les <b>fameuses moules-frites<\/b> ! Tout au long du week-end, les <b>restaurateurs<\/b> proposeront leurs cocottes noires avec <b>diff\u00e9rentes recettes<\/b>,\u00a0de la plus simple et<b>\u00a0la moins ch\u00e8re\u00a0<\/b>\u00e0 la plus \u00e9tonnante. Mais \u00e0 <b>quels prix<\/b>\u00a0faut-il s\u2019attendre pour l\u2019\u00e9dition 2025 de la\u00a0<b>Braderie<\/b> ? De <b>Rihour<\/b> \u00e0 la <b>Grand Place<\/b>, en passant par la <b>rue de Gand<\/b>, nous avons fait le tour des <b>restaurants, bistrots et estaminets<\/b>\u00a0pour conna\u00eetre <a href=\"https:\/\/actu.fr\/hauts-de-france\/lille_59350\/quels-prix-pour-les-moules-frites-de-la-braderie-de-lille-les-restaurants-devoilent-leurs-tarifs_63112261.html\" target=\"_blank\" rel=\"noopener\">les tarifs pratiqu\u00e9s par les professionnels de la restauration<\/a>. D\u00e9couvrez-les dans notre liste (non exhaustive) ci-dessous ainsi que les <b>adresses<\/b> pour se les procurer.<\/p>\n<p>\u00c0 partir de 11,90 \u20ac et jusqu\u2019\u00e0 22 \u20ac<\/p>\n<p class=\" wall-content\"><b>Grand Place :\u00a0<\/b><\/p>\n<ul class=\" wall-content\">\n<li><b>Bibi\u2019s Caf\u00e9<\/b>\u00a0: moules marini\u00e8res 16,50 \u20ac, cr\u00e8me 18 \u20ac, chorizo ou maroilles 19 \u20ac.<\/li>\n<li><b>Coucou <\/b>: moules marini\u00e8res 15,90 \u20ac, cr\u00e8me, maroilles ou catalane 16,90 \u20ac.<\/li>\n<li><b>La Place<\/b> : moules marini\u00e8res, cr\u00e8me, cr\u00e8me d\u2019ail ou maroilles 16,90 \u20ac.<\/li>\n<li><b>La Houblonni\u00e8re<\/b> : moules marini\u00e8res 17,50 \u20ac, cr\u00e8me et ciboulette 17,80 \u20ac, maroilles 18,50 \u20ac.<\/li>\n<li><b>Le Petit Bouillon Alcide<\/b>, 5 Rue des D\u00e9bris Saint-Etienne : moules marini\u00e8res ou maroilles 11,90 \u20ac.<\/li>\n<\/ul>\n<p class=\" wall-content\"><b>Rihour :<\/b><\/p>\n<ul class=\" wall-content\">\n<li><b>La Chicor\u00e9e<\/b>, 15 Place de Rihour : moules natures 16,90 \u20ac, marini\u00e8res 17,50 \u20ac, cr\u00e8me, maroilles ou cr\u00e8me d\u2019ail 18,90 \u20ac.<\/li>\n<li><b>Paloma<\/b>, 9 Place Rihour : moules marini\u00e8res 15,90 \u20ac, cr\u00e8me, maroilles ou catalane 16,90 \u20ac.<\/li>\n<li><b>Peacock<\/b>, 14 Place Rihour : moules marini\u00e8res 15,90 \u20ac, cr\u00e8me, maroilles ou catalane 16,90 \u20ac.<\/li>\n<li><b>Le Convive<\/b>, 18 Place Rihour : moules marini\u00e8res 16,90 \u20ac, \u00e0 la cr\u00e8me de lard fum\u00e9 18,90 \u20ac.<\/li>\n<li><b>Aux Moules<\/b>, 11 Place Rihour : moules natures 16,90 \u20ac, marini\u00e8res 17,90 \u20ac, cr\u00e8me 18,90 \u20ac, maroilles, chorizo ou cr\u00e8me d\u2019ail 19,90 \u20ac, ch\u00e8vre et basilic 21,90 \u20ac.<\/li>\n<li><b>L\u2019Abbaye<\/b>, 1 Place Rihour : moules marini\u00e8res 20,10 \u20ac, cr\u00e8me 20,60 \u20ac, maroilles 21,70 \u20ac.<\/li>\n<li><b>Le Lys<\/b>, 1 Place du G\u00e9n\u00e9ral de Gaulle : moules natures, marini\u00e8res, cr\u00e8me, maroilles ou cr\u00e8me d\u2019ail 17,90 \u20ac.<\/li>\n<\/ul>\n<p class=\" wall-content\"><b>Rue de Gand :<\/b><\/p>\n<ul class=\" wall-content\">\n<li><b>Brasserie Dufour<\/b>, 2 Place de Gand : moules AOP du Mont-Saint-Michel \u00e0 la marini\u00e8re et frites au gras de b\u0153uf 16,50 \u20ac.<\/li>\n<li><b>Chez Ronny<\/b>, 80 Rue de Gand : moules marini\u00e8res \u00e0 partir de 14 \u20ac.<\/li>\n<li><b>Chez Raoul<\/b>, 56 Rue de Gand : moules marini\u00e8res \u00e0 partir de 14 \u20ac.<\/li>\n<li><b>Yaya<\/b>, 92 Rue de Gand : mouclade et frites \u00e0 15 \u20ac.<\/li>\n<li><b>La Connivence<\/b>, 32 Rue de Gand : 16,90 \u20ac.<\/li>\n<li><b>T Rijsel<\/b>, \u00a025 Rue de Gand : 16,90 \u20ac.<\/li>\n<li><b>Le Bistrot Lillois<\/b>, 40 Rue de Gand : 16,90 \u20ac.<\/li>\n<li><b>Au Soyeux<\/b>, 48 Rue de Gand : 16,90 \u20ac.<\/li>\n<li><b>Daikanyama<\/b>, 50 Rue de Gand : entre 13,90 et 15,90 \u20ac.<\/li>\n<li><b>Chez la Vieille<\/b>, 60 Rue de Gand : entre 14,90 et 15,90 \u20ac.<\/li>\n<li><b>Estaminet du Welsh<\/b>, 45 Rue de Gand : entre 14,90 et 15,90 \u20ac.<\/li>\n<li><b>Tripletta<\/b>, 43 Rue de Gand : 15 \u20ac.<\/li>\n<li><b>Les Ptiots<\/b>, 35 Rue de Gand : entre 14,90 et 16,90 \u20ac.<\/li>\n<\/ul>\n<p class=\" wall-content\"><b>Centre :<\/b><\/p>\n<ul class=\" wall-content\">\n<li><b>Caf\u00e9 Lovster<\/b>, 3\/3bis Boulevard Carnot : moules marini\u00e8res 16 \u20ac, proven\u00e7ales 17 \u20ac, maroilles 18 \u20ac.\u00a0<\/li>\n<li><b>Le Culot<\/b>, 2 Square Morisson : moules marini\u00e8res ou maroilles 15 \u20ac.<\/li>\n<li><b>Square Caf\u00e9<\/b>, \u00a08 Square Morisson : moules marini\u00e8res 15 \u20ac, \u00e0 la cr\u00e8me 16 \u20ac, au maroilles 18 \u20ac.<\/li>\n<li><b>Babe<\/b>, 48 Rue de l\u2019H\u00f4pital Militaire : moules marini\u00e8res 16,50 \u20ac, chorizo 17 \u20ac, maroilles 18 \u20ac.<\/li>\n<\/ul>\n<p class=\" wall-content\"><b>Vieux-Lille :\u00a0<\/b><\/p>\n<ul class=\" wall-content\">\n<li><b>Le Braque<\/b>, 45\/47 Rue de la Monnaie : moules marini\u00e8res 19 \u20ac, maroilles, spicy tomato, ail d\u2019Arleux, cr\u00e8me double ou au Pastis 22 \u20ac.<\/li>\n<li><b>La Cour de la Ch\u2019tite Brigitte<\/b>, 61 Rue de la Monnaie : moules marini\u00e8res 17 \u20ac, \u00e0 la cr\u00e8me 18 \u20ac, gorgonzola ou maroilles 20 \u20ac.<\/li>\n<li><b>Le Barbier qui Fume<\/b>, 69 Rue de la Monnaie : moules marini\u00e8res 16,90 \u20ac, \u00e0 la cr\u00e8me de lard fum\u00e9 18,90 \u20ac.<\/li>\n<li><b>Fada<\/b>, 10 Rue de Pas : moules marini\u00e8res 15 \u20ac, maroilles 16 \u20ac et safran 17 \u20ac.<\/li>\n<li><b>Smokey Banh Mi<\/b>, 8 Avenue du Peuple Belge : moules marini\u00e8res, cr\u00e8me ou curry 16 \u20ac.<\/li>\n<\/ul>\n<p class=\" wall-content\"><b>Wazemmes :<\/b><\/p>\n<ul class=\" wall-content\">\n<li><b>Boudabar Bu<\/b>, 212 Bis Rue Colbert : moules au basilic tha\u00ef 18 \u20ac, au curry rouge ou au gingembre 19 \u20ac.<\/li>\n<li><b>La Crini\u00e8re<\/b>, 14 Place Philippe de Girard : moules de Bouchot du Mont-Saint-Michel marini\u00e8res 18 \u20ac, \u00e0 la cr\u00e8me 19 \u20ac, maroilles ou chorizo 20 \u20ac.<\/li>\n<\/ul>\n<p class=\" wall-content\"><b>JB Lebas :<\/b><\/p>\n<ul class=\" wall-content\">\n<li><b>Britney<\/b>, 21 Boulevard Jean-Baptiste Lebas : moules marini\u00e8res 16,50 \u20ac, curry 17 \u20ac, gorgonzola 18 \u20ac.<\/li>\n<li><b>Mother<\/b>, 29 Boulevard Jean-Baptiste Lebas : marini\u00e8res 16,50 \u20ac, curry 17 \u20ac, maroilles 18 \u20ac.<\/li>\n<li><b>Tummy<\/b>, 27 Boulevard Jean-Baptiste Lebas : moules marini\u00e8res 16 \u20ac, cr\u00e8me \u00e0 l\u2019ail 16,50 \u20ac, maroilles 17 \u20ac.<\/li>\n<li><b>Caf\u00e9 Bazaar<\/b>, 292 Rue Camille Gu\u00e9rin : moules marini\u00e8res 15\u20ac, cr\u00e8me \u00e0 l\u2019ail 15,50 \u20ac, maroilles 16,50 \u20ac.<\/li>\n<\/ul>\n<p>Votre r\u00e9gion, votre actu !<\/p>\n<p>Recevez chaque jour les infos qui comptent pour vous.<\/p>\n<p>\t<a href=\"https:\/\/actu.fr\/newsletter\" class=\"ac-btn ac-btn--corner ac-btn--medium ac-btn--blue800\" target=\"_blank\" rel=\"noopener\">S&rsquo;incrire<\/a><\/p>\n<p class=\" wall-content\"><b>Ailleurs \u00e0 Lille :\u00a0<\/b><\/p>\n<ul class=\" wall-content\">\n<li><b>La Part du Lion<\/b>, 1 Boulevard Vauban : moules marini\u00e8res 16 \u20ac, \u00e0 la cr\u00e8me 17 \u20ac, moules de la cheffe recette spicy 17 \u20ac.<\/li>\n<li><b>Mama Shelter<\/b>, 97 Place Saint-Hubert : moules marini\u00e8res 16 \u20ac, chorizo ou maroilles 18 \u20ac.<\/li>\n<li><b>La Ducasse<\/b>, 95 Rue Solf\u00e9rino : moules marini\u00e8res 15 \u20ac.<\/li>\n<li><b>Au 1er Mai<\/b>, 82 Quai de l\u2019Ouest : moules marini\u00e8res \u00e0 16 \u20ac, ail, maroilles ou chorizo \u00e0 17 \u20ac.<\/li>\n<\/ul>\n<p class=\" wall-content\"><b>Ailleurs dans la m\u00e9tropole de Lille :<\/b><\/p>\n<ul class=\" wall-content\">\n<li><b>Bouillon Pignol<\/b>, 25 Rue Paul Dubrule \u00e0 Lesquin : moules marini\u00e8res 12,90 \u20ac, maroilles ou cr\u00e8me 13,90 \u20ac.<\/li>\n<li><b>Estaminet de la Ferme aux Oies<\/b>, 101 Rue Pav\u00e9 Strat\u00e9gique \u00e0 Marcq-en-Bar\u0153ul : moules marini\u00e8res 16 \u20ac, au maroilles \u00e0 17 \u20ac.<\/li>\n<li><b>Bistrot 235<\/b>, 235 Avenue de l\u2019Hippodrome \u00e0 Lambersart : moules de Bouchot du Mont-Saint-Michel 17,90 \u20ac. Moules marini\u00e8res et frites \u00e0 emporter 13,90 \u20ac. Suppl\u00e9ment maroilles ou persillade : 2 \u20ac.<\/li>\n<li><b>Bistrot Two D<\/b>, 1 Rue de Wambrechies \u00e0 Marquette-lez-Lille : moules de Bouchot du Mont-Saint-Michel 17,90 \u20ac.<\/li>\n<\/ul>\n<p class=\" wall-content\">Personnalisez votre actualit\u00e9 en ajoutant vos villes et m\u00e9dias en favori avec <a href=\"https:\/\/moncompte.actu.fr\" title=\"D\u00e9couvez Mon Actu\" rel=\"nofollow noopener\" data-trk=\"{&quot;cta&quot;:{&quot;action&quot;:&quot;https:\\\/\\\/moncompte.actu.fr&quot;,&quot;category&quot;:&quot;mon compte&quot;,&quot;from&quot;:&quot;article footer&quot;,&quot;name&quot;:&quot;Mon actu&quot;,&quot;type&quot;:&quot;cta&quot;}}\" target=\"_blank\">Mon Actu<\/a>.<\/p>\n","protected":false},"excerpt":{"rendered":"Par Hervine Mahaud Publi\u00e9 le 6 sept. 2025 \u00e0 11h40 C\u2019est LE plat incontournable de la Braderie de&hellip;\n","protected":false},"author":2,"featured_media":370328,"comment_status":"","ping_status":"","sticky":false,"template":"","format":"standard","meta":{"footnotes":""},"categories":[2815],"tags":[1111,11,18703,33,1777,674,1011,27,811,1307,35594,12,25,1340],"class_list":{"0":"post-370327","1":"post","2":"type-post","3":"status-publish","4":"format-standard","5":"has-post-thumbnail","7":"category-lille","8":"tag-actu","9":"tag-actualites","10":"tag-braderie-de-lille","11":"tag-economie","12":"tag-eu","13":"tag-europe","14":"tag-fr","15":"tag-france","16":"tag-hauts-de-france","17":"tag-lille","18":"tag-moules","19":"tag-news","20":"tag-republique-francaise","21":"tag-restaurant"},"share_on_mastodon":{"url":"https:\/\/pubeurope.com\/@fr\/115156715161799062","error":""},"_links":{"self":[{"href":"https:\/\/www.europesays.com\/fr\/wp-json\/wp\/v2\/posts\/370327","targetHints":{"allow":["GET"]}}],"collection":[{"href":"https:\/\/www.europesays.com\/fr\/wp-json\/wp\/v2\/posts"}],"about":[{"href":"https:\/\/www.europesays.com\/fr\/wp-json\/wp\/v2\/types\/post"}],"author":[{"embeddable":true,"href":"https:\/\/www.europesays.com\/fr\/wp-json\/wp\/v2\/users\/2"}],"replies":[{"embeddable":true,"href":"https:\/\/www.europesays.com\/fr\/wp-json\/wp\/v2\/comments?post=370327"}],"version-history":[{"count":0,"href":"https:\/\/www.europesays.com\/fr\/wp-json\/wp\/v2\/posts\/370327\/revisions"}],"wp:featuredmedia":[{"embeddable":true,"href":"https:\/\/www.europesays.com\/fr\/wp-json\/wp\/v2\/media\/370328"}],"wp:attachment":[{"href":"https:\/\/www.europesays.com\/fr\/wp-json\/wp\/v2\/media?parent=370327"}],"wp:term":[{"taxonomy":"category","embeddable":true,"href":"https:\/\/www.europesays.com\/fr\/wp-json\/wp\/v2\/categories?post=370327"},{"taxonomy":"post_tag","embeddable":true,"href":"https:\/\/www.europesays.com\/fr\/wp-json\/wp\/v2\/tags?post=370327"}],"curies":[{"name":"wp","href":"https:\/\/api.w.org\/{rel}","templated":true}]}}