{"id":370332,"date":"2025-09-06T09:48:13","date_gmt":"2025-09-06T09:48:13","guid":{"rendered":"https:\/\/www.europesays.com\/fr\/370332\/"},"modified":"2025-09-06T09:48:13","modified_gmt":"2025-09-06T09:48:13","slug":"pres-de-lyon-on-sait-exactement-ou-va-ouvrir-la-prochaine-boutique-pralus","status":"publish","type":"post","link":"https:\/\/www.europesays.com\/fr\/370332\/","title":{"rendered":"Pr\u00e8s de Lyon : on sait exactement o\u00f9 va ouvrir la prochaine boutique Pralus\u00a0"},"content":{"rendered":"<p>Le c\u00e9l\u00e8bre chocolatier Pralus va ouvrir une nouvelle boutique \u00e0 Villeurbanne, probablement avant fin 2025. L&rsquo;enseigne roannaise s&rsquo;installera<\/p>\n<p>Apr\u00e8s <a class=\"url\" href=\"https:\/\/www.radioscoop.com\/infos\/pralus-ouvre-une-nouvelle-boutique-a-lyon_333771\" target=\"_blank\" rel=\"nofollow noopener\">la derni\u00e8re toute nouvelle boutique<\/a> qui a ouvert cours Vuitton, dans le 6e arrondissement de Lyon cet \u00e9t\u00e9, <b>Pralus<\/b> va bel et bien poser ses valises \u00e0 <b>Villeurbanne<\/b>.<\/p>\n<p>Le c\u00e9l\u00e8bre chocolatier roannais, connu pour sa praluline, avait d\u00e9j\u00e0 annonc\u00e9 sa nouvelle boutique villeurbannaise. Mais on conna\u00eet d\u00e9sormais le lieu exact de son ouverture.<\/p>\n<p>Pralus \u00e0 Villeurbanne en 2025 ?<\/p>\n<p>Selon <a class=\"url\" href=\"https:\/\/tribunedelyon.fr\/restaurants-gastronomie\/villeurbanne-pralus-arrive-on-sait-ou-et-quand\/\" target=\"_blank\" rel=\"nofollow noopener\">Tribune de Lyon<\/a>, Pralus ouvrira ses portes <b>avenue Henri Barbusse<\/b>, entre la mairie de Villeurbanne et le cours \u00c9mile Zola.<\/p>\n<p>La boutique prendra la place de l&rsquo;enseigne de v\u00eatements <b>Caroll<\/b> qui a d\u00e9m\u00e9nag\u00e9 dans les anciens locaux de Naf Naf, \u00e0 seulement quelques m\u00e8tres.<\/p>\n<p>Ce nouveau Pralus villeurbannais b\u00e9n\u00e9ficiera \u00e9galement d&rsquo;un laboratoire de fabrication sur place.<\/p>\n<p><b>D\u00e9but des travaux pr\u00e9vu officiellement lundi 8 septembre<\/b>, avec une ouverture peut-\u00eatre avant la fin de l&rsquo;ann\u00e9e 2025.<\/p>\n<p><img loading=\"lazy\" decoding=\"async\" src=\"https:\/\/www.europesays.com\/fr\/wp-content\/uploads\/2025\/09\/1757152093_377_img\" width=\"350\" height=\"200\" border=\"0\" title=\"Le g\u00c3\u00a2teau \" le=\"\" pr=\"\" a=\"\" confectionn=\"\" pour=\"\" la=\"\" remise=\"\" de=\"\" l=\"\" d=\"\" paul=\"\" bocuse=\"\" en=\"\"\/><\/p>\n<p>\u25baConso<\/p>\n<p style=\"font-size: 22px;\"><b>Ce g\u00e2teau lyonnais mythique, cr\u00e9\u00e9 pour Paul Bocuse, f\u00eate ses 50 ans<\/b><\/p>\n<p>La Maison Bernachon, c\u00e9l\u00e8bre chocolatier bas\u00e9&#8230;<\/p>\n<p><\/p>\n","protected":false},"excerpt":{"rendered":"Le c\u00e9l\u00e8bre chocolatier Pralus va ouvrir une nouvelle boutique \u00e0 Villeurbanne, probablement avant fin 2025. L&rsquo;enseigne roannaise s&rsquo;installera&hellip;\n","protected":false},"author":2,"featured_media":370333,"comment_status":"","ping_status":"","sticky":false,"template":"","format":"standard","meta":{"footnotes":""},"categories":[1889],"tags":[1111,11,2430,7334,1777,674,1011,27,2428,12,50461,29201,25,6345],"class_list":{"0":"post-370332","1":"post","2":"type-post","3":"status-publish","4":"format-standard","5":"has-post-thumbnail","7":"category-lyon","8":"tag-actu","9":"tag-actualites","10":"tag-auvergne-rhone-alpes","11":"tag-chocolat","12":"tag-eu","13":"tag-europe","14":"tag-fr","15":"tag-france","16":"tag-lyon","17":"tag-news","18":"tag-praluline","19":"tag-pralus","20":"tag-republique-francaise","21":"tag-villeurbanne"},"share_on_mastodon":{"url":"https:\/\/pubeurope.com\/@fr\/115156726999159778","error":""},"_links":{"self":[{"href":"https:\/\/www.europesays.com\/fr\/wp-json\/wp\/v2\/posts\/370332","targetHints":{"allow":["GET"]}}],"collection":[{"href":"https:\/\/www.europesays.com\/fr\/wp-json\/wp\/v2\/posts"}],"about":[{"href":"https:\/\/www.europesays.com\/fr\/wp-json\/wp\/v2\/types\/post"}],"author":[{"embeddable":true,"href":"https:\/\/www.europesays.com\/fr\/wp-json\/wp\/v2\/users\/2"}],"replies":[{"embeddable":true,"href":"https:\/\/www.europesays.com\/fr\/wp-json\/wp\/v2\/comments?post=370332"}],"version-history":[{"count":0,"href":"https:\/\/www.europesays.com\/fr\/wp-json\/wp\/v2\/posts\/370332\/revisions"}],"wp:featuredmedia":[{"embeddable":true,"href":"https:\/\/www.europesays.com\/fr\/wp-json\/wp\/v2\/media\/370333"}],"wp:attachment":[{"href":"https:\/\/www.europesays.com\/fr\/wp-json\/wp\/v2\/media?parent=370332"}],"wp:term":[{"taxonomy":"category","embeddable":true,"href":"https:\/\/www.europesays.com\/fr\/wp-json\/wp\/v2\/categories?post=370332"},{"taxonomy":"post_tag","embeddable":true,"href":"https:\/\/www.europesays.com\/fr\/wp-json\/wp\/v2\/tags?post=370332"}],"curies":[{"name":"wp","href":"https:\/\/api.w.org\/{rel}","templated":true}]}}