{"id":370334,"date":"2025-09-06T09:49:12","date_gmt":"2025-09-06T09:49:12","guid":{"rendered":"https:\/\/www.europesays.com\/fr\/370334\/"},"modified":"2025-09-06T09:49:12","modified_gmt":"2025-09-06T09:49:12","slug":"a-chaque-fois-cest-le-meme-bruit-sourd","status":"publish","type":"post","link":"https:\/\/www.europesays.com\/fr\/370334\/","title":{"rendered":"\u00ab \u00c0 chaque fois c\u2019est le m\u00eame bruit sourd \u00bb"},"content":{"rendered":"<p>2,60 m\u00e8tres. C\u2019est la hauteur \u00e0 ne pas d\u00e9passer pour traverser la tr\u00e9mie de <a href=\"https:\/\/www.leprogres.fr\/p\/part-dieu-lyon\" target=\"_blank\" rel=\"noopener\">la Part-Dieu<\/a>, situ\u00e9e rue de Villette (Lyon 3e). Ce vendredi 5\u00a0septembre, un automobiliste a eu une tr\u00e8s mauvaise surprise en encastrant son camion aux alentours de 21\u00a0heures.<\/p>\n<p>Fr\u00e9d\u00e9ric Maire habite \u00e0 deux pas de ce lieu accidentog\u00e8ne, il nous raconte que les chocs se produisent fr\u00e9quemment\u00a0: \u00ab\u00a0\u00c0 chaque fois c\u2019est le m\u00eame bruit sourd quand \u00e7a tape, on le reconna\u00eet facilement maintenant.\u00a0\u00bb<\/p>\n<p>  Un probl\u00e8me r\u00e9current<\/p>\n<p>Ce bruit singulier, il l\u2019a entendu hier soir, \u00e0 20\u00a0h\u00a050, alors qu\u2019il \u00e9tait tranquillement chez lui. Cet habitant de l\u2019avenue Georges-Pompidou d\u00e9cide alors de prendre une photo pour parler de \u00ab\u00a0ce probl\u00e8me r\u00e9current\u00a0\u00bb, \u00e0 notre journal. \u00ab\u00a0Le souci, c\u2019est que l\u2019ouvrage se fragilise, d\u2019autant plus que les camions se prennent la tr\u00e9mie presque toujours dans le m\u00eame sens, du sud vers le nord\u00a0\u00bb, pr\u00e9cise Fr\u00e9d\u00e9ric Maire.<\/p>\n<p>  \u00ab\u00a0Heureusement qu\u2019il n\u2019y avait personne derri\u00e8re\u00a0\u00bb<\/p>\n<p>Sur cet incident, le mal n\u2019est que mat\u00e9riel, \u00ab\u00a0heureusement qu\u2019il n\u2019y avait personne derri\u00e8re, sinon\u2026\u00a0\u00bb Le riverain a pr\u00e9venu plusieurs fois la M\u00e9tropole de Lyon via des messages sur les r\u00e9seaux sociaux. Selon ces derniers, cet axe, bien emprunt\u00e9, enregistre chaque ann\u00e9e le passage d\u2019environ 10 v\u00e9hicules hors gabarit.\ufeff<\/p>\n<p><a href=\"https:\/\/www.leprogres.fr\/transport\/2025\/08\/22\/un-camion-s-encastre-sous-la-tremie-de-la-part-dieu-un-de-plus\" target=\"_blank\" rel=\"noopener\">Le 22\u00a0ao\u00fbt dernier<\/a> , on vous racontait un choc tr\u00e9mie-camion similaire. Alors, est-ce un probl\u00e8me de signalisation, une n\u00e9gligence des conducteurs, une hauteur insuffisante\u00a0? S\u00fbrement un mix des trois. \u00ab\u00a0Ce sont tr\u00e8s souvent des v\u00e9hicules de location qui sont concern\u00e9s\u00a0\u00bb, conc\u00e8de Fr\u00e9d\u00e9ric Maire. N\u00e9anmoins, ce nouvel accident confirme que l\u2019ouvrage n\u2019a pas fini de faire parler de lui.<\/p>\n","protected":false},"excerpt":{"rendered":"2,60 m\u00e8tres. C\u2019est la hauteur \u00e0 ne pas d\u00e9passer pour traverser la tr\u00e9mie de la Part-Dieu, situ\u00e9e rue&hellip;\n","protected":false},"author":2,"featured_media":370335,"comment_status":"","ping_status":"","sticky":false,"template":"","format":"standard","meta":{"footnotes":""},"categories":[1889],"tags":[119,1111,11,2430,3542,2757,1777,674,274,107,1011,27,2428,4751,4750,12,25,2429,2803],"class_list":{"0":"post-370334","1":"post","2":"type-post","3":"status-publish","4":"format-standard","5":"has-post-thumbnail","7":"category-lyon","8":"tag-accident","9":"tag-actu","10":"tag-actualites","11":"tag-auvergne-rhone-alpes","12":"tag-circulation","13":"tag-edition-lyon-villeurbanne","14":"tag-eu","15":"tag-europe","16":"tag-faits-divers-justice","17":"tag-fil-info","18":"tag-fr","19":"tag-france","20":"tag-lyon","21":"tag-lyon-3e","22":"tag-lyon-3e-arrondissement","23":"tag-news","24":"tag-republique-francaise","25":"tag-rhone","26":"tag-transport"},"share_on_mastodon":{"url":"https:\/\/pubeurope.com\/@fr\/115156730679414366","error":""},"_links":{"self":[{"href":"https:\/\/www.europesays.com\/fr\/wp-json\/wp\/v2\/posts\/370334","targetHints":{"allow":["GET"]}}],"collection":[{"href":"https:\/\/www.europesays.com\/fr\/wp-json\/wp\/v2\/posts"}],"about":[{"href":"https:\/\/www.europesays.com\/fr\/wp-json\/wp\/v2\/types\/post"}],"author":[{"embeddable":true,"href":"https:\/\/www.europesays.com\/fr\/wp-json\/wp\/v2\/users\/2"}],"replies":[{"embeddable":true,"href":"https:\/\/www.europesays.com\/fr\/wp-json\/wp\/v2\/comments?post=370334"}],"version-history":[{"count":0,"href":"https:\/\/www.europesays.com\/fr\/wp-json\/wp\/v2\/posts\/370334\/revisions"}],"wp:featuredmedia":[{"embeddable":true,"href":"https:\/\/www.europesays.com\/fr\/wp-json\/wp\/v2\/media\/370335"}],"wp:attachment":[{"href":"https:\/\/www.europesays.com\/fr\/wp-json\/wp\/v2\/media?parent=370334"}],"wp:term":[{"taxonomy":"category","embeddable":true,"href":"https:\/\/www.europesays.com\/fr\/wp-json\/wp\/v2\/categories?post=370334"},{"taxonomy":"post_tag","embeddable":true,"href":"https:\/\/www.europesays.com\/fr\/wp-json\/wp\/v2\/tags?post=370334"}],"curies":[{"name":"wp","href":"https:\/\/api.w.org\/{rel}","templated":true}]}}