{"id":370336,"date":"2025-09-06T09:51:10","date_gmt":"2025-09-06T09:51:10","guid":{"rendered":"https:\/\/www.europesays.com\/fr\/370336\/"},"modified":"2025-09-06T09:51:10","modified_gmt":"2025-09-06T09:51:10","slug":"ile-de-france-trois-voleurs-de-toyota-rav-4-face-aux-galeres-de-leurs-victimes","status":"publish","type":"post","link":"https:\/\/www.europesays.com\/fr\/370336\/","title":{"rendered":"Ile-de-France\u00a0: trois voleurs de Toyota Rav 4 face aux gal\u00e8res de leurs victimes"},"content":{"rendered":"<p class=\"paragraph text_align_left lp-f-body-02\">Un vol de voiture, c\u2019est tout sauf anodin. M\u00eame quand on la retrouve. Pour preuve : la gal\u00e8re dans laquelle se retrouve ce propri\u00e9taire d\u2019un Toyota Rav 4, d\u00e9rob\u00e9 \u00e0 Eragny (Val-d\u2019Oise) le 24 f\u00e9vrier dernier et retrouv\u00e9 \u00e0 Chilly-Mazarin (Essonne) deux jours plus tard.<\/p>\n<p class=\"paragraph text_align_left lp-f-body-02\">Le v\u00e9hicule avait \u00e9t\u00e9 d\u00e9couvert avec la porti\u00e8re avant-gauche d\u00e9grad\u00e9e et le pare-chocs d\u00e9fonc\u00e9. \u00ab Mon client doit payer une franchise de 2000 euros pour effectuer les r\u00e9parations. Mais il ne peut pas car il vient de perdre son emploi. Aujourd\u2019hui, il roule avec une voiture d\u00e9fonc\u00e9e. M\u00eame l\u2019int\u00e9rieur a \u00e9t\u00e9 endommag\u00e9 \u00bb, a plaid\u00e9 Me Carine Chevalier-Kasprzak devant le tribunal correctionnel de Meaux, vendredi.<\/p>\n","protected":false},"excerpt":{"rendered":"Un vol de voiture, c\u2019est tout sauf anodin. M\u00eame quand on la retrouve. Pour preuve : la gal\u00e8re&hellip;\n","protected":false},"author":2,"featured_media":370337,"comment_status":"","ping_status":"","sticky":false,"template":"","format":"standard","meta":{"footnotes":""},"categories":[1592],"tags":[1111,11,1777,674,1011,27,662,1944,12,626,25,1937],"class_list":{"0":"post-370336","1":"post","2":"type-post","3":"status-publish","4":"format-standard","5":"has-post-thumbnail","7":"category-ile-de-france","8":"tag-actu","9":"tag-actualites","10":"tag-eu","11":"tag-europe","12":"tag-fr","13":"tag-france","14":"tag-ile-de-france","15":"tag-ma-ville","16":"tag-news","17":"tag-paris","18":"tag-republique-francaise","19":"tag-seine-et-marne"},"share_on_mastodon":{"url":"https:\/\/pubeurope.com\/@fr\/115156738663035019","error":""},"_links":{"self":[{"href":"https:\/\/www.europesays.com\/fr\/wp-json\/wp\/v2\/posts\/370336","targetHints":{"allow":["GET"]}}],"collection":[{"href":"https:\/\/www.europesays.com\/fr\/wp-json\/wp\/v2\/posts"}],"about":[{"href":"https:\/\/www.europesays.com\/fr\/wp-json\/wp\/v2\/types\/post"}],"author":[{"embeddable":true,"href":"https:\/\/www.europesays.com\/fr\/wp-json\/wp\/v2\/users\/2"}],"replies":[{"embeddable":true,"href":"https:\/\/www.europesays.com\/fr\/wp-json\/wp\/v2\/comments?post=370336"}],"version-history":[{"count":0,"href":"https:\/\/www.europesays.com\/fr\/wp-json\/wp\/v2\/posts\/370336\/revisions"}],"wp:featuredmedia":[{"embeddable":true,"href":"https:\/\/www.europesays.com\/fr\/wp-json\/wp\/v2\/media\/370337"}],"wp:attachment":[{"href":"https:\/\/www.europesays.com\/fr\/wp-json\/wp\/v2\/media?parent=370336"}],"wp:term":[{"taxonomy":"category","embeddable":true,"href":"https:\/\/www.europesays.com\/fr\/wp-json\/wp\/v2\/categories?post=370336"},{"taxonomy":"post_tag","embeddable":true,"href":"https:\/\/www.europesays.com\/fr\/wp-json\/wp\/v2\/tags?post=370336"}],"curies":[{"name":"wp","href":"https:\/\/api.w.org\/{rel}","templated":true}]}}