{"id":370345,"date":"2025-09-06T09:56:15","date_gmt":"2025-09-06T09:56:15","guid":{"rendered":"https:\/\/www.europesays.com\/fr\/370345\/"},"modified":"2025-09-06T09:56:15","modified_gmt":"2025-09-06T09:56:15","slug":"un-cycliste-dendurance-francais-en-detention-provisoire-en-russie","status":"publish","type":"post","link":"https:\/\/www.europesays.com\/fr\/370345\/","title":{"rendered":"Un cycliste d\u2019endurance fran\u00e7ais en d\u00e9tention provisoire en Russie"},"content":{"rendered":"<p class=\"mb-4 text-lg md:leading-8 break-words\">Selon des information du <a href=\"https:\/\/www.lemonde.fr\/international\/article\/2025\/09\/05\/sofiane-sehili-cycliste-d-endurance-francais-se-trouve-en-detention-provisoire-en-russie_6639135_3210.html\" rel=\"nofollow noopener\" target=\"_blank\" data-ylk=\"slk:Monde;elm:context_link;itc:0;sec:content-canvas\" class=\"link \">Monde<\/a>, le cycliste d\u2019endurance fran\u00e7ais Sofiane Sehili a \u00e9t\u00e9 arr\u00eat\u00e9 cette semaine \u00e0 Vladivostok, dans l\u2019Extr\u00eame-Orient russe. Il se trouve en d\u00e9tention provisoire, accus\u00e9 par les autorit\u00e9s de franchissement ill\u00e9gal de la fronti\u00e8re.<\/p>\n<p class=\"mb-4 text-lg md:leading-8 break-words\">Parti de Lisbonne le 1er juillet, Sofiane Sehili tentait de battre le record du monde de la travers\u00e9e eurasienne \u00e0 v\u00e9lo. Mardi 2 septembre, il avait indiqu\u00e9 sur son compte Instagram \u00eatre bloqu\u00e9 par des douaniers \u00e0 la fronti\u00e8re entre la Chine et la Russie, apr\u00e8s avoir tent\u00e9 de p\u00e9n\u00e9trer sur le territoire russe \u00e0 deux reprises.<\/p>\n<p class=\"mb-4 text-lg md:leading-8 break-words\">Le cycliste d&rsquo;endurance fran\u00e7ais de 44 ans \u00e9tait notamment pass\u00e9 auparavant par le Tadjikistan et la Mongolie.<\/p>\n<p class=\"mb-4 text-lg md:leading-8 break-words\">Depuis ses d\u00e9buts dans la discipline en 2012, l&rsquo;ancien documentaliste a remport\u00e9 onze courses, dont le r\u00e9put\u00e9 Tour Divide qui relie le Canada \u00e0 la fronti\u00e8re mexicaine, en 2022.<\/p>\n<p class=\"mb-4 text-lg md:leading-8 break-words\">Le consulat de France serait mobilis\u00e9 pour lui fournir de l\u2019aide.<\/p>\n","protected":false},"excerpt":{"rendered":"Selon des information du Monde, le cycliste d\u2019endurance fran\u00e7ais Sofiane Sehili a \u00e9t\u00e9 arr\u00eat\u00e9 cette semaine \u00e0 Vladivostok,&hellip;\n","protected":false},"author":2,"featured_media":370346,"comment_status":"","ping_status":"","sticky":false,"template":"","format":"standard","meta":{"footnotes":""},"categories":[1591],"tags":[11,1887,8514,12,1885,1886,132,50464],"class_list":{"0":"post-370345","1":"post","2":"type-post","3":"status-publish","4":"format-standard","5":"has-post-thumbnail","7":"category-russie","8":"tag-actualites","9":"tag-federation-de-russie","10":"tag-la-frontiere","11":"tag-news","12":"tag-russia","13":"tag-russian-federation","14":"tag-russie","15":"tag-sofiane-sehili"},"share_on_mastodon":{"url":"https:\/\/pubeurope.com\/@fr\/115156758288751007","error":""},"_links":{"self":[{"href":"https:\/\/www.europesays.com\/fr\/wp-json\/wp\/v2\/posts\/370345","targetHints":{"allow":["GET"]}}],"collection":[{"href":"https:\/\/www.europesays.com\/fr\/wp-json\/wp\/v2\/posts"}],"about":[{"href":"https:\/\/www.europesays.com\/fr\/wp-json\/wp\/v2\/types\/post"}],"author":[{"embeddable":true,"href":"https:\/\/www.europesays.com\/fr\/wp-json\/wp\/v2\/users\/2"}],"replies":[{"embeddable":true,"href":"https:\/\/www.europesays.com\/fr\/wp-json\/wp\/v2\/comments?post=370345"}],"version-history":[{"count":0,"href":"https:\/\/www.europesays.com\/fr\/wp-json\/wp\/v2\/posts\/370345\/revisions"}],"wp:featuredmedia":[{"embeddable":true,"href":"https:\/\/www.europesays.com\/fr\/wp-json\/wp\/v2\/media\/370346"}],"wp:attachment":[{"href":"https:\/\/www.europesays.com\/fr\/wp-json\/wp\/v2\/media?parent=370345"}],"wp:term":[{"taxonomy":"category","embeddable":true,"href":"https:\/\/www.europesays.com\/fr\/wp-json\/wp\/v2\/categories?post=370345"},{"taxonomy":"post_tag","embeddable":true,"href":"https:\/\/www.europesays.com\/fr\/wp-json\/wp\/v2\/tags?post=370345"}],"curies":[{"name":"wp","href":"https:\/\/api.w.org\/{rel}","templated":true}]}}