{"id":370351,"date":"2025-09-06T09:59:11","date_gmt":"2025-09-06T09:59:11","guid":{"rendered":"https:\/\/www.europesays.com\/fr\/370351\/"},"modified":"2025-09-06T09:59:11","modified_gmt":"2025-09-06T09:59:11","slug":"alerte-pourquoi-tous-les-telephones-vont-sonner-en-meme-temps-dimanche","status":"publish","type":"post","link":"https:\/\/www.europesays.com\/fr\/370351\/","title":{"rendered":"Alerte\u00a0! Pourquoi tous les t\u00e9l\u00e9phones vont sonner en m\u00eame temps dimanche"},"content":{"rendered":"<p>Quelque 87\u00a0millions de <a href=\"https:\/\/www.20minutes.fr\/dossier\/telephone\" class=\"c-link c-link--is-underlined\" target=\"_blank\" rel=\"noopener\">t\u00e9l\u00e9phones<\/a> (ceux connect\u00e9s aux r\u00e9seaux 4G ou 5G) s\u2019appr\u00eatent \u00e0 sonner ou vibrer en m\u00eame temps, dimanche. La d\u00e9cision des autorit\u00e9s britanniques va faire du bruit. L\u2019op\u00e9ration sera r\u00e9alis\u00e9e \u00e0 15 heures (14\u00a0heures GMT) dans le cadre d\u2019un exercice national de pr\u00e9paration aux <a href=\"https:\/\/www.20minutes.fr\/societe\/3312603-20220621-fr-alert-trois-choses-savoir-nouveau-dispositif-francais-alerte-telephone\" class=\"c-link c-link--is-underlined\" target=\"_blank\" rel=\"noopener\">situations d\u2019urgence<\/a>.<\/p>\n<p>Le test accompagne un \u00ab\u00a0Plan d\u2019action pour la r\u00e9silience\u00a0\u00bb, annonc\u00e9 par le gouvernement en juillet. Il doit am\u00e9liorer la r\u00e9ponse du pays face aux risques li\u00e9s aux <a href=\"https:\/\/www.20minutes.fr\/dossier\/meteo\" class=\"c-link c-link--is-underlined\" target=\"_blank\" rel=\"noopener\">ph\u00e9nom\u00e8nes m\u00e9t\u00e9orologiques <\/a>extr\u00eames, aux <a href=\"https:\/\/www.20minutes.fr\/dossier\/epidemie\" class=\"c-link c-link--is-underlined\" target=\"_blank\" rel=\"noopener\">pand\u00e9mies<\/a>, aux <a href=\"https:\/\/www.20minutes.fr\/dossier\/cyberattaque\" class=\"c-link c-link--is-underlined\" target=\"_blank\" rel=\"noopener\">cyberattaques<\/a> ou aux cons\u00e9quences de la guerre men\u00e9e par la <a href=\"https:\/\/www.20minutes.fr\/monde\/russie\/\" class=\"c-link c-link--is-underlined\" target=\"_blank\" rel=\"noopener\">Russie <\/a>en <a href=\"https:\/\/www.20minutes.fr\/monde\/ukraine\/\" class=\"c-link c-link--is-underlined\" target=\"_blank\" rel=\"noopener\">Ukraine<\/a>.<\/p>\n<p>D\u00e9j\u00e0 activit\u00e9 \u00e0 cinq reprises depuis\u00a02023<\/p>\n<p>Le public recevra un message pr\u00e9cisant qu\u2019il s\u2019agit d\u2019un exercice. C\u2019est le deuxi\u00e8me exercice au niveau national, le premier ayant eu lieu en\u00a02003. \u00ab\u00a0Tout comme l\u2019alarme incendie de votre maison ou de ce b\u00e2timent, il est important de tester ces dispositifs de temps en temps\u00a0\u00bb, a d\u00e9clar\u00e9 jeudi sur la <a href=\"https:\/\/www.20minutes.fr\/dossier\/bbc\" class=\"c-link c-link--is-underlined\" target=\"_blank\" rel=\"noopener\">BBC <\/a>le ministre des Relations intergouvernementales en charge du plan d\u2019action, Pat McFadden.<\/p>\n<\/p>\n<p>Ces derni\u00e8res semaines, le gouvernement a lanc\u00e9 une campagne d\u2019information pour \u00e9viter toute panique, notamment avec des annonces dans les gares et des panneaux sur les autoroutes. La date et l\u2019heure du test ont \u00e9t\u00e9 choisies pour limiter les perturbations. Aucun match du championnat masculin de football de premi\u00e8re division n\u2019est ainsi pr\u00e9vu ce week-end en raison d\u2019une tr\u00eave internationale.<\/p>\n<p><a href=\"https:\/\/www.20minutes.fr\/monde\/royaume-uni\/\" class=\"c-link c-btn c-btn--primary\" target=\"_blank\" rel=\"noopener\">Notre dossier sur le Royaume-Uni<\/a><\/p>\n<p>Le gouvernement a utilis\u00e9 le syst\u00e8me \u00e0 cinq reprises ces deux derni\u00e8res ann\u00e9es pour \u00e9mettre localement des alertes, bien r\u00e9elles cette fois. En janvier, environ 4,5\u00a0millions de personnes en \u00c9cosse et en Irlande du Nord avaient re\u00e7u un tel signal pendant la temp\u00eate Eowyn, apr\u00e8s l\u2019\u00e9mission d\u2019une alerte rouge m\u00e9t\u00e9orologique correspondant au niveau de danger le plus \u00e9lev\u00e9.<\/p>\n<p>En f\u00e9vrier\u00a02024, c\u2019est une bombe non explos\u00e9e de la Seconde Guerre mondiale, d\u00e9couverte dans un jardin du sud-ouest de l\u2019Angleterre, qui avait d\u00e9clench\u00e9 l\u2019envoi d\u2019une alerte \u00e0 quelque 50.000 t\u00e9l\u00e9phones.<\/p>\n","protected":false},"excerpt":{"rendered":"Quelque 87\u00a0millions de t\u00e9l\u00e9phones (ceux connect\u00e9s aux r\u00e9seaux 4G ou 5G) s\u2019appr\u00eatent \u00e0 sonner ou vibrer en m\u00eame&hellip;\n","protected":false},"author":2,"featured_media":370352,"comment_status":"","ping_status":"","sticky":false,"template":"","format":"standard","meta":{"footnotes":""},"categories":[1588],"tags":[47,11,898,1777,674,142,74,12,473,1853,1851,1850,1852],"class_list":{"0":"post-370351","1":"post","2":"type-post","3":"status-publish","4":"format-standard","5":"has-post-thumbnail","7":"category-royaume-uni","8":"tag-actualite","9":"tag-actualites","10":"tag-alerte","11":"tag-eu","12":"tag-europe","13":"tag-high-tech","14":"tag-monde","15":"tag-news","16":"tag-royaume-uni","17":"tag-royaume-uni-de-grande-bretagne-et-dirlande-du-nord","18":"tag-uk","19":"tag-united-kingdom","20":"tag-united-kingdom-of-great-britain-and-northern-ireland"},"share_on_mastodon":{"url":"https:\/\/pubeurope.com\/@fr\/115156770098177371","error":""},"_links":{"self":[{"href":"https:\/\/www.europesays.com\/fr\/wp-json\/wp\/v2\/posts\/370351","targetHints":{"allow":["GET"]}}],"collection":[{"href":"https:\/\/www.europesays.com\/fr\/wp-json\/wp\/v2\/posts"}],"about":[{"href":"https:\/\/www.europesays.com\/fr\/wp-json\/wp\/v2\/types\/post"}],"author":[{"embeddable":true,"href":"https:\/\/www.europesays.com\/fr\/wp-json\/wp\/v2\/users\/2"}],"replies":[{"embeddable":true,"href":"https:\/\/www.europesays.com\/fr\/wp-json\/wp\/v2\/comments?post=370351"}],"version-history":[{"count":0,"href":"https:\/\/www.europesays.com\/fr\/wp-json\/wp\/v2\/posts\/370351\/revisions"}],"wp:featuredmedia":[{"embeddable":true,"href":"https:\/\/www.europesays.com\/fr\/wp-json\/wp\/v2\/media\/370352"}],"wp:attachment":[{"href":"https:\/\/www.europesays.com\/fr\/wp-json\/wp\/v2\/media?parent=370351"}],"wp:term":[{"taxonomy":"category","embeddable":true,"href":"https:\/\/www.europesays.com\/fr\/wp-json\/wp\/v2\/categories?post=370351"},{"taxonomy":"post_tag","embeddable":true,"href":"https:\/\/www.europesays.com\/fr\/wp-json\/wp\/v2\/tags?post=370351"}],"curies":[{"name":"wp","href":"https:\/\/api.w.org\/{rel}","templated":true}]}}