{"id":370357,"date":"2025-09-06T10:02:11","date_gmt":"2025-09-06T10:02:11","guid":{"rendered":"https:\/\/www.europesays.com\/fr\/370357\/"},"modified":"2025-09-06T10:02:11","modified_gmt":"2025-09-06T10:02:11","slug":"vu-dailleurs-n167-pour-leurope-lete-des-humiliations","status":"publish","type":"post","link":"https:\/\/www.europesays.com\/fr\/370357\/","title":{"rendered":"\u00abVu d\u2019Ailleurs\u00bb N\u00b0167 &#8211; Pour l\u2019Europe, l\u2019\u00e9t\u00e9 des humiliations"},"content":{"rendered":"<p><strong>LETTRE EXCLUSIVE ABONN\u00c9S &#8211;<\/strong> La revue de presse europ\u00e9enne, par \u00c9douard de Mareschal.<\/p>\n<p class=\"fig-paragraph\">Chers abonn\u00e9s,<\/p>\n<p class=\"fig-paragraph\">L\u2019\u00e9t\u00e9 europ\u00e9en a eu des airs de long chemin de croix, o\u00f9 chaque station marquait une nouvelle humiliation pour le Vieux continent. Dans un grand r\u00e9cit que je vous conseille de lire, notre correspondant \u00e0 Bruxelles retrace le fil de ces derniers mois et s\u2019interroge\u00a0: l\u2019Union europ\u00e9enne est-elle sur la voie du grand effacement\u00a0? Trump, Poutine et Xi ne lui auront rien \u00e9pargn\u00e9. On retiendra surtout la signature fin juillet de l\u2019accord sur les droits de douane entre le pr\u00e9sident am\u00e9ricain et la pr\u00e9sidente de la Commission europ\u00e9enne. Ursula von\u00a0der\u00a0Leyen avait beau afficher un sourire de fa\u00e7ade, louant le retour de la stabilit\u00e9 et la fin de l\u2019incertitude, elle est devenue le visage de la capitulation europ\u00e9enne face \u00e0 l\u2019empire am\u00e9ricain, acceptant des droits de douane de 15% sur les exportations europ\u00e9ennes sans aucune forme de contrepartie.<\/p>\n<p class=\"fig-paragraph\">Elle semble bien loin l\u2019\u00e9poque o\u00f9 la Commission peaufinait sa liste de produits cibl\u00e9s pour r\u00e9pliquer aux menaces de droits de douane\u2026<\/p>\n<p class=\"fig-premium-paywall__infos\">\n        Cet article est r\u00e9serv\u00e9 aux abonn\u00e9s.        Il vous reste 90% \u00e0 d\u00e9couvrir.\n    <\/p>\n<p>                <img  data- alt=\"Le Figaro\" class=\"fig-img--complete fig-img\"\/><\/p>\n<p class=\"fig-premium-paywall__title\">Vente Flash<\/p>\n<p class=\"fig-premium-paywall__subtitle\">4,99\u20ac par mois pendant 12 mois. Sans engagement<\/p>\n<p class=\"fig-premium-paywall__connect\">\n                D\u00e9j\u00e0 abonn\u00e9\u00a0?                <a class=\"fig-premium-paywall__connect-link\" href=\"https:\/\/connect.lefigaro.fr\/login?client=horizon_web&amp;type=main&amp;redirect_uri=https%3A%2F%2Fwww.lefigaro.fr%2Finternational%2Fvu-d-ailleurs-n0167-pour-l-europe-l-ete-des-humiliations-20250906\" data-js-gtm=\"{&quot;customCategorie&quot;: &quot;conversion&quot;, &quot;customAction&quot;: &quot;before_Landing_Connexion_paywall_auto&quot;, &quot;customLabel&quot;: &quot;bGVmaWdhcm8uZnJfXzFmMDhhNWJhLWZkOTktNjkzMi04NmRmLTY1Y2M5MjU5MjA4M19fQXJ0aWNsZQ==_\u00abVu d\u2019Ailleurs\u00bb N\u00b0167 - Pour l\u2019Europe, l\u2019\u00e9t\u00e9 des humiliations_127&quot;, &quot;customIDSPE&quot;: &quot;bGVmaWdhcm8uZnJfXzFmMDhhNWJhLWZkOTktNjkzMi04NmRmLTY1Y2M5MjU5MjA4M19fQXJ0aWNsZQ==&quot;, &quot;event&quot;: &quot;customEventSPE&quot;}\" rel=\"nofollow noopener\" target=\"_blank\"><br \/>\n                    Connectez-vous<br \/>\n                <\/a>\n            <\/p>\n","protected":false},"excerpt":{"rendered":"LETTRE EXCLUSIVE ABONN\u00c9S &#8211; La revue de presse europ\u00e9enne, par \u00c9douard de Mareschal. Chers abonn\u00e9s, L\u2019\u00e9t\u00e9 europ\u00e9en a&hellip;\n","protected":false},"author":2,"featured_media":370358,"comment_status":"","ping_status":"","sticky":false,"template":"","format":"standard","meta":{"footnotes":""},"categories":[1586],"tags":[11,1777,674,1779,1011,27,22397,12,25,1778,364,24690],"class_list":{"0":"post-370357","1":"post","2":"type-post","3":"status-publish","4":"format-standard","5":"has-post-thumbnail","7":"category-europe","8":"tag-actualites","9":"tag-eu","10":"tag-europe","11":"tag-european-union","12":"tag-fr","13":"tag-france","14":"tag-les-lettres-des-journalistes","15":"tag-news","16":"tag-republique-francaise","17":"tag-ue","18":"tag-union-europeenne","19":"tag-vu-dailleurs"},"share_on_mastodon":{"url":"https:\/\/pubeurope.com\/@fr\/115156781934311416","error":""},"_links":{"self":[{"href":"https:\/\/www.europesays.com\/fr\/wp-json\/wp\/v2\/posts\/370357","targetHints":{"allow":["GET"]}}],"collection":[{"href":"https:\/\/www.europesays.com\/fr\/wp-json\/wp\/v2\/posts"}],"about":[{"href":"https:\/\/www.europesays.com\/fr\/wp-json\/wp\/v2\/types\/post"}],"author":[{"embeddable":true,"href":"https:\/\/www.europesays.com\/fr\/wp-json\/wp\/v2\/users\/2"}],"replies":[{"embeddable":true,"href":"https:\/\/www.europesays.com\/fr\/wp-json\/wp\/v2\/comments?post=370357"}],"version-history":[{"count":0,"href":"https:\/\/www.europesays.com\/fr\/wp-json\/wp\/v2\/posts\/370357\/revisions"}],"wp:featuredmedia":[{"embeddable":true,"href":"https:\/\/www.europesays.com\/fr\/wp-json\/wp\/v2\/media\/370358"}],"wp:attachment":[{"href":"https:\/\/www.europesays.com\/fr\/wp-json\/wp\/v2\/media?parent=370357"}],"wp:term":[{"taxonomy":"category","embeddable":true,"href":"https:\/\/www.europesays.com\/fr\/wp-json\/wp\/v2\/categories?post=370357"},{"taxonomy":"post_tag","embeddable":true,"href":"https:\/\/www.europesays.com\/fr\/wp-json\/wp\/v2\/tags?post=370357"}],"curies":[{"name":"wp","href":"https:\/\/api.w.org\/{rel}","templated":true}]}}