{"id":370359,"date":"2025-09-06T10:03:10","date_gmt":"2025-09-06T10:03:10","guid":{"rendered":"https:\/\/www.europesays.com\/fr\/370359\/"},"modified":"2025-09-06T10:03:10","modified_gmt":"2025-09-06T10:03:10","slug":"la-chanteuse-chantal-goya-et-son-mari-condamnes-a-verser-218-millions-deuros-au-credit-municipal","status":"publish","type":"post","link":"https:\/\/www.europesays.com\/fr\/370359\/","title":{"rendered":"La chanteuse Chantal Goya et son mari condamn\u00e9s \u00e0 verser 2,18\u00a0millions d\u2019euros au Cr\u00e9dit municipal"},"content":{"rendered":"<p>La chanteuse <a href=\"https:\/\/www.20minutes.fr\/arts-stars\/4155242-20250524-50-ans-carriere-chantal-goya-public-famille\" class=\"c-link c-link--is-underlined\" target=\"_blank\" rel=\"noopener\">Chantal Goya<\/a> et son \u00e9poux Jean-Jacques Debout ont \u00e9t\u00e9 condamn\u00e9s par le tribunal de Paris, le 19\u00a0ao\u00fbt, \u00e0 r\u00e9gler la somme de 2,18\u00a0millions d\u2019euros au Cr\u00e9dit municipal de Bordeaux, <a href=\"https:\/\/www.sudouest.fr\/gironde\/bordeaux\/credit-municipal-de-bordeaux-chantal-goya-condamnee-a-regler-une-dette-de-2-18-millions-d-euros-25761614.php\" target=\"_blank\" class=\"c-link c-link--is-underlined\" rel=\"noopener\">rapporte Sud-Ouest.<\/a> Ils ont fait appel de la d\u00e9cision qui est cependant ex\u00e9cutoire.<\/p>\n<p>C\u2019est en\u00a02018 que l\u2019interpr\u00e8te de \u00ab\u00a0B\u00e9cassine\u00a0\u00bb et \u00ab\u00a0Pandi Panda\u00a0\u00bb a recours \u00e0 l\u2019organisme de cr\u00e9dit. Or, Entre\u00a02017 et\u00a02020, celui-ci est <a href=\"https:\/\/www.20minutes.fr\/bordeaux\/3057183-20210608-bordeaux-epingle-prets-suspects-va-devenir-credit-municipal\" class=\"c-link c-link--is-underlined\" target=\"_blank\" rel=\"noopener\">suspect\u00e9 d\u2019avoir accept\u00e9 des pr\u00eats risqu\u00e9s.<\/a><\/p>\n<p>Un pr\u00eat accord\u00e9 sans garanties suffisantes<\/p>\n<p>Face \u00e0 une dette de 1,65\u00a0million d\u2019euros au Tr\u00e9sor public, le couple contracte alors un pr\u00eat 2,215\u00a0millions d\u2019euros sur cinq ans aupr\u00e8s du Cr\u00e9dit municipal, avec, en seul gage, les droits Sacem de Jean-Jacques Debout. S\u2019il a servi des grands noms comme Johnny Halliday ou Dalida, sa carri\u00e8re est derri\u00e8re lui, comme celle de Chantal Goya.<\/p>\n<\/p>\n<p>Le couple a fait valoir n\u2019avoir pas \u00e9t\u00e9 correctement avis\u00e9 des risques li\u00e9s \u00e0 leur emprunt mais la Justice l\u2019a d\u00e9bout\u00e9. Elle argue qu\u2019il \u00e9tait alors conseill\u00e9 par un sp\u00e9cialiste en droit \u00e9conomique et un courtier en financement. Il s\u2019agissait alors de r\u00e9gler rapidement leur dette aupr\u00e8s du Tr\u00e9sor public pour \u00e9viter tout risque de majoration.<\/p>\n","protected":false},"excerpt":{"rendered":"La chanteuse Chantal Goya et son \u00e9poux Jean-Jacques Debout ont \u00e9t\u00e9 condamn\u00e9s par le tribunal de Paris, le&hellip;\n","protected":false},"author":2,"featured_media":370360,"comment_status":"","ping_status":"","sticky":false,"template":"","format":"standard","meta":{"footnotes":""},"categories":[2],"tags":[47,11,3177,1997,11662,6327,33,1011,27,2905,303,12,2219,25,7878],"class_list":{"0":"post-370359","1":"post","2":"type-post","3":"status-publish","4":"format-standard","5":"has-post-thumbnail","7":"category-actualites","8":"tag-actualite","9":"tag-actualites","10":"tag-aquitaine","11":"tag-bordeaux","12":"tag-credit","13":"tag-dette","14":"tag-economie","15":"tag-fr","16":"tag-france","17":"tag-gironde","18":"tag-justice","19":"tag-news","20":"tag-nouvelle-aquitaine","21":"tag-republique-francaise","22":"tag-sacem"},"share_on_mastodon":{"url":"https:\/\/pubeurope.com\/@fr\/115156785837991058","error":""},"_links":{"self":[{"href":"https:\/\/www.europesays.com\/fr\/wp-json\/wp\/v2\/posts\/370359","targetHints":{"allow":["GET"]}}],"collection":[{"href":"https:\/\/www.europesays.com\/fr\/wp-json\/wp\/v2\/posts"}],"about":[{"href":"https:\/\/www.europesays.com\/fr\/wp-json\/wp\/v2\/types\/post"}],"author":[{"embeddable":true,"href":"https:\/\/www.europesays.com\/fr\/wp-json\/wp\/v2\/users\/2"}],"replies":[{"embeddable":true,"href":"https:\/\/www.europesays.com\/fr\/wp-json\/wp\/v2\/comments?post=370359"}],"version-history":[{"count":0,"href":"https:\/\/www.europesays.com\/fr\/wp-json\/wp\/v2\/posts\/370359\/revisions"}],"wp:featuredmedia":[{"embeddable":true,"href":"https:\/\/www.europesays.com\/fr\/wp-json\/wp\/v2\/media\/370360"}],"wp:attachment":[{"href":"https:\/\/www.europesays.com\/fr\/wp-json\/wp\/v2\/media?parent=370359"}],"wp:term":[{"taxonomy":"category","embeddable":true,"href":"https:\/\/www.europesays.com\/fr\/wp-json\/wp\/v2\/categories?post=370359"},{"taxonomy":"post_tag","embeddable":true,"href":"https:\/\/www.europesays.com\/fr\/wp-json\/wp\/v2\/tags?post=370359"}],"curies":[{"name":"wp","href":"https:\/\/api.w.org\/{rel}","templated":true}]}}