{"id":370361,"date":"2025-09-06T10:04:14","date_gmt":"2025-09-06T10:04:14","guid":{"rendered":"https:\/\/www.europesays.com\/fr\/370361\/"},"modified":"2025-09-06T10:04:14","modified_gmt":"2025-09-06T10:04:14","slug":"thomas-legrand-suspendu-par-france-inter-apres-une-video-compromettante-et-anti-dati-avec-des-cadres-ps","status":"publish","type":"post","link":"https:\/\/www.europesays.com\/fr\/370361\/","title":{"rendered":"Thomas Legrand suspendu par France Inter apr\u00e8s une vid\u00e9o compromettante (et anti-Dati) avec des cadres PS"},"content":{"rendered":"<p>        <img decoding=\"async\" loading=\"lazy\" src=\"https:\/\/www.europesays.com\/fr\/wp-content\/uploads\/2025\/09\/f77701f_upload-1-34w9bygqjk1f-capture-d-a-cran-2025-09-06-083643.png\"  width=\"728\" height=\"410\" alt=\"Thomas Legrand suspendu par France Inter apr\u00e8s une vid\u00e9o compromettante (et anti-Dati) avec des cadres PS\"\/>  <\/p>\n<p>Capture France Inter<\/p>\n<p>Thomas Legrand suspendu par France Inter apr\u00e8s une vid\u00e9o compromettante (et anti-Dati) avec des cadres PS<\/p>\n<p class=\"asset asset-text\">MEDIA &#8211; \u00ab\u00a0Des propos contraires \u00e0 la d\u00e9ontologie\u00a0\u00bb. <a href=\"https:\/\/www.huffingtonpost.fr\/medias\/article\/mon-petit-france-inter-la-premiere-radio-de-france-va-se-decliner-en-version-pour-les-enfants_254439.html\" target=\"_blank\" rel=\"noopener\">France Inter<\/a> a annonc\u00e9 vendredi 5\u00a0septembre au soir avoir suspendu d\u2019antenne son\u00a0chroniqueur Thomas Legrand, apr\u00e8s la diffusion d\u2019une vid\u00e9o le montrant tenir des propos litigieux visant<a href=\"https:\/\/www.huffingtonpost.fr\/politique\/article\/rachida-dati-et-michel-barnier-trouvent-un-accord-sur-la-legislative-partielle-a-paris_254108.html\" target=\"_blank\" rel=\"noopener\"> la ministre de la Culture, Rachida Dati<\/a>, devant des responsables du Parti socialiste.<\/p>\n<p class=\"asset asset-text\">Au cours de cet \u00e9change r\u00e9v\u00e9l\u00e9 par le mensuel L\u2019Incorrect, Thomas Legrand, par ailleurs journaliste \u00e0 Lib\u00e9ration, d\u00e9clare notamment\u00a0: \u00ab\u00a0Nous, on fait ce qu\u2019il faut pour Dati, Patrick (Cohen) et moi\u00a0\u00bb, c\u2019est-\u00e0-dire contre elle dans sa course \u00e0 la mairie de Paris \u00e0 laquelle elle est candidate. Selon le journal, la vid\u00e9o a \u00e9t\u00e9 film\u00e9e en juillet, \u00e0 l\u2019insu des participants dans un restaurant parisien.<\/p>\n<p class=\"asset asset-text\">\u00ab\u00a0Nous avons d\u00e9cid\u00e9 de suspendre Thomas Legrand de l\u2019antenne \u00e0 titre conservatoire. Il ne sera pas \u00e0 l\u2019antenne ce dimanche\u00a0\u00bb, a r\u00e9agi France Inter.<\/p>\n<p>    \u00ab\u00a0Combattre les mensonges\u00a0\u00bb    <\/p>\n<p class=\"asset asset-text\">\u00c9galement chroniqueur sur France Inter, ainsi que pour France T\u00e9l\u00e9visions, Patrick Cohen est \u00e0 la table de Thomas Legrand aux c\u00f4t\u00e9s du secr\u00e9taire g\u00e9n\u00e9ral du PS, Pierre Jouvet, et du pr\u00e9sident du conseil national du PS, Luc Broussy. Il fait aupr\u00e8s d\u2019eux l\u2019analyse de la situation politique lors de cette rencontre informelle, en principe hors micro et cam\u00e9ra.<\/p>\n<p class=\"asset asset-text\">Rachida Dati, investie comme candidate des R\u00e9publicains \u00e0 la mairie de Paris, a demand\u00e9 que des mesures soient prises envers les deux chroniqueurs.<\/p>\n<p class=\"asset asset-text\">\u00ab\u00a0Des journalistes du service public et Lib\u00e9ration affirment \u201cfaire ce qu\u2019il faut\u201d pour m\u2019\u00e9liminer de l\u2019\u00e9lection \u00e0 Paris. Des propos graves et contraires \u00e0 la d\u00e9ontologie qui peuvent exposer \u00e0 des sanctions. Chacun doit d\u00e9sormais prendre ses responsabilit\u00e9s\u00a0\u00bb, a-t-elle r\u00e9agi sur X.<\/p>\n<p> La lecture de ce contenu est susceptible d\u2019entra\u00eener un d\u00e9p\u00f4t de cookies de la part de l\u2019op\u00e9rateur tiers qui l\u2019h\u00e9berge. Compte-tenu des choix que vous avez exprim\u00e9s en mati\u00e8re de d\u00e9p\u00f4t de cookies, nous avons bloqu\u00e9 l\u2019affichage de ce contenu. Si vous souhaitez y acc\u00e9der, vous devez accepter la cat\u00e9gorie de cookies \u201cContenus tiers\u201d en cliquant sur le bouton ci-dessous. <\/p>\n<p> Lire la Vid\u00e9o        <\/p>\n<p class=\"asset asset-text\">Vendredi soir, Thomas Legrand a cependant r\u00e9cus\u00e9 aupr\u00e8s de l\u2019AFP l\u2019intention qui lui est pr\u00eat\u00e9e. \u00ab\u00a0Mon travail est de combattre les mensonges de Mme Dati et son attitude face \u00e0 la presse. Je ne la combats pas politiquement\u00a0\u00bb, a-t-il affirm\u00e9. Le journaliste n\u2019a pas souhait\u00e9 faire de commentaire sur sa suspension par France Inter.<\/p>\n<p class=\"asset asset-text\">L\u2019Incorrect, fond\u00e9 en 2017 par des proches de Marion Mar\u00e9chal, s\u2019affirme comme \u00ab\u00a0conservateur\u00a0\u00bb et pr\u00f4ne une union des droites.<\/p>\n","protected":false},"excerpt":{"rendered":"Capture France Inter Thomas Legrand suspendu par France Inter apr\u00e8s une vid\u00e9o compromettante (et anti-Dati) avec des cadres&hellip;\n","protected":false},"author":2,"featured_media":370362,"comment_status":"","ping_status":"","sticky":false,"template":"","format":"standard","meta":{"footnotes":""},"categories":[2],"tags":[11,251,1011,27,9102,2957,2381,500,12,417,25],"class_list":{"0":"post-370361","1":"post","2":"type-post","3":"status-publish","4":"format-standard","5":"has-post-thumbnail","7":"category-actualites","8":"tag-actualites","9":"tag-culture","10":"tag-fr","11":"tag-france","12":"tag-france-inter","13":"tag-journaliste","14":"tag-mairie-de-paris","15":"tag-medias","16":"tag-news","17":"tag-rachida-dati","18":"tag-republique-francaise"},"share_on_mastodon":{"url":"https:\/\/pubeurope.com\/@fr\/115156790326131082","error":""},"_links":{"self":[{"href":"https:\/\/www.europesays.com\/fr\/wp-json\/wp\/v2\/posts\/370361","targetHints":{"allow":["GET"]}}],"collection":[{"href":"https:\/\/www.europesays.com\/fr\/wp-json\/wp\/v2\/posts"}],"about":[{"href":"https:\/\/www.europesays.com\/fr\/wp-json\/wp\/v2\/types\/post"}],"author":[{"embeddable":true,"href":"https:\/\/www.europesays.com\/fr\/wp-json\/wp\/v2\/users\/2"}],"replies":[{"embeddable":true,"href":"https:\/\/www.europesays.com\/fr\/wp-json\/wp\/v2\/comments?post=370361"}],"version-history":[{"count":0,"href":"https:\/\/www.europesays.com\/fr\/wp-json\/wp\/v2\/posts\/370361\/revisions"}],"wp:featuredmedia":[{"embeddable":true,"href":"https:\/\/www.europesays.com\/fr\/wp-json\/wp\/v2\/media\/370362"}],"wp:attachment":[{"href":"https:\/\/www.europesays.com\/fr\/wp-json\/wp\/v2\/media?parent=370361"}],"wp:term":[{"taxonomy":"category","embeddable":true,"href":"https:\/\/www.europesays.com\/fr\/wp-json\/wp\/v2\/categories?post=370361"},{"taxonomy":"post_tag","embeddable":true,"href":"https:\/\/www.europesays.com\/fr\/wp-json\/wp\/v2\/tags?post=370361"}],"curies":[{"name":"wp","href":"https:\/\/api.w.org\/{rel}","templated":true}]}}