{"id":370363,"date":"2025-09-06T10:05:13","date_gmt":"2025-09-06T10:05:13","guid":{"rendered":"https:\/\/www.europesays.com\/fr\/370363\/"},"modified":"2025-09-06T10:05:13","modified_gmt":"2025-09-06T10:05:13","slug":"suspension-de-thomas-legrand-france-inter-fait-plaisir-a-rachida-dati","status":"publish","type":"post","link":"https:\/\/www.europesays.com\/fr\/370363\/","title":{"rendered":"Suspension de Thomas Legrand\u00a0: France Inter fait plaisir \u00e0 Rachida Dati"},"content":{"rendered":"<p>Peut-on sanctionner un journaliste pour des propos tenus en priv\u00e9\u00a0? \u00c0 Radio France oui, semble-t-il. Enfin, cela d\u00e9pend de qui l\u2019on parle. Quand l\u2019affaire concerne le Grand M\u00e9chant Loup Rachida Dati, la direction de la radio de service public a t\u00f4t fait de se coucher et de montrer le ventre.<\/p>\n<p>France Inter a suspendu d\u2019antenne \u00ab\u00a0\u00e0 titre conservatoire\u00a0\u00bb son \u00e9ditorialiste politique Thomas Legrand, vendredi soir, suite \u00e0 la diffusion par un mensuel d\u2019extr\u00eame droite, L\u2019Incorrect, d\u2019une vid\u00e9o prise \u00e0 l\u2019insu des participants dans un restaurant parisien, montrant une discussion entre lui, son confr\u00e8re Patrick Cohen et des responsables socialistes, Luc Broussy, pr\u00e9sident du conseil national du PS et l\u2019eurod\u00e9put\u00e9 Pierre Jouvet. Il y \u00e9tait question de la ministre de la Culture, Rachida Dati et de <a href=\"https:\/\/www.humanite.fr\/politique\/anne-hidalgo\/investie-par-les-lr-a-paris-pour-les-municipales-rachida-dati-lache-les-legislatives-au-profit-de-michel-barnier\" target=\"_blank\" rel=\"noopener\">sa candidature aux \u00e9lections municipales \u00e0 Paris en mars 2026<\/a>\u00a0: \u00ab\u00a0Nous, on fait ce qu\u2019il faut pour Dati, Patrick et moi\u00a0\u00bb, assure Thomas Legrand dans la vid\u00e9o.<\/p>\n<p>La ministre a imm\u00e9diatement d\u00e9gain\u00e9 sur X, demandant que des mesures soient prises contre les deux chroniqueurs. \u00ab\u00a0Des journalistes du service public et Lib\u00e9ration affirment \u201d\u00a0faire ce qu\u2019il faut\u00a0\u201d pour m\u2019\u00e9liminer de l\u2019\u00e9lection \u00e0 Paris. Des propos graves et contraires \u00e0 la d\u00e9ontologie qui peuvent exposer \u00e0 des sanctions. Chacun doit d\u00e9sormais prendre ses responsabilit\u00e9s.\u00a0\u00bb L\u2019\u00e9ditorialiste \u00ab\u00a0ne sera pas \u00e0 l\u2019antenne ce dimanche\u00a0\u00bb, a donc d\u00e9clar\u00e9 la radio. Interrog\u00e9 par l\u2019Agence France-Presse, Legrand s\u2019est expliqu\u00e9\u00a0: \u00ab\u00a0Mon travail est de combattre les mensonges de Mme\u00a0Dati et son attitude face \u00e0 la presse. Je ne la combats pas politiquement.\u00a0\u00bb<\/p>\n<p>Ce n\u2019est pas la premi\u00e8re fois que Rachida Dati a maille \u00e0 partir avec un chroniqueur du service public. En juin dernier, <a href=\"https:\/\/www.humanite.fr\/medias\/audiovisuel-public\/vous-pourriez-tomber-aussi-sous-ce-delit-rachida-dati-menace-patrick-cohen-en-direct\" target=\"_blank\" rel=\"noopener\">son passage \u00e0 l\u2019\u00e9mission C \u00e0 vous de France 5 avait tourn\u00e9 vinaigre<\/a>. Patrick Cohen l\u2019avait interrog\u00e9e sur ses d\u00e9m\u00eal\u00e9s judiciaires, car elle est <a href=\"https:\/\/www.humanite.fr\/politique\/carlos-ghosn\/affaire-de-corruption-et-trafic-dinfluence-rachida-dati-echoue-a-obtenir-lannulation-du-requisitoire-du-parquet-financier-dans-laffaire-ghosn\" target=\"_blank\" rel=\"noopener\">renvoy\u00e9e devant le tribunal correctionnel pour corruption et trafic d\u2019influence<\/a>, soup\u00e7onn\u00e9e de lobbying ill\u00e9gal au Parlement europ\u00e9en au profit de l\u2019ex PDG de Renault-Nissan, Carlos Ghosn. Furieuse, Rachida Dati avait r\u00e9pliqu\u00e9 en mena\u00e7ant son intervieweur de d\u00e9clencher une enqu\u00eate contre lui \u00e0 la suite d\u2019accusations de harc\u00e8lement au travail relay\u00e9es par Mediapart. Ambiance.<\/p>\n<p>Ce n\u2019est malheureusement <a href=\"https:\/\/www.humanite.fr\/medias\/guillaume-meurice\/guillaume-meurice-licencie-pour-faute-grave\" target=\"_blank\" rel=\"noopener\">pas la premi\u00e8re fois<\/a> que la radio de service public, sous cette direction, sanctionne a priori, sans d\u00e9lai ni conciliation, un de ses collaborateurs. Mais pour des propos tenus en priv\u00e9, c\u2019est assez rare. Et de plus en plus inqui\u00e9tant quant \u00e0 son ind\u00e9pendance vis-\u00e0-vis du pouvoir politique. Mais sans doute n\u2019est-ce que pour montrer patte blanche dans la perspective d\u2019<a href=\"https:\/\/www.humanite.fr\/medias\/assemblee-nationale\/audiovisuel-public-la-loi-dati-va-t-elle-ressusciter-lortf\" target=\"_blank\" rel=\"noopener\">une holding qui mettrait tout entier entre les mains de l\u2019ex\u00e9cutif<\/a>.<\/p>\n","protected":false},"excerpt":{"rendered":"Peut-on sanctionner un journaliste pour des propos tenus en priv\u00e9\u00a0? \u00c0 Radio France oui, semble-t-il. Enfin, cela d\u00e9pend&hellip;\n","protected":false},"author":2,"featured_media":370364,"comment_status":"","ping_status":"","sticky":false,"template":"","format":"standard","meta":{"footnotes":""},"categories":[4],"tags":[11,6586,1011,27,9102,12,13960,417,10316,25],"class_list":{"0":"post-370363","1":"post","2":"type-post","3":"status-publish","4":"format-standard","5":"has-post-thumbnail","7":"category-france","8":"tag-actualites","9":"tag-audiovisuel-public","10":"tag-fr","11":"tag-france","12":"tag-france-inter","13":"tag-news","14":"tag-patrick-cohen","15":"tag-rachida-dati","16":"tag-radio-france","17":"tag-republique-francaise"},"share_on_mastodon":{"url":"https:\/\/pubeurope.com\/@fr\/115156793577407894","error":""},"_links":{"self":[{"href":"https:\/\/www.europesays.com\/fr\/wp-json\/wp\/v2\/posts\/370363","targetHints":{"allow":["GET"]}}],"collection":[{"href":"https:\/\/www.europesays.com\/fr\/wp-json\/wp\/v2\/posts"}],"about":[{"href":"https:\/\/www.europesays.com\/fr\/wp-json\/wp\/v2\/types\/post"}],"author":[{"embeddable":true,"href":"https:\/\/www.europesays.com\/fr\/wp-json\/wp\/v2\/users\/2"}],"replies":[{"embeddable":true,"href":"https:\/\/www.europesays.com\/fr\/wp-json\/wp\/v2\/comments?post=370363"}],"version-history":[{"count":0,"href":"https:\/\/www.europesays.com\/fr\/wp-json\/wp\/v2\/posts\/370363\/revisions"}],"wp:featuredmedia":[{"embeddable":true,"href":"https:\/\/www.europesays.com\/fr\/wp-json\/wp\/v2\/media\/370364"}],"wp:attachment":[{"href":"https:\/\/www.europesays.com\/fr\/wp-json\/wp\/v2\/media?parent=370363"}],"wp:term":[{"taxonomy":"category","embeddable":true,"href":"https:\/\/www.europesays.com\/fr\/wp-json\/wp\/v2\/categories?post=370363"},{"taxonomy":"post_tag","embeddable":true,"href":"https:\/\/www.europesays.com\/fr\/wp-json\/wp\/v2\/tags?post=370363"}],"curies":[{"name":"wp","href":"https:\/\/api.w.org\/{rel}","templated":true}]}}