{"id":370369,"date":"2025-09-06T10:11:10","date_gmt":"2025-09-06T10:11:10","guid":{"rendered":"https:\/\/www.europesays.com\/fr\/370369\/"},"modified":"2025-09-06T10:11:10","modified_gmt":"2025-09-06T10:11:10","slug":"motogp-un-alex-marquez-record-signe-la-pole-en-catalogne","status":"publish","type":"post","link":"https:\/\/www.europesays.com\/fr\/370369\/","title":{"rendered":"MotoGP: Un Alex Marquez record signe la pole en Catalogne"},"content":{"rendered":"<p><strong>Gen\u00e8ve-Servette<\/strong> a remport\u00e9 jeudi son dernier <strong>match de pr\u00e9paration<\/strong> avant la reprise du championnat, mardi prochain. Aux Vernets, les hommes de Yorick Treille se sont impos\u00e9s contre les Allemands de <strong>Schwenningen<\/strong> 4-1. Les buts des Aigles sont \u00e0 mettre \u00e0 l\u2019actif de Jesse Puljuj\u00e4rvi (32e\/5 c 4), Jan Rutta (34e), Markus Granlund (39e\/5 c 4) et Taylor Beck (57e\/5 c 4). Mardi, les Genevois commenceront leur championnat en recevant Ajoie (19h45).<\/p>\n<p>Engag\u00e9 en <strong>Champions League<\/strong>, <strong>Zurich<\/strong> s\u2019est, lui, impos\u00e9 \u00e0 Odense, au Danemark, 2-4. Apr\u00e8s trois rencontres, les champions de Suisse en titre sont quatri\u00e8mes du classement avec 7 points. Mardi, ils accueilleront Bienne pour commencer la saison (19h45).<\/p>\n","protected":false},"excerpt":{"rendered":"Gen\u00e8ve-Servette a remport\u00e9 jeudi son dernier match de pr\u00e9paration avant la reprise du championnat, mardi prochain. Aux Vernets,&hellip;\n","protected":false},"author":2,"featured_media":370370,"comment_status":"","ping_status":"","sticky":false,"template":"","format":"standard","meta":{"footnotes":""},"categories":[1413],"tags":[1011,27,1457,1456,60],"class_list":{"0":"post-370369","1":"post","2":"type-post","3":"status-publish","4":"format-standard","5":"has-post-thumbnail","7":"category-moto","8":"tag-fr","9":"tag-france","10":"tag-moto","11":"tag-motocycle","12":"tag-sports"},"share_on_mastodon":{"url":"https:\/\/pubeurope.com\/@fr\/115156817251949943","error":""},"_links":{"self":[{"href":"https:\/\/www.europesays.com\/fr\/wp-json\/wp\/v2\/posts\/370369","targetHints":{"allow":["GET"]}}],"collection":[{"href":"https:\/\/www.europesays.com\/fr\/wp-json\/wp\/v2\/posts"}],"about":[{"href":"https:\/\/www.europesays.com\/fr\/wp-json\/wp\/v2\/types\/post"}],"author":[{"embeddable":true,"href":"https:\/\/www.europesays.com\/fr\/wp-json\/wp\/v2\/users\/2"}],"replies":[{"embeddable":true,"href":"https:\/\/www.europesays.com\/fr\/wp-json\/wp\/v2\/comments?post=370369"}],"version-history":[{"count":0,"href":"https:\/\/www.europesays.com\/fr\/wp-json\/wp\/v2\/posts\/370369\/revisions"}],"wp:featuredmedia":[{"embeddable":true,"href":"https:\/\/www.europesays.com\/fr\/wp-json\/wp\/v2\/media\/370370"}],"wp:attachment":[{"href":"https:\/\/www.europesays.com\/fr\/wp-json\/wp\/v2\/media?parent=370369"}],"wp:term":[{"taxonomy":"category","embeddable":true,"href":"https:\/\/www.europesays.com\/fr\/wp-json\/wp\/v2\/categories?post=370369"},{"taxonomy":"post_tag","embeddable":true,"href":"https:\/\/www.europesays.com\/fr\/wp-json\/wp\/v2\/tags?post=370369"}],"curies":[{"name":"wp","href":"https:\/\/api.w.org\/{rel}","templated":true}]}}