{"id":370383,"date":"2025-09-06T10:18:19","date_gmt":"2025-09-06T10:18:19","guid":{"rendered":"https:\/\/www.europesays.com\/fr\/370383\/"},"modified":"2025-09-06T10:18:19","modified_gmt":"2025-09-06T10:18:19","slug":"meurtres-a-douai-faut-il-regarder-le-telefilm-inedit-avec-sonia-rolland-diffuse-ce-samedi-6-septembre-2025-notre-avis-programme-tv-net","status":"publish","type":"post","link":"https:\/\/www.europesays.com\/fr\/370383\/","title":{"rendered":"Meurtres \u00e0 Douai : Faut-il regarder le t\u00e9l\u00e9film in\u00e9dit avec Sonia Rolland diffus\u00e9 ce samedi 6 septembre 2025 ? Notre avis &#8211; programme-tv.net"},"content":{"rendered":"<ol>\n<li><a href=\"https:\/\/news.google.com\/rss\/articles\/CBMi_gFBVV95cUxPdzAyUFdQNFY5aXVHaU9MZ1R2WkE3SldHSUFud3A0SGozNW9aVHNPMnRqYkpMd2FwNUNGMl9tRll6TVJBWFE1Qjc3OTdJdTBSUkRsM2VGVFZEeVZ1MVVob3hReHFEWjZPVHU4SFVkYzE4UUszdjFRMXhMaEpkVTkzdXMxYkVyVXN5YnVuTFpZaGtVNGowZ2FUcDdhUHJTQ2RtNjVlS2hQTHNkLWEwUldnYWxOQTl0VTZzYklHSU5Pa3Q2dXBkMlFMRU1DM0lyaVNyUG9WcS1PcTNUN3hVOGctMEZaVDYxbGZKYnBtZWQxa0VyNnQzX3FWcWVsVDkwdw?oc=5\" target=\"_blank\" rel=\"nofollow noopener\">Meurtres \u00e0 Douai : Faut-il regarder le t\u00e9l\u00e9film in\u00e9dit avec Sonia Rolland diffus\u00e9 ce samedi 6 septembre 2025 ? Notre avis<\/a>&nbsp;&nbsp;programme-tv.net<\/li>\n<li><a href=\"https:\/\/news.google.com\/rss\/articles\/CBMipwFBVV95cUxQRmN6M1J4LUpoaDBfeWZfN1Bhc2Zickp4ZHRQdHVLRk4waFU3WUdkeXI3VmF3MVUtMV9OWFJPWmpjZmZEVkxCeEVFR0V2RDJTR1lYSHlEMkdDc0ktYVdOdDBJNVFWN2dhQzBKTFB0WHRWUUVRTzQyUllvNkVCMUUtdTFVQXlxQ1dhUmNMektCaXRpZkF3OFRWbDl2VmY2TFdPNGhvUGlZZw?oc=5\" target=\"_blank\" rel=\"nofollow noopener\">Sonia Rolland et Nicolas Bridet m\u00e8nent l\u2019enqu\u00eate<\/a>&nbsp;&nbsp;francetelevisions.fr<\/li>\n<li><a href=\"https:\/\/news.google.com\/rss\/articles\/CBMiigFBVV95cUxPME01bk55ZldVd3paZFRMRHlKLTdTRk9sSzhyeUNidTg4dHFTaXZjamJtMnQ4enpmY1JEeFlxMUFUR0lGS2k0V0JHcmxNaEFvSExlbERHeVdkeUtTbHByVExNNWRxSTVWZnJtSjJLV0RRWnc0dnRqWFFqZWZCbUNKWnp4Ymh3amI5UlE?oc=5\" target=\"_blank\" rel=\"nofollow noopener\">\u201cMeurtres \u00e0 Douai\u201d : notre critique<\/a>&nbsp;&nbsp;T\u00e9l\u00e9rama<\/li>\n<li><a href=\"https:\/\/news.google.com\/rss\/articles\/CBMiywJBVV95cUxPUTR0ZEpaSkJ3eGVnZHE3dlV6bU5JekY2TXZ1YkNvRWl2M3hIbnNMXzN2VVJBV1dVbUM3ajdROUJYSnROenJOM1hzMWxpY3JOanBvOFh5TTZYVTNWZERTbDdCSlhMX0p5V0poUFROSFlaaDRVbTBVTmN2V0h4aHBXYWN0ZFY5WlRxUjB2YzRiTkhIVERGZWxtMWRObjlaald5M0V0S3E4a1Z5S1pxcW1oY3pZRjVJQ2c2dFNVb0VnRkhCallpSWtpeW1mQ29fVHZVS3ViWkJCSGd3R19WSk0xWGo1dDNFTS0yTmRoVkl5TXRnRUtzZDZtMTh4c3BPZXgzT05IbXFsY2xDbE1tNExKVFBDT2ZSdmFLNUgxZTZMVjBRbFFkZEtlWktoSWNMVkk0QlN0YVpGLWlKWG5BbV9tajVoV2h3RlNjRVlZ?oc=5\" target=\"_blank\" rel=\"nofollow noopener\">\u00ab\u00a0On m&rsquo;avait d\u00e9j\u00e0 propos\u00e9 de jouer dans un Meurtres \u00e0&#8230;\u00a0\u00bb : Sonia Rolland explique pourquoi elle a finalement accept\u00e9 de jouer dans Meurtres \u00e0 Douai diffus\u00e9 ce samedi 6 septembre 2025<\/a>&nbsp;&nbsp;programme-tv.net<\/li>\n<li><a href=\"https:\/\/news.google.com\/rss\/articles\/CBMi3AFBVV95cUxQZzFpTld3eWtFN0tKdzNpSGRCOFRhcE9ScXpEQ2pOS0s3Y1pIemxNTElhaFJmNEJRNDFUSHhwRlRUWENLN0ROMndBUnZ4dG9CZ0YtZ01tcFZnc0ZpMVJDUGpmbm5xRE1KWm1kdngzdE40dXp6VUNzSEliRURNb2VzRzdxVXkydjZiX0o5S1N1N2UwVHh3anp3d3hUcWVPMkpyU1V0YkZfNVVGS1B0ajR3T19fczFFUC1BQ0trRWVTTS1mSEgza2xncWhMVnVsb2pkanRodUR4ZTZPWl9L?oc=5\" target=\"_blank\" rel=\"nofollow noopener\">Sonia Rolland, jeune mari\u00e9e : \u00ab\u00a0notre vie \u00e9tait faite avant\u00a0\u00bb<\/a>&nbsp;&nbsp;Journal des Femmes<\/li>\n<\/ol>\n","protected":false},"excerpt":{"rendered":"Meurtres \u00e0 Douai : Faut-il regarder le t\u00e9l\u00e9film in\u00e9dit avec Sonia Rolland diffus\u00e9 ce samedi 6 septembre 2025&hellip;\n","protected":false},"author":2,"featured_media":1445,"comment_status":"","ping_status":"","sticky":false,"template":"","format":"standard","meta":{"footnotes":""},"categories":[1356],"tags":[58,59,1011,27,252,1364],"class_list":{"0":"post-370383","1":"post","2":"type-post","3":"status-publish","4":"format-standard","5":"has-post-thumbnail","7":"category-television","8":"tag-divertissement","9":"tag-entertainment","10":"tag-fr","11":"tag-france","12":"tag-television","13":"tag-tv"},"share_on_mastodon":{"url":"https:\/\/pubeurope.com\/@fr\/115156845340875803","error":""},"_links":{"self":[{"href":"https:\/\/www.europesays.com\/fr\/wp-json\/wp\/v2\/posts\/370383","targetHints":{"allow":["GET"]}}],"collection":[{"href":"https:\/\/www.europesays.com\/fr\/wp-json\/wp\/v2\/posts"}],"about":[{"href":"https:\/\/www.europesays.com\/fr\/wp-json\/wp\/v2\/types\/post"}],"author":[{"embeddable":true,"href":"https:\/\/www.europesays.com\/fr\/wp-json\/wp\/v2\/users\/2"}],"replies":[{"embeddable":true,"href":"https:\/\/www.europesays.com\/fr\/wp-json\/wp\/v2\/comments?post=370383"}],"version-history":[{"count":0,"href":"https:\/\/www.europesays.com\/fr\/wp-json\/wp\/v2\/posts\/370383\/revisions"}],"wp:featuredmedia":[{"embeddable":true,"href":"https:\/\/www.europesays.com\/fr\/wp-json\/wp\/v2\/media\/1445"}],"wp:attachment":[{"href":"https:\/\/www.europesays.com\/fr\/wp-json\/wp\/v2\/media?parent=370383"}],"wp:term":[{"taxonomy":"category","embeddable":true,"href":"https:\/\/www.europesays.com\/fr\/wp-json\/wp\/v2\/categories?post=370383"},{"taxonomy":"post_tag","embeddable":true,"href":"https:\/\/www.europesays.com\/fr\/wp-json\/wp\/v2\/tags?post=370383"}],"curies":[{"name":"wp","href":"https:\/\/api.w.org\/{rel}","templated":true}]}}