{"id":370384,"date":"2025-09-06T10:19:11","date_gmt":"2025-09-06T10:19:11","guid":{"rendered":"https:\/\/www.europesays.com\/fr\/370384\/"},"modified":"2025-09-06T10:19:11","modified_gmt":"2025-09-06T10:19:11","slug":"une-enfant-du-siecle-ou-la-jolie-erreur-de-parcours-dalizee","status":"publish","type":"post","link":"https:\/\/www.europesays.com\/fr\/370384\/","title":{"rendered":"\u00ab\u00a0Une enfant du si\u00e8cle\u00a0\u00bb ou la \u00ab\u00a0jolie erreur de parcours\u00a0\u00bb d\u2019Aliz\u00e9e"},"content":{"rendered":"<p> \u00abLa nostalgie de mes six albums r\u00e9sonnera pour vous, sur cette sc\u00e8ne mythique parisienne, qui fut la toute premi\u00e8re \u00e0 m\u2019avoir accueillie\u2026\u00a0\u00bb Dimanche et lundi, Aliz\u00e9e donne rendez-vous \u00e0 son public pour deux concerts, \u00e0 guichets ferm\u00e9s, \u00e0 L\u2019<a href=\"https:\/\/www.20minutes.fr\/dossier\/olympia\" class=\"c-link c-link--is-underlined\" target=\"_blank\" rel=\"noopener\">Olympia<\/a>. L\u2019artiste de 41 ans qui, depuis une dizaine d\u2019ann\u00e9es, a d\u00e9laiss\u00e9 la chanson pour l\u2019\u00e9cole de danse qu\u2019elle a ouverte en <a href=\"https:\/\/www.20minutes.fr\/dossier\/corse\" class=\"c-link c-link--is-underlined\" target=\"_blank\" rel=\"noopener\">Corse<\/a>, adresse ainsi un clin d\u2019\u0153il \u00e0 ses fans qui la suivent depuis Moi\u2026 Lolita. Vingt-cinq ann\u00e9es se sont \u00e9coul\u00e9es depuis ce tube sign\u00e9 par le tandem <a href=\"https:\/\/www.20minutes.fr\/dossier\/mylene_farmer\" class=\"c-link c-link--is-underlined\" target=\"_blank\" rel=\"noopener\">Myl\u00e8ne Farmer<\/a> &#8211; Laurent Boutonnat.<\/p>\n<p>Parmi les six albums qu\u2019elle \u00e9voque dans son message promotionnel, il en est un qui a une place \u00e0 part\u00a0: Une enfant du si\u00e8cle, sorti en\u00a02010 et dont elle n\u2019a pas assur\u00e9 la promotion, se contentant d\u2019un showcase de trois titres au Point Eph\u00e9m\u00e8re \u00e0 Paris. \u00ab\u00a0Elle l\u2019a compl\u00e8tement reni\u00e9, en disant qu\u2019elle ne se reconnaissait pas l\u00e0-dedans, avance \u00e0 20 Minutes Thibaud Carayol, cr\u00e9ateur du <a href=\"https:\/\/lejourpop.com\/\" rel=\"nofollow noopener\" target=\"_blank\" class=\"c-link c-link--is-underlined\">podcast \u00ab\u00a0Le jour pop\u00a0\u00bb<\/a>. C\u2019est une erreur de parcours. Mais une jolie erreur de parcours, parce que le disque est r\u00e9ussi.\u00a0\u00bb<\/p>\n<p>Se r\u00e9inventer, comme Madonna<\/p>\n<p>Au moment o\u00f9 Aliz\u00e9e se lance dans l\u2019aventure d\u2019Une enfant du si\u00e8cle, les ann\u00e9es Farmer\/Boutonnat, qui ont \u0153uvr\u00e9 sur ses deux premiers opus, sont d\u00e9j\u00e0 loin. En\u00a02007, la chanteuse a produit elle-m\u00eame son troisi\u00e8me album, Psych\u00e9d\u00e9lices, qui finira certifi\u00e9 disque d\u2019or, sur lequel elle a notamment travaill\u00e9 avec J\u00e9r\u00e9my Ch\u00e2telain, son mari de l\u2019\u00e9poque, en convoquant de solides signatures\u00a0: Daniel Darc, <a href=\"https:\/\/www.20minutes.fr\/dossier\/oxmo_puccino\" class=\"c-link c-link--is-underlined\" target=\"_blank\" rel=\"noopener\">Oxmo Puccino<\/a>, Jean Fauque\u2026<\/p>\n<p>\u00ab\u00a0Parmi la dizaine de titres, figure Fifty Sixty qui a \u00e9t\u00e9 remix\u00e9 quelque temps plus tard par un gars du label Institubes. Il a compl\u00e8tement retourn\u00e9 ce morceau, qui \u00e0 la base \u00e9tait tr\u00e8s pop et acidul\u00e9, en quelque chose de plus ind\u00e9 et branch\u00e9, raconte Thibaud Carayol. Ces sonorit\u00e9s plaisent \u00e0 Aliz\u00e9e. Elle est une grande fan de <a href=\"https:\/\/www.20minutes.fr\/dossier\/madonna\" class=\"c-link c-link--is-underlined\" target=\"_blank\" rel=\"noopener\">Madonna<\/a>. Je pense qu\u2019elle a \u00e9t\u00e9 influenc\u00e9e par cette id\u00e9e de se r\u00e9inventer, comme l\u2019a fait son idole en collaborant avec William Orbit et Mirwais\u00a0\u00bb. Aliz\u00e9e se rapproche donc d\u2019Institubes et notamment du trio Ch\u00e2teau Marmont qui a \u0153uvre sur l\u2019essentiel d\u2019Une enfant du si\u00e8cle. Un disque mis en vente \u00e0 la fin de l\u2019hiver\u00a02010.<\/p>\n<p>\u00ab\u00a0Il a \u00e9t\u00e9 plut\u00f4t bien re\u00e7u par la presse mais totalement d\u00e9fonc\u00e9 par son public. Les gens ont \u00e9t\u00e9 surpris par cette association. Apr\u00e8s, pour nous, c\u2019\u00e9tait d\u00e9j\u00e0 plus de disques qu\u2019on n\u2019esp\u00e9rait\u00a0\u00bb, a d\u00e9clar\u00e9 en\u00a02013 <a href=\"https:\/\/gonzai.com\/chateau-marmont-a-la-recherche-des-tempos-perdus\/\" rel=\"nofollow noopener\" target=\"_blank\" class=\"c-link c-link--is-underlined\">\u00e0 Gonzai<\/a>, Julien Galinier, l\u2019un des membres du groupe. \u00ab\u00a0En France, \u00e7a a d\u00fb faire 7.000, 8.000 disques vendus\u00a0\u00bb, a pr\u00e9cis\u00e9 son acolyte Guillaume De Maria.<\/p>\n<p class=\"mb-xxl@xs color-ultramarine font-weight-semi-bold@xs font-source-serif-pro heading-s@xs\">L\u2019acc\u00e8s \u00e0 ce contenu a \u00e9t\u00e9 bloqu\u00e9 afin de respecter votre choix de consentement<\/p>\n<p class=\"mb-m@xs text-l@xs\">En cliquant sur\u00ab J\u2019accepte \u00bb, vous acceptez le d\u00e9p\u00f4t de cookies par des services externes et aurez ainsi acc\u00e8s aux contenus de nos partenaires.<\/p>\n<p class=\"mb-xl@xs text-s@xs\">Plus d\u2019informations sur la page<a href=\"https:\/\/www.20minutes.fr\/gestion-cookies\" class=\"mx-xxs@xs color-ultramarine\" target=\"_blank\" rel=\"noopener\">Politique de gestion des cookies<\/a><\/p>\n<p>J\u2019accepte\u00ab\u00a0Un album qui ne lui ressemble pas\u00a0\u00bb<\/p>\n<p>\u00ab\u00a0Ils avaient sans doute envie de s\u2019encanailler, si je puis dire, avec l\u2019ic\u00f4ne pop mainstream qu\u2019\u00e9tait Aliz\u00e9e \u00e0 ce moment-l\u00e0, de jouer avec l\u2019id\u00e9e qu\u2019elle avait \u00e9t\u00e9 con\u00e7ue sur mesure par Myl\u00e8ne Farmer et Laurent Boutonnat, comme un produit format\u00e9 de l\u2019industrie. Mais, si on prend un peu de recul, les deux albums qu\u2019elle a fait avec Farmer et Boutonnat [Gourmandises et Mes courants \u00e9lectriques] sont beaucoup plus authentiques et proches d\u2019Aliz\u00e9e que ce qui a \u00e9t\u00e9 fait par Ch\u00e2teau Marmont. Eux ont projet\u00e9 dans leurs compositions ce qu\u2019ils voyaient d\u2019Aliz\u00e9e. Mais, du coup, c\u2019est un album qui ne lui ressemble pas\u00a0\u00bb, estime Thibaud Carayol.<\/p>\n<p>Il faut dire qu\u2019Une enfant du si\u00e8cle est un concept album inspir\u00e9 de la vie et du destin tragique d\u2019Edie Sedgwick, actrice, mannequin et \u00e9g\u00e9rie d\u2019<a href=\"https:\/\/www.20minutes.fr\/dossier\/andy_warhol\" class=\"c-link c-link--is-underlined\" target=\"_blank\" rel=\"noopener\">Andy Warhol<\/a>. Le disque est un voyage \u00e9lectro, un brin pop, dans le New York bouillonnant des ann\u00e9es\u00a01960. Les morceaux convoquent une nostalgie planante, une l\u00e9g\u00e8ret\u00e9 solennelle, le revers sombre des projecteurs\u2026<\/p>\n<\/p>\n<p>Thibaud Carayol reprend\u00a0: \u00ab\u00a0A l\u2019\u00e9poque, elle avait un public venu de Farmer, qui avait entre 15 et 20 ans au moment de Moi\u2026 Lolita et donc dix ann\u00e9es de plus au moment d\u2019Une enfant du si\u00e8cle, et qui a pu accrocher avec ce qu\u2019elle proposait. Mais le grand public, lui, s\u2019est lass\u00e9 et ne l\u2019a pas suivie. Tout comme, \u00e0 la m\u00eame p\u00e9riode, il n\u2019a pas suivi <a href=\"https:\/\/www.20minutes.fr\/dossier\/jenifer\" class=\"c-link c-link--is-underlined\" target=\"_blank\" rel=\"noopener\">Jenifer<\/a>, et encore moins <a href=\"https:\/\/www.20minutes.fr\/tempo\/style\/4076381-20240215-vingt-ans-apres-avoir-fait-chavirer-france-lorie-plus-jamais-phase-temps\" target=\"_blank\" class=\"c-link c-link--is-underlined\" rel=\"noopener\">Lorie<\/a>.\u00a0\u00bb Le quatri\u00e8me album d\u2019Aliz\u00e9e n\u2019a donc vu qu\u2019un seul de ses titres, Les Collines (Never Leave You), sortir en single.<\/p>\n<p>\u00ab\u00a0Un cadeau \u00e0 son public\u00a0\u00bb<\/p>\n<p>Par la suite, Aliz\u00e9e sortira deux autres albums, 5, en\u00a02013, et Blonde, en\u00a02014, dans la foul\u00e9e de sa victoire dans \u00ab\u00a0<a href=\"https:\/\/www.20minutes.fr\/arts-stars\/television\/danse_avec_les_stars\/\" class=\"c-link c-link--is-underlined\" target=\"_blank\" rel=\"noopener\">Danse avec les stars<\/a>\u00a0\u00bb. Ce dernier disque, produit par <a href=\"https:\/\/www.20minutes.fr\/arts-stars\/people\/4138175-20250211-pascal-obispo-revient-propos-cash-sujet-gagnants-star-academy\" target=\"_blank\" class=\"c-link c-link--is-underlined\" rel=\"noopener\">Pascal Obispo<\/a>, n\u2019a pas non plus trouv\u00e9 son public. \u00ab\u00a0C\u2019est ce qui l\u2019a convaincue, je pense, de faire une pause dans la musique, estime Thibaud Carayol. Et la pause dure depuis plus de dix ans maintenant. Elle s\u2019est depuis \u00e9panouie totalement dans la danse, avec son \u00e9cole, son mari et ses enfants. Je ne suis pas s\u00fbr que ses deux Olympia laissent augurer d\u2019un retour \u00e0 la chanson. C\u2019est surtout un cadeau qu\u2019elle fait \u00e0 son public.\u00a0\u00bb<\/p>\n<p><a href=\"https:\/\/www.20minutes.fr\/arts-stars\/culture\/musique\/\" class=\"c-link c-btn c-btn--primary\" target=\"_blank\" rel=\"noopener\">Tous nos articles Musique<\/a><\/p>\n<p>Si elle interpr\u00e8te ne serait-ce qu\u2019un titre d\u2019Une enfant du si\u00e8cle, la surprise sera particuli\u00e8rement forte. Si elle ne le fait pas, l\u2019album consolidera son statut de disque maudit\u2026 Alors qu\u2019il m\u00e9rite largement d\u2019\u00eatre red\u00e9couvert\u00a0!<\/p>\n","protected":false},"excerpt":{"rendered":"\u00abLa nostalgie de mes six albums r\u00e9sonnera pour vous, sur cette sc\u00e8ne mythique parisienne, qui fut la toute&hellip;\n","protected":false},"author":2,"featured_media":370385,"comment_status":"","ping_status":"","sticky":false,"template":"","format":"standard","meta":{"footnotes":""},"categories":[1355],"tags":[5551,251,58,59,1011,27,1361,873,6384,13995],"class_list":{"0":"post-370384","1":"post","2":"type-post","3":"status-publish","4":"format-standard","5":"has-post-thumbnail","7":"category-musique","8":"tag-chanson-francaise","9":"tag-culture","10":"tag-divertissement","11":"tag-entertainment","12":"tag-fr","13":"tag-france","14":"tag-music","15":"tag-musique","16":"tag-musique-electronique","17":"tag-mylene-farmer"},"share_on_mastodon":{"url":"https:\/\/pubeurope.com\/@fr\/115156848813811665","error":""},"_links":{"self":[{"href":"https:\/\/www.europesays.com\/fr\/wp-json\/wp\/v2\/posts\/370384","targetHints":{"allow":["GET"]}}],"collection":[{"href":"https:\/\/www.europesays.com\/fr\/wp-json\/wp\/v2\/posts"}],"about":[{"href":"https:\/\/www.europesays.com\/fr\/wp-json\/wp\/v2\/types\/post"}],"author":[{"embeddable":true,"href":"https:\/\/www.europesays.com\/fr\/wp-json\/wp\/v2\/users\/2"}],"replies":[{"embeddable":true,"href":"https:\/\/www.europesays.com\/fr\/wp-json\/wp\/v2\/comments?post=370384"}],"version-history":[{"count":0,"href":"https:\/\/www.europesays.com\/fr\/wp-json\/wp\/v2\/posts\/370384\/revisions"}],"wp:featuredmedia":[{"embeddable":true,"href":"https:\/\/www.europesays.com\/fr\/wp-json\/wp\/v2\/media\/370385"}],"wp:attachment":[{"href":"https:\/\/www.europesays.com\/fr\/wp-json\/wp\/v2\/media?parent=370384"}],"wp:term":[{"taxonomy":"category","embeddable":true,"href":"https:\/\/www.europesays.com\/fr\/wp-json\/wp\/v2\/categories?post=370384"},{"taxonomy":"post_tag","embeddable":true,"href":"https:\/\/www.europesays.com\/fr\/wp-json\/wp\/v2\/tags?post=370384"}],"curies":[{"name":"wp","href":"https:\/\/api.w.org\/{rel}","templated":true}]}}