{"id":370390,"date":"2025-09-06T10:22:10","date_gmt":"2025-09-06T10:22:10","guid":{"rendered":"https:\/\/www.europesays.com\/fr\/370390\/"},"modified":"2025-09-06T10:22:10","modified_gmt":"2025-09-06T10:22:10","slug":"mercato-ol-apres-ghezzal-une-autre-star-africaine-attendue-a-lyon","status":"publish","type":"post","link":"https:\/\/www.europesays.com\/fr\/370390\/","title":{"rendered":"Mercato OL : Apr\u00e8s Ghezzal, une autre star africaine attendue \u00e0 Lyon ?"},"content":{"rendered":"<p><a href=\"https:\/\/www.goal.com\/fr\/listes\/mercato-l-ol-rapatrie-un-ancien-cadre-de-son-effectif\/blta11e2b415ecac39c\" target=\"_self\" rel=\"noopener\">Le retour de Rachid Ghezzal entre Rh\u00f4ne et Sa\u00f4ne a surpris plus d\u2019un observateur. Huit ans apr\u00e8s son d\u00e9part, l\u2019ailier alg\u00e9rien de 33 ans retrouve son club formateur et suscite l\u2019enthousiasme des supporters<\/a>. Son exp\u00e9rience et sa qualit\u00e9 technique devraient lui permettre d\u2019apporter des solutions offensives pr\u00e9cieuses \u00e0 Paulo Fonseca. Mais le joueur n\u2019est pas seulement revenu pour \u00e9voluer sur le terrain. Dans un \u00e9change t\u00e9l\u00e9vis\u00e9, il a souffl\u00e9 une id\u00e9e audacieuse \u00e0 ses dirigeants : tenter l\u2019aventure avec un attaquant star de l\u2019Afrique centrale, aujourd\u2019hui libre de tout contrat.<\/p>\n<p>Contenu externe recommand\u00e9Vid\u00e9oNous avons besoin de votre consentement pour vous montrer le contenu int\u00e9gr\u00e9 de notre \u00e9quipe \u00e9ditorialeVid\u00e9o . Vous pouvez activer ceci (et tous les autres \u00e9l\u00e9ments int\u00e9gr\u00e9s \u00e0 partir deVid\u00e9o (via goal.com) en un seul clic et d\u00e9sactivez-le \u00e9galement.Toujours afficherVid\u00e9o contenuJe confirme que je souhaite voir du contenu externe. Des donn\u00e9es personnelles identifiables pourraient \u00eatre transf\u00e9r\u00e9es \u00e0 des tiers.<a href=\"https:\/\/www.goal.com\/fr\/l%C3%A9gal\/politique-priv%C3%A9e\" target=\"_blank\" rel=\"noreferrer noopener\"> Pour en savoir plus, consultez notre politique de confidentialit\u00e9.<\/a> .<\/p>\n","protected":false},"excerpt":{"rendered":"Le retour de Rachid Ghezzal entre Rh\u00f4ne et Sa\u00f4ne a surpris plus d\u2019un observateur. Huit ans apr\u00e8s son&hellip;\n","protected":false},"author":2,"featured_media":370391,"comment_status":"","ping_status":"","sticky":false,"template":"","format":"standard","meta":{"footnotes":""},"categories":[9],"tags":[1011,27,66,2428,1434,50466,60,28401,50467],"class_list":{"0":"post-370390","1":"post","2":"type-post","3":"status-publish","4":"format-standard","5":"has-post-thumbnail","7":"category-sports","8":"tag-fr","9":"tag-france","10":"tag-ligue-1","11":"tag-lyon","12":"tag-mercato","13":"tag-r-ghezzal","14":"tag-sports","15":"tag-transfers","16":"tag-v-aboubakar"},"share_on_mastodon":{"url":"https:\/\/pubeurope.com\/@fr\/115156860492616081","error":""},"_links":{"self":[{"href":"https:\/\/www.europesays.com\/fr\/wp-json\/wp\/v2\/posts\/370390","targetHints":{"allow":["GET"]}}],"collection":[{"href":"https:\/\/www.europesays.com\/fr\/wp-json\/wp\/v2\/posts"}],"about":[{"href":"https:\/\/www.europesays.com\/fr\/wp-json\/wp\/v2\/types\/post"}],"author":[{"embeddable":true,"href":"https:\/\/www.europesays.com\/fr\/wp-json\/wp\/v2\/users\/2"}],"replies":[{"embeddable":true,"href":"https:\/\/www.europesays.com\/fr\/wp-json\/wp\/v2\/comments?post=370390"}],"version-history":[{"count":0,"href":"https:\/\/www.europesays.com\/fr\/wp-json\/wp\/v2\/posts\/370390\/revisions"}],"wp:featuredmedia":[{"embeddable":true,"href":"https:\/\/www.europesays.com\/fr\/wp-json\/wp\/v2\/media\/370391"}],"wp:attachment":[{"href":"https:\/\/www.europesays.com\/fr\/wp-json\/wp\/v2\/media?parent=370390"}],"wp:term":[{"taxonomy":"category","embeddable":true,"href":"https:\/\/www.europesays.com\/fr\/wp-json\/wp\/v2\/categories?post=370390"},{"taxonomy":"post_tag","embeddable":true,"href":"https:\/\/www.europesays.com\/fr\/wp-json\/wp\/v2\/tags?post=370390"}],"curies":[{"name":"wp","href":"https:\/\/api.w.org\/{rel}","templated":true}]}}