{"id":370398,"date":"2025-09-06T10:26:12","date_gmt":"2025-09-06T10:26:12","guid":{"rendered":"https:\/\/www.europesays.com\/fr\/370398\/"},"modified":"2025-09-06T10:26:12","modified_gmt":"2025-09-06T10:26:12","slug":"le-japon-celebre-la-majorite-du-seul-jeune-heritier-masculin-au-trone-actualites","status":"publish","type":"post","link":"https:\/\/www.europesays.com\/fr\/370398\/","title":{"rendered":"Le Japon c\u00e9l\u00e8bre la majorit\u00e9 du seul jeune h\u00e9ritier masculin au tr\u00f4ne : Actualit\u00e9s"},"content":{"rendered":"<p class=\"lead \">Le Japon a c\u00e9l\u00e9br\u00e9 samedi l&rsquo;entr\u00e9e dans l&rsquo;\u00e2ge adulte du prince Hisahito, seul jeune h\u00e9ritier masculin au tr\u00f4ne, sur les \u00e9paules duquel repose l&rsquo;avenir de la famille imp\u00e9riale.<\/p>\n<p class=\"lead \">Le neveu de l&#8217;empereur Naruhito, deuxi\u00e8me dans l&rsquo;ordre de succession apr\u00e8s son p\u00e8re, a re\u00e7u une coiffe traditionnelle faite de soie noire et de laque, symbolisant sa maturit\u00e9, lors de la c\u00e9r\u00e9monie officielle au palais imp\u00e9rial de Tokyo.<\/p>\n<p class=\"lead \">\u00ab\u00a0Je m&rsquo;acquitterai de mes devoirs, conscient de mes responsabilit\u00e9s en tant que membre adulte de la famille imp\u00e9riale\u00a0\u00bb, a d\u00e9clar\u00e9 le prince, portant le costume jaune traditionnel des mineurs, devant l&#8217;empereur Naruhito et l&rsquo;imp\u00e9ratrice Masako.<\/p>\n<p class=\"lead \">Il a ensuite rev\u00eatu un v\u00eatement sombre r\u00e9serv\u00e9 aux membres adultes de la famille royale, avant de monter \u00e0 bord d&rsquo;une cal\u00e8che pour assister \u00e0 la suite de la c\u00e9r\u00e9monie.<\/p>\n<p class=\"lead \">Le jeune \u00e9tudiant f\u00eatait ses 19 ans samedi. Il est devenu majeur \u00e0 ses 18 ans, mais la c\u00e9r\u00e9monie a \u00e9t\u00e9 retard\u00e9e d&rsquo;un an pour lui permettre de terminer ses \u00e9tudes secondaires.<\/p>\n<p class=\"lead \">Il est le fils unique du prince Akishino, 59 ans, fr\u00e8re de l&#8217;empereur Naruhito, 65 ans, et de la princesse Kiko, 58 ans.<\/p>\n<p class=\"lead \">La famille imp\u00e9riale ne d\u00e9tient aucun pouvoir politique mais conserve une forte valeur symbolique au Japon.<\/p>\n<p class=\"lead \">&#8211; Succession en question &#8211;<\/p>\n<p class=\"lead \">La princesse Aiko, 23 ans, fille unique de Naruhito, ne peut pas succ\u00e9der \u00e0 son p\u00e8re selon une r\u00e8gle en vigueur depuis 1947, car elle est une femme, une disposition critiqu\u00e9e par un comit\u00e9 de l&rsquo;ONU.<\/p>\n<p class=\"lead \">Pourtant, neuf japonais sur dix sont favorables \u00e0 ce qu&rsquo;une femme puisse acc\u00e9der au tr\u00f4ne, selon un sondage de l&rsquo;agence de presse Kyodo. <\/p>\n<p class=\"lead \">\u00ab\u00a0Pour moi, cela ne fait aucune diff\u00e9rence qu&rsquo;une femme ou un homme devienne empereur\u00a0\u00bb, a d\u00e9clar\u00e9 \u00e0 l&rsquo;AFP Yuta Hinago, barman \u00e0 Tokyo. <\/p>\n<p class=\"lead \">\u00ab\u00a0Le genre n&rsquo;a pas d&rsquo;importance\u00a0\u00bb, a rench\u00e9ri Minori Ichinose, 28 ans, vendeuse, ajoutant soutenir l&rsquo;id\u00e9e d&rsquo;une imp\u00e9ratrice.<\/p>\n<p class=\"lead \">La question de la succession royale agite le Japon depuis des d\u00e9cennies. En 2005, un comit\u00e9 gouvernemental avait recommand\u00e9 que celle-ci revienne \u00e0 l&rsquo;enfant a\u00een\u00e9, quel que soit son sexe.<\/p>\n<p class=\"lead \">Cette d\u00e9cision semblait ouvrir la voie \u00e0 la fille de l&#8217;empereur, mais la naissance de Hisahito l&rsquo;ann\u00e9e suivante avait mis fin au d\u00e9bat.<\/p>\n<p class=\"lead \">Selon la religion shinto, les empereurs du Japon descendent de la d\u00e9esse du soleil, Amaterasu, et la l\u00e9gende fait remonter leur lign\u00e9e \u00e0 plus de 2.600 ans.<\/p>\n<p class=\"lead \">Apr\u00e8s la d\u00e9faite du Japon \u00e0 la fin de la Deuxi\u00e8me Guerre mondiale, l&rsquo;occupant am\u00e9ricain avait maintenu l&rsquo;institution pour pr\u00e9server la coh\u00e9sion nationale.<\/p>\n<p class=\"lead \">Les traditionalistes estiment que la \u00ab\u00a0lign\u00e9e imp\u00e9riale ininterrompue\u00a0\u00bb masculine est le fondement du Japon, et qu&rsquo;un changement diviserait le pays.<\/p>\n<p class=\"lead \">-Femmes sous pression &#8211;<\/p>\n<p class=\"lead \">Historiquement, les \u00e9pouses des membres de la famille royale ont subi une pression intense pour donner naissance \u00e0 des fils.<\/p>\n<p class=\"lead \">L&rsquo;imp\u00e9ratrice Masako, ancienne diplomate de haut rang, a longtemps souffert d&rsquo;une maladie li\u00e9e au stress apr\u00e8s avoir int\u00e9gr\u00e9 la famille royale, attribu\u00e9e par certains \u00e0 la pression d&rsquo;avoir un gar\u00e7on. <\/p>\n<p class=\"lead \">La s\u0153ur de Hisahito, Mako, a \u00e9pous\u00e9 son petit ami d&rsquo;universit\u00e9 et d\u00e9velopp\u00e9 un syndrome de stress post-traumatique en raison de l&rsquo;int\u00e9r\u00eat intense de la presse \u00e0 scandale pour sa belle-famille. Le couple vit d\u00e9sormais aux \u00c9tats-Unis, o\u00f9 ils ont eu un b\u00e9b\u00e9.<\/p>\n<p class=\"lead \">Lorsqu&rsquo;elles se marient, les femmes de la famille royale sont contraintes de quitter leur famille. Pour moderniser l&rsquo;institution, une proposition pr\u00e9voit qu&rsquo;elles puissent continuer \u00e0 exercer leurs fonctions publiques apr\u00e8s leurs noces.<\/p>\n<p class=\"lead \">Les conservateurs, eux, font plut\u00f4t pression pour que la famille royale r\u00e9int\u00e8gre des parents \u00e9loign\u00e9s masculins.<\/p>\n<p class=\"lead \">Mais il n&rsquo;est pas certain que ces hommes soient pr\u00eats \u00e0 renoncer \u00e0 leur libert\u00e9 pour perp\u00e9tuer la lign\u00e9e.<\/p>\n<p class=\"small font-weight-bold text-gray3 \"> publi\u00e9 le 6 septembre \u00e0 11h56, AFP<\/p>\n<p>                             Partager<\/p>\n","protected":false},"excerpt":{"rendered":"Le Japon a c\u00e9l\u00e9br\u00e9 samedi l&rsquo;entr\u00e9e dans l&rsquo;\u00e2ge adulte du prince Hisahito, seul jeune h\u00e9ritier masculin au tr\u00f4ne,&hellip;\n","protected":false},"author":2,"featured_media":370399,"comment_status":"","ping_status":"","sticky":false,"template":"","format":"standard","meta":{"footnotes":""},"categories":[5],"tags":[11,1011,27,14,2070,12,6229,16667,28],"class_list":{"0":"post-370398","1":"post","2":"type-post","3":"status-publish","4":"format-standard","5":"has-post-thumbnail","7":"category-international","8":"tag-actualites","9":"tag-fr","10":"tag-france","11":"tag-international","12":"tag-japon","13":"tag-news","14":"tag-royaut","15":"tag-succession","16":"tag-world"},"share_on_mastodon":{"url":"https:\/\/pubeurope.com\/@fr\/115156876371596941","error":""},"_links":{"self":[{"href":"https:\/\/www.europesays.com\/fr\/wp-json\/wp\/v2\/posts\/370398","targetHints":{"allow":["GET"]}}],"collection":[{"href":"https:\/\/www.europesays.com\/fr\/wp-json\/wp\/v2\/posts"}],"about":[{"href":"https:\/\/www.europesays.com\/fr\/wp-json\/wp\/v2\/types\/post"}],"author":[{"embeddable":true,"href":"https:\/\/www.europesays.com\/fr\/wp-json\/wp\/v2\/users\/2"}],"replies":[{"embeddable":true,"href":"https:\/\/www.europesays.com\/fr\/wp-json\/wp\/v2\/comments?post=370398"}],"version-history":[{"count":0,"href":"https:\/\/www.europesays.com\/fr\/wp-json\/wp\/v2\/posts\/370398\/revisions"}],"wp:featuredmedia":[{"embeddable":true,"href":"https:\/\/www.europesays.com\/fr\/wp-json\/wp\/v2\/media\/370399"}],"wp:attachment":[{"href":"https:\/\/www.europesays.com\/fr\/wp-json\/wp\/v2\/media?parent=370398"}],"wp:term":[{"taxonomy":"category","embeddable":true,"href":"https:\/\/www.europesays.com\/fr\/wp-json\/wp\/v2\/categories?post=370398"},{"taxonomy":"post_tag","embeddable":true,"href":"https:\/\/www.europesays.com\/fr\/wp-json\/wp\/v2\/tags?post=370398"}],"curies":[{"name":"wp","href":"https:\/\/api.w.org\/{rel}","templated":true}]}}