{"id":370401,"date":"2025-09-06T10:28:11","date_gmt":"2025-09-06T10:28:11","guid":{"rendered":"https:\/\/www.europesays.com\/fr\/370401\/"},"modified":"2025-09-06T10:28:11","modified_gmt":"2025-09-06T10:28:11","slug":"le-japon-celebre-la-majorite-du-prince-hisahito-seul-jeune-heritier-masculin-au-trone","status":"publish","type":"post","link":"https:\/\/www.europesays.com\/fr\/370401\/","title":{"rendered":"Le Japon c\u00e9l\u00e8bre la majorit\u00e9 du prince Hisahito, seul jeune h\u00e9ritier masculin au tr\u00f4ne"},"content":{"rendered":"<p>                          <img loading=\"lazy\" decoding=\"async\" src=\"https:\/\/www.europesays.com\/fr\/wp-content\/uploads\/2025\/09\/ab6830a_ftp-import-images-1-cuvcylrzzbdb-5808979-01-06.jpg\" alt=\"Le prince japonais Hisahito, fils du prince h\u00e9ritier Akishino, se rend en cal\u00e8che au palais imp\u00e9rial de Tokyo, le 6\u00a0septembre\u00a02025.\"   width=\"664\" height=\"443\"\/>    Le prince japonais Hisahito, fils du prince h\u00e9ritier Akishino, se rend en cal\u00e8che au palais imp\u00e9rial de Tokyo, le 6\u00a0septembre\u00a02025.  YOSHIKAZU TSUNO\/AFP                          <\/p>\n<p class=\"article__paragraph  \">Le Japon a c\u00e9l\u00e9br\u00e9 l\u2019entr\u00e9e dans l\u2019\u00e2ge adulte du prince Hisahito, samedi 6\u00a0septembre, deuxi\u00e8me dans l\u2019ordre de succession apr\u00e8s son p\u00e8re, le prince Akishino et fr\u00e8re de l\u2019empereur Naruhito. Il est le seul jeune h\u00e9ritier masculin au tr\u00f4ne, sur les \u00e9paules duquel repose l\u2019avenir de la famille imp\u00e9riale qui ne d\u00e9tient aucun pouvoir politique mais conserve une forte valeur symbolique au Japon.<\/p>\n<p class=\"article__paragraph  \">Lors de la c\u00e9r\u00e9monie officielle, au palais imp\u00e9rial de Tokyo, le prince Hisahito a re\u00e7u une coiffe traditionnelle faite de soie noire et de laque, symbolisant sa maturit\u00e9. \u00ab\u00a0Je m\u2019acquitterai de mes devoirs, conscient de mes responsabilit\u00e9s en tant que membre adulte de la famille imp\u00e9riale\u00a0\u00bb, a d\u00e9clar\u00e9 le prince, portant le costume jaune traditionnel des mineurs, devant l\u2019empereur Naruhito et l\u2019imp\u00e9ratrice Masako.<\/p>\n<p class=\"article__paragraph  \">Il a ensuite rev\u00eatu un v\u00eatement sombre r\u00e9serv\u00e9 aux membres adultes de la famille royale, avant de monter \u00e0 bord d\u2019une cal\u00e8che pour assister \u00e0 la suite de la c\u00e9r\u00e9monie. L\u2019\u00e9tudiant f\u00eatait ses 19\u00a0ans samedi. Il est devenu majeur \u00e0 ses 18\u00a0ans, mais la c\u00e9r\u00e9monie a \u00e9t\u00e9 retard\u00e9e d\u2019un an pour lui permettre de terminer ses \u00e9tudes secondaires.<\/p>\n<p>                                       Lire l\u2019analyse |  Article r\u00e9serv\u00e9 \u00e0 nos abonn\u00e9s  <a href=\"https:\/\/www.lemonde.fr\/idees\/article\/2019\/04\/26\/l-empereur-du-japon-maitre-du-ciel-garant-des-institutions-laiques_5455324_3232.html\" class=\"js-article-read-also catcher--favoris__link\" data-premium=\"1\" id=\"article-title-3080063\" rel=\"nofollow noopener\" target=\"_blank\">L\u2019empereur du Japon, \u00ab\u00a0ma\u00eetre du ciel\u00a0\u00bb garant des institutions la\u00efques<\/a>    <\/p>\n<p>   Lire plus tard  <\/p>\n<p>                          Neuf Japonais sur dix favorables \u00e0 l\u2019accession au tr\u00f4ne d\u2019une femme                    <\/p>\n<p class=\"article__paragraph  \">La princesse Aiko, 23\u00a0ans, enfant unique de Naruhito, ne peut succ\u00e9der \u00e0 son p\u00e8re selon une r\u00e8gle en vigueur depuis 1947, car c\u2019est une femme\u00a0; une disposition critiqu\u00e9e par un comit\u00e9 de l\u2019Organisation des Nations unies. Pourtant, neuf Japonais sur dix sont favorables \u00e0 ce qu\u2019une femme puisse acc\u00e9der au tr\u00f4ne, selon un sondage de l\u2019agence de presse Kyodo.<\/p>\n<p class=\"article__paragraph  \">La question de la succession royale agite le Japon depuis des d\u00e9cennies. En\u00a02005, un comit\u00e9 gouvernemental avait recommand\u00e9 que celle-ci revienne \u00e0 l\u2019enfant a\u00een\u00e9, femme ou homme. Cette d\u00e9cision semblait ouvrir la voie \u00e0 la fille de l\u2019empereur, mais la naissance de Hisahito l\u2019ann\u00e9e suivante avait mis fin au d\u00e9bat.<\/p>\n<p class=\"article__paragraph  \">Selon la religion shinto, les empereurs du Japon descendent de la d\u00e9esse du soleil, Amaterasu, et la l\u00e9gende fait remonter leur lign\u00e9e \u00e0 plus de deux mille six cents ans. Apr\u00e8s la d\u00e9faite du Japon \u00e0 la fin de la seconde guerre mondiale, l\u2019occupant am\u00e9ricain avait maintenu l\u2019institution pour pr\u00e9server la coh\u00e9sion nationale. Les traditionalistes estiment que la \u00ab\u00a0lign\u00e9e imp\u00e9riale ininterrompue\u00a0\u00bb masculine est le fondement du Japon, et qu\u2019un changement diviserait le pays.<\/p>\n<p>                                       Lire aussi (2006) |  <a href=\"https:\/\/www.lemonde.fr\/asie-pacifique\/article\/2006\/09\/06\/au-japon-la-naissance-d-un-garcon-dans-la-famille-imperiale-clot-temporairement-la-crise-de-succession-au-trone_809898_3216.html\" class=\"js-article-read-also catcher--favoris__link\" data-premium=\"\" id=\"article-title-746519\" rel=\"nofollow noopener\" target=\"_blank\">Au Japon, la naissance d&rsquo;un gar\u00e7on dans la famille imp\u00e9riale cl\u00f4t temporairement la crise de succession au tr\u00f4ne<\/a>    <\/p>\n<p>   Lire plus tard  <\/p>\n<p>                          Pression                    <\/p>\n<p class=\"article__paragraph  \">Historiquement, les \u00e9pouses des membres de la famille royale ont subi une pression intense pour donner naissance \u00e0 des fils. L\u2019imp\u00e9ratrice Masako, ancienne diplomate de haut rang, a longtemps souffert d\u2019une maladie li\u00e9e au stress apr\u00e8s avoir int\u00e9gr\u00e9 la famille royale, attribu\u00e9e par certains \u00e0 la pression d\u2019avoir un gar\u00e7on.<\/p>\n<p> Le Monde M\u00e9morable  <\/p>\n<p> <a href=\"https:\/\/www.lemonde.fr\/memorable\/?rfextension=inread\" class=\"inread__link js-services-inread-link\" target=\"_blank\" rel=\"nofollow noopener\">  <\/p>\n<p>Testez votre culture g\u00e9n\u00e9rale avec la r\u00e9daction du \u00ab Monde \u00bb<\/p>\n<p>Testez votre culture g\u00e9n\u00e9rale avec la r\u00e9daction du \u00ab Monde \u00bb<\/p>\n<p>D\u00e9couvrir<\/p>\n<p> <\/a>      <\/p>\n<p> Newsletter  <\/p>\n<p> <a href=\"https:\/\/www.lemonde.fr\/newsletters\/a-la-une\/\" class=\"inread__link js-services-inread-link\" target=\"_blank\" rel=\"nofollow noopener\">  <\/p>\n<p>\u00ab A la une \u00bb<\/p>\n<p>Chaque matin, parcourez l&rsquo;essentiel de l&rsquo;actualit\u00e9 du jour avec les derniers titres du \u00ab Monde \u00bb<\/p>\n<p>S&rsquo;inscrire<\/p>\n<p> <\/a>          <\/p>\n<p> Le Monde Application  <\/p>\n<p> <a href=\"https:\/\/lamatinale.onelink.me\/gKMy\/ahw2ubr3\" class=\"inread__link js-services-inread-link\" target=\"_blank\" rel=\"nofollow noopener\">  <\/p>\n<p>La Matinale du Monde<\/p>\n<p>Chaque matin, retrouvez notre s\u00e9lection de 20 articles \u00e0 ne pas manquer <\/p>\n<p>T\u00e9l\u00e9charger l&rsquo;application<\/p>\n<p> <\/a>      <\/p>\n<p> Newsletter abonn\u00e9s  <\/p>\n<p> <a href=\"https:\/\/www.lemonde.fr\/newsletters\/international\/\" class=\"inread__link js-services-inread-link\" target=\"_blank\" rel=\"nofollow noopener\">  <\/p>\n<p>\u00ab International \u00bb<\/p>\n<p>L\u2019essentiel de l\u2019actualit\u00e9 internationale de la semaine<\/p>\n<p>S&rsquo;inscrire<\/p>\n<p> <\/a>             <\/p>\n<p class=\"article__paragraph  \">La s\u0153ur de Hisahito, Mako, a \u00e9pous\u00e9 son petit ami rencontr\u00e9 \u00e0 l\u2019universit\u00e9 et a d\u00e9velopp\u00e9 un syndrome de stress post-traumatique en raison de l\u2019int\u00e9r\u00eat intense de la presse \u00e0 scandale pour sa belle-famille. Le couple vit d\u00e9sormais aux Etats-Unis, o\u00f9 il a eu un enfant. Lorsqu\u2019elles se marient, les femmes de la famille royale sont contraintes de quitter leur famille. Pour moderniser l\u2019institution, une proposition pr\u00e9voit qu\u2019elles puissent continuer \u00e0 exercer leurs fonctions publiques apr\u00e8s leurs noces.<\/p>\n<p class=\"article__paragraph  \">Les conservateurs, eux, font plut\u00f4t pression pour que la famille royale r\u00e9int\u00e8gre des parents \u00e9loign\u00e9s masculins. Mais il n\u2019est pas certain que ces hommes soient pr\u00eats \u00e0 renoncer \u00e0 leur libert\u00e9 pour perp\u00e9tuer la lign\u00e9e.<\/p>\n<p>                                       Lire aussi (2004) |  Article r\u00e9serv\u00e9 \u00e0 nos abonn\u00e9s  <a href=\"https:\/\/www.lemonde.fr\/archives\/article\/2004\/05\/20\/au-japon-le-protocole-etouffe-princes-et-princesses_365536_1819218.html\" class=\"js-article-read-also catcher--favoris__link\" data-premium=\"1\" id=\"article-title-855346\" rel=\"nofollow noopener\" target=\"_blank\">Au Japon, le protocole \u00e9touffe princes et princesses                                                                                                                                                                                                            <\/a>    <\/p>\n<p>   Lire plus tard  <\/p>\n<p class=\"author__detail\">  Le Monde avec AFP  <\/p>\n<p>                  <a href=\"https:\/\/www.lemonde.fr\/syndication\/\" class=\"reuse__content\" title=\"R\u00e9utiliser ce contenu\" target=\"_blank\" rel=\"nofollow noopener\">R\u00e9utiliser ce contenu<\/a>      <\/p>\n","protected":false},"excerpt":{"rendered":"Le prince japonais Hisahito, fils du prince h\u00e9ritier Akishino, se rend en cal\u00e8che au palais imp\u00e9rial de Tokyo,&hellip;\n","protected":false},"author":2,"featured_media":370402,"comment_status":"","ping_status":"","sticky":false,"template":"","format":"standard","meta":{"footnotes":""},"categories":[2],"tags":[11,1011,27,12],"class_list":{"0":"post-370401","1":"post","2":"type-post","3":"status-publish","4":"format-standard","5":"has-post-thumbnail","7":"category-actualites","8":"tag-actualites","9":"tag-fr","10":"tag-france","11":"tag-news"},"share_on_mastodon":{"url":"https:\/\/pubeurope.com\/@fr\/115156884874715646","error":""},"_links":{"self":[{"href":"https:\/\/www.europesays.com\/fr\/wp-json\/wp\/v2\/posts\/370401","targetHints":{"allow":["GET"]}}],"collection":[{"href":"https:\/\/www.europesays.com\/fr\/wp-json\/wp\/v2\/posts"}],"about":[{"href":"https:\/\/www.europesays.com\/fr\/wp-json\/wp\/v2\/types\/post"}],"author":[{"embeddable":true,"href":"https:\/\/www.europesays.com\/fr\/wp-json\/wp\/v2\/users\/2"}],"replies":[{"embeddable":true,"href":"https:\/\/www.europesays.com\/fr\/wp-json\/wp\/v2\/comments?post=370401"}],"version-history":[{"count":0,"href":"https:\/\/www.europesays.com\/fr\/wp-json\/wp\/v2\/posts\/370401\/revisions"}],"wp:featuredmedia":[{"embeddable":true,"href":"https:\/\/www.europesays.com\/fr\/wp-json\/wp\/v2\/media\/370402"}],"wp:attachment":[{"href":"https:\/\/www.europesays.com\/fr\/wp-json\/wp\/v2\/media?parent=370401"}],"wp:term":[{"taxonomy":"category","embeddable":true,"href":"https:\/\/www.europesays.com\/fr\/wp-json\/wp\/v2\/categories?post=370401"},{"taxonomy":"post_tag","embeddable":true,"href":"https:\/\/www.europesays.com\/fr\/wp-json\/wp\/v2\/tags?post=370401"}],"curies":[{"name":"wp","href":"https:\/\/api.w.org\/{rel}","templated":true}]}}