{"id":370405,"date":"2025-09-06T10:30:18","date_gmt":"2025-09-06T10:30:18","guid":{"rendered":"https:\/\/www.europesays.com\/fr\/370405\/"},"modified":"2025-09-06T10:30:18","modified_gmt":"2025-09-06T10:30:18","slug":"pres-de-saint-etienne-un-pieton-gravement-blesse-dans-un-accident","status":"publish","type":"post","link":"https:\/\/www.europesays.com\/fr\/370405\/","title":{"rendered":"Pr\u00e8s de Saint-\u00c9tienne : un pi\u00e9ton gravement bless\u00e9 dans un accident"},"content":{"rendered":"<p>Ce 6 septembre 2025 au matin, un accident s&rsquo;est produit sur la commune de Sorbiers, pr\u00e8s de Saint-\u00c9tienne (Loire). Un pi\u00e9ton a \u00e9t\u00e9 gravement bless\u00e9 par une voiture.<\/p>\n<p>Une dizaine de pompiers de la Loire sont intervenus, ce samedi 6 septembre 2025, pour un accident en plein centre-ville de <b>Sorbiers<\/b>, pr\u00e8s de Saint-\u00c9tienne (Loire).<\/p>\n<p>Une voiture aurait percut\u00e9 un pi\u00e9ton vers 9h du matin. Un homme, dont l&rsquo;\u00e2ge reste pour l&rsquo;instant inconnu, a \u00e9t\u00e9 gravement bless\u00e9 dans le choc.<\/p>\n<p>Pris en charge par les secours, il a \u00e9t\u00e9 \u00e9vacu\u00e9 par le SAMU aux urgences du CHU de Saint-\u00c9tienne.<\/p>\n<p><img loading=\"lazy\" decoding=\"async\" src=\"https:\/\/www.europesays.com\/fr\/wp-content\/uploads\/2025\/09\/1757154618_892_img\" width=\"350\" height=\"200\" border=\"0\" title=\"Un cycliste a \u00c3\u00a9t\u00c3\u00a9 gri\u00c3\u00a8vement bless\u00c3\u00a9 dans un accident de la route \u00c3\u00a0 Craintilleux\"\/><\/p>\n<p>\u25baFaits divers<\/p>\n<p style=\"font-size: 22px;\"><b>Loire : un cycliste percut\u00e9 par une voiture et gri\u00e8vement bless\u00e9<\/b><\/p>\n<p>Ce vendredi 5 septembre, un cycliste de 56 ans a&#8230;<\/p>\n<p><\/p>\n","protected":false},"excerpt":{"rendered":"Ce 6 septembre 2025 au matin, un accident s&rsquo;est produit sur la commune de Sorbiers, pr\u00e8s de Saint-\u00c9tienne&hellip;\n","protected":false},"author":2,"featured_media":370406,"comment_status":"","ping_status":"","sticky":false,"template":"","format":"standard","meta":{"footnotes":""},"categories":[9653],"tags":[119,1111,11,2430,4309,1777,674,6017,1011,27,12,50468,1311,25,9920,4001,7342,17204],"class_list":{"0":"post-370405","1":"post","2":"type-post","3":"status-publish","4":"format-standard","5":"has-post-thumbnail","7":"category-saint-etienne","8":"tag-accident","9":"tag-actu","10":"tag-actualites","11":"tag-auvergne-rhone-alpes","12":"tag-chu","13":"tag-eu","14":"tag-europe","15":"tag-fait-divers","16":"tag-fr","17":"tag-france","18":"tag-news","19":"tag-piton","20":"tag-pompiers","21":"tag-republique-francaise","22":"tag-saint-tienne","23":"tag-saint-etienne","24":"tag-secours","25":"tag-sorbiers"},"share_on_mastodon":{"url":"https:\/\/pubeurope.com\/@fr\/115156892347696466","error":""},"_links":{"self":[{"href":"https:\/\/www.europesays.com\/fr\/wp-json\/wp\/v2\/posts\/370405","targetHints":{"allow":["GET"]}}],"collection":[{"href":"https:\/\/www.europesays.com\/fr\/wp-json\/wp\/v2\/posts"}],"about":[{"href":"https:\/\/www.europesays.com\/fr\/wp-json\/wp\/v2\/types\/post"}],"author":[{"embeddable":true,"href":"https:\/\/www.europesays.com\/fr\/wp-json\/wp\/v2\/users\/2"}],"replies":[{"embeddable":true,"href":"https:\/\/www.europesays.com\/fr\/wp-json\/wp\/v2\/comments?post=370405"}],"version-history":[{"count":0,"href":"https:\/\/www.europesays.com\/fr\/wp-json\/wp\/v2\/posts\/370405\/revisions"}],"wp:featuredmedia":[{"embeddable":true,"href":"https:\/\/www.europesays.com\/fr\/wp-json\/wp\/v2\/media\/370406"}],"wp:attachment":[{"href":"https:\/\/www.europesays.com\/fr\/wp-json\/wp\/v2\/media?parent=370405"}],"wp:term":[{"taxonomy":"category","embeddable":true,"href":"https:\/\/www.europesays.com\/fr\/wp-json\/wp\/v2\/categories?post=370405"},{"taxonomy":"post_tag","embeddable":true,"href":"https:\/\/www.europesays.com\/fr\/wp-json\/wp\/v2\/tags?post=370405"}],"curies":[{"name":"wp","href":"https:\/\/api.w.org\/{rel}","templated":true}]}}