{"id":370407,"date":"2025-09-06T10:31:11","date_gmt":"2025-09-06T10:31:11","guid":{"rendered":"https:\/\/www.europesays.com\/fr\/370407\/"},"modified":"2025-09-06T10:31:11","modified_gmt":"2025-09-06T10:31:11","slug":"vandoeuvre-les-nancy-lecrivain-michel-bussi-vient-vendredi","status":"publish","type":"post","link":"https:\/\/www.europesays.com\/fr\/370407\/","title":{"rendered":"Vand\u0153uvre-l\u00e8s-Nancy. L\u2019\u00e9crivain Michel Bussi vient vendredi"},"content":{"rendered":"<p>La MJC Centre Social Nomade accueillera Michel Bussi, l\u2019un des auteurs les plus lus en France, pour un moment d\u2019\u00e9change au square Louvain, vendredi 12\u00a0septembre, de 16\u00a0h \u00e0 17\u00a0h.<\/p>\n<p>Puis, \u00e0 17\u00a0h\u00a030, l\u2019\u00e9crivain sera \u00e0 la m\u00e9diath\u00e8que Jules Verne pour une pr\u00e9sentation exclusive de son nouveau roman Les Ombres du monde.<\/p>\n<p>Cet \u00e9v\u00e9nement s\u2019inscrit dans l\u2019op\u00e9ration Des Auteurs dans les quartiers, port\u00e9e par Batig\u00e8re, en partenariat avec Le Livre sur la Place. La rencontre sera suivie d\u2019une s\u00e9ance de vente d\u00e9dicace.<\/p>\n","protected":false},"excerpt":{"rendered":"La MJC Centre Social Nomade accueillera Michel Bussi, l\u2019un des auteurs les plus lus en France, pour un&hellip;\n","protected":false},"author":2,"featured_media":370408,"comment_status":"","ping_status":"","sticky":false,"template":"","format":"standard","meta":{"footnotes":""},"categories":[9635],"tags":[1111,11,1687,1704,1777,674,1011,27,775,2410,6364,1702,12,25,5711],"class_list":{"0":"post-370407","1":"post","2":"type-post","3":"status-publish","4":"format-standard","5":"has-post-thumbnail","7":"category-nancy","8":"tag-actu","9":"tag-actualites","10":"tag-culture-loisirs","11":"tag-edition-nancy-et-agglomeration","12":"tag-eu","13":"tag-europe","14":"tag-fr","15":"tag-france","16":"tag-grand-est","17":"tag-livres-bd","18":"tag-metropole-du-grand-nancy-54b1","19":"tag-nancy","20":"tag-news","21":"tag-republique-francaise","22":"tag-vandoeuvre-les-nancy"},"share_on_mastodon":{"url":"https:\/\/pubeurope.com\/@fr\/115156895938387723","error":""},"_links":{"self":[{"href":"https:\/\/www.europesays.com\/fr\/wp-json\/wp\/v2\/posts\/370407","targetHints":{"allow":["GET"]}}],"collection":[{"href":"https:\/\/www.europesays.com\/fr\/wp-json\/wp\/v2\/posts"}],"about":[{"href":"https:\/\/www.europesays.com\/fr\/wp-json\/wp\/v2\/types\/post"}],"author":[{"embeddable":true,"href":"https:\/\/www.europesays.com\/fr\/wp-json\/wp\/v2\/users\/2"}],"replies":[{"embeddable":true,"href":"https:\/\/www.europesays.com\/fr\/wp-json\/wp\/v2\/comments?post=370407"}],"version-history":[{"count":0,"href":"https:\/\/www.europesays.com\/fr\/wp-json\/wp\/v2\/posts\/370407\/revisions"}],"wp:featuredmedia":[{"embeddable":true,"href":"https:\/\/www.europesays.com\/fr\/wp-json\/wp\/v2\/media\/370408"}],"wp:attachment":[{"href":"https:\/\/www.europesays.com\/fr\/wp-json\/wp\/v2\/media?parent=370407"}],"wp:term":[{"taxonomy":"category","embeddable":true,"href":"https:\/\/www.europesays.com\/fr\/wp-json\/wp\/v2\/categories?post=370407"},{"taxonomy":"post_tag","embeddable":true,"href":"https:\/\/www.europesays.com\/fr\/wp-json\/wp\/v2\/tags?post=370407"}],"curies":[{"name":"wp","href":"https:\/\/api.w.org\/{rel}","templated":true}]}}