{"id":370409,"date":"2025-09-06T10:32:13","date_gmt":"2025-09-06T10:32:13","guid":{"rendered":"https:\/\/www.europesays.com\/fr\/370409\/"},"modified":"2025-09-06T10:32:13","modified_gmt":"2025-09-06T10:32:13","slug":"vandoeuvre-les-nancy-le-parc-des-sports-accueille-la-sixieme-edition-de-vandoeuvre-in-game","status":"publish","type":"post","link":"https:\/\/www.europesays.com\/fr\/370409\/","title":{"rendered":"Vandoeuvre-l\u00e8s-Nancy. Le Parc des sports accueille la sixi\u00e8me \u00e9dition de Vandoeuvre in Game"},"content":{"rendered":"<p>C\u2019est parti pour une nouvelle \u00e9dition de \u00ab\u00a0Vandoeuvre In game\u00a0\u00bb, qui prendra possession pour la sixi\u00e8me fois du Parc des Sports de Vandoeuvre-l\u00e8s-Nancy, les 13 et 14\u00a0septembre prochains. Le choix d\u2019un lieu qui ne doit rien au hasard, et qui r\u00e9pond \u00e0 l\u2019ambition d\u2019\u00eatre au plus proche des habitants du quartier prioritaire de Vand\u2019Est. \u00ab\u00a0Cette manifestation a pour but d\u2019\u00eatre organis\u00e9e au plus pr\u00e8s des habitants, toutes g\u00e9n\u00e9rations confondues, et d\u2019\u00eatre accessible au plus grand nombre gr\u00e2ce \u00e0 des tarifs volontairement bas\u00a0\u00bb.<\/p>\n<p>\u00c0 la t\u00eate du service Ville Num\u00e9rique de Vandoeuvre, Rapha\u00ebl Miche veille sur l\u2019organisation de ce nouveau rendez-vous, qui au fil du temps a gagn\u00e9 en notori\u00e9t\u00e9 et en fr\u00e9quentation. \u00ab\u00a04\u00a0500 personnes sont venues nous rendre visite l\u2019ann\u00e9e pass\u00e9e <a href=\"https:\/\/www.estrepublicain.fr\/culture-loisirs\/2024\/09\/14\/vandoeuvre-in-game-une-cinquieme-edition-qui-demarre-fort\" target=\"_blank\" rel=\"noopener\">, soit 1\u00a0000 visiteurs suppl\u00e9mentaires par rapport \u00e0 l\u2019ann\u00e9e pr\u00e9c\u00e9dente<\/a> \u00a0\u00bb.<\/p>\n<p>  De nouveaux d\u00e9fis<\/p>\n<p>Et cette nouvelle \u00e9dition s\u2019annonce plus que prometteuse, avec de nouvelles animations et de nouveaux d\u00e9fis. V\u00e9ritable vitrine de la culture pop et geek, Vandoeuvre in Game mettra \u00e0 l\u2019honneur, comme au premier jour de son existence, les jeux vid\u00e9o de toutes natures (qui donneront lieu \u00e0 des tournois), le retrogaming, le Cosplay sanctionn\u00e9 par un concours, les cr\u00e9ateurs en tous genres, gr\u00e2ce notamment au partenariat de quelques fid\u00e8les, tels que le Cr\u00e9dit Mutuel, <a href=\"https:\/\/www.estrepublicain.fr\/culture-loisirs\/2025\/07\/13\/lutte-contre-le-cyberharcelement-et-gaming-responsable-au-centre-de-l-edition-2025-de-vandoeuvre-in-game\" target=\"_blank\" rel=\"noopener\"> Orange<\/a> , le Cesi ou bien encore D\u00e9pan\u2019PC 54.<\/p>\n<p>Comme de coutume, de prestigieux invit\u00e9s sont attendus, issus du monde du cosplay professionnel, mais \u00e9galement des com\u00e9diens sp\u00e9cialis\u00e9s dans le doublage, tels qu\u2019Alexis Victor, voix fran\u00e7aise de Bradley Cooper, Aypierre, Youtuber au 1,4\u00a0million d\u2019abonn\u00e9s, ou bien encore la chanteuse Ma\u00ebva M\u00e9line, qui a notamment particip\u00e9 aux productions Disney. \u00ab\u00a0Des temps d\u2019\u00e9change, de d\u00e9dicaces, et de rencontres sont pr\u00e9vus tout au long du week-end\u00a0\u00bb, poursuit Rapha\u00ebl Miche.<\/p>\n<p>  Un circuit Kart en ext\u00e9rieur<\/p>\n<p>Au chapitre des nouveaut\u00e9s, la manifestation testera cette ann\u00e9e, en ext\u00e9rieur, la mise \u00e0 disposition d\u2019un circuit de karts \u00e0 p\u00e9dale, avec l\u2019organisation de petites comp\u00e9titions. Une attention particuli\u00e8re sera aussi octroy\u00e9e \u00e0 l\u2019E-sport, qui b\u00e9n\u00e9ficiera d\u2019un espace d\u00e9di\u00e9 dans la salle d\u2019escrime du Parc des Sports, soit 400 m2. Un lieu qui accueillera \u00e9galement des tournois de jeux de danse et de musique.<\/p>\n<p>Enfin, l\u2019Harmonie municipale de Vandoeuvre sera \u00e9galement de la partie, et le samedi\u00a013 \u00e0 partir du 18\u00a0h, elle interpr\u00e9tera des morceaux tir\u00e9s de l\u2019univers de la pop culture.<\/p>\n<p class=\"note\">Samedi\u00a013 et dimanche 14\u00a0septembre de 10\u00a0h \u00e0 19\u00a0h. Parc des Sports de Vandoeuvre. 3\u00a0\u20ac l\u2019entr\u00e9e pour les adultes. 1\u00a0\u20ac pour les moins de 14 ans. Pass week-end\u00a0: 5\u00a0\u20ac. Par ailleurs les personnes qui se pr\u00e9senteront costum\u00e9es (cosplay professionnel) acc\u00e9deront \u00e0 la manifestation gratuitement.<\/p>\n","protected":false},"excerpt":{"rendered":"C\u2019est parti pour une nouvelle \u00e9dition de \u00ab\u00a0Vandoeuvre In game\u00a0\u00bb, qui prendra possession pour la sixi\u00e8me fois du&hellip;\n","protected":false},"author":2,"featured_media":370410,"comment_status":"","ping_status":"","sticky":false,"template":"","format":"standard","meta":{"footnotes":""},"categories":[9635],"tags":[1111,11,1687,1704,1777,674,1685,1011,27,775,6364,1702,12,25,5711],"class_list":{"0":"post-370409","1":"post","2":"type-post","3":"status-publish","4":"format-standard","5":"has-post-thumbnail","7":"category-nancy","8":"tag-actu","9":"tag-actualites","10":"tag-culture-loisirs","11":"tag-edition-nancy-et-agglomeration","12":"tag-eu","13":"tag-europe","14":"tag-foire-et-salon","15":"tag-fr","16":"tag-france","17":"tag-grand-est","18":"tag-metropole-du-grand-nancy-54b1","19":"tag-nancy","20":"tag-news","21":"tag-republique-francaise","22":"tag-vandoeuvre-les-nancy"},"share_on_mastodon":{"url":"https:\/\/pubeurope.com\/@fr\/115156899805612806","error":""},"_links":{"self":[{"href":"https:\/\/www.europesays.com\/fr\/wp-json\/wp\/v2\/posts\/370409","targetHints":{"allow":["GET"]}}],"collection":[{"href":"https:\/\/www.europesays.com\/fr\/wp-json\/wp\/v2\/posts"}],"about":[{"href":"https:\/\/www.europesays.com\/fr\/wp-json\/wp\/v2\/types\/post"}],"author":[{"embeddable":true,"href":"https:\/\/www.europesays.com\/fr\/wp-json\/wp\/v2\/users\/2"}],"replies":[{"embeddable":true,"href":"https:\/\/www.europesays.com\/fr\/wp-json\/wp\/v2\/comments?post=370409"}],"version-history":[{"count":0,"href":"https:\/\/www.europesays.com\/fr\/wp-json\/wp\/v2\/posts\/370409\/revisions"}],"wp:featuredmedia":[{"embeddable":true,"href":"https:\/\/www.europesays.com\/fr\/wp-json\/wp\/v2\/media\/370410"}],"wp:attachment":[{"href":"https:\/\/www.europesays.com\/fr\/wp-json\/wp\/v2\/media?parent=370409"}],"wp:term":[{"taxonomy":"category","embeddable":true,"href":"https:\/\/www.europesays.com\/fr\/wp-json\/wp\/v2\/categories?post=370409"},{"taxonomy":"post_tag","embeddable":true,"href":"https:\/\/www.europesays.com\/fr\/wp-json\/wp\/v2\/tags?post=370409"}],"curies":[{"name":"wp","href":"https:\/\/api.w.org\/{rel}","templated":true}]}}