{"id":370419,"date":"2025-09-06T10:40:13","date_gmt":"2025-09-06T10:40:13","guid":{"rendered":"https:\/\/www.europesays.com\/fr\/370419\/"},"modified":"2025-09-06T10:40:13","modified_gmt":"2025-09-06T10:40:13","slug":"place-publique-et-le-prg-rallient-grenoble-capitale-citoyenne","status":"publish","type":"post","link":"https:\/\/www.europesays.com\/fr\/370419\/","title":{"rendered":"Place Publique et le PRG rallient Grenoble capitale citoyenne"},"content":{"rendered":"<p>\u00c0 six mois du pre\u00admier tour des \u00e9lec\u00adtions muni\u00adci\u00adpales de 2026, les com\u00adpo\u00adsantes des futures listes en lice s\u2019activent dans l\u2019ag\u00adglo\u00adm\u00e9\u00adra\u00adtion gre\u00adno\u00adbloise et <a href=\"https:\/\/www.placegrenet.fr\/?s=municipales\" target=\"_blank\" rel=\"noopener nofollow\">les annonces s\u2019en\u00adcha\u00eenent<\/a>. La coa\u00adli\u00adtion Grenoble capi\u00adtale citoyenne (G2C) a ainsi offi\u00adcia\u00adlis\u00e9 l\u2019adh\u00e9sion de <a href=\"https:\/\/place-publique.eu\/\" target=\"_blank\" rel=\"noopener nofollow\">Place publique<\/a> et du <a href=\"https:\/\/www.partiradicaldegauche.fr\/\" target=\"_blank\" rel=\"noopener nofollow\">Parti radi\u00adcal de gauche<\/a> \u2013 Centre gauche (PRG) \u00e0 son pro\u00adjet, lors d\u2019une conf\u00e9\u00adrence de presse, ven\u00addredi 5 septembre.<\/p>\n<p>Avec le ral\u00adlie\u00adment de ces deux par\u00adtis et <a href=\"https:\/\/www.placegrenet.fr\/2025\/05\/19\/municipales-de-grenoble-2026-le-parti-ecologiste-independant-equinoxe-rejoint-le-collectif-grenoble-capitale-citoyenne\/652734\" target=\"_blank\" rel=\"noopener nofollow\">\u00c9quinoxe<\/a>, G2C devient le cadre com\u00admun d\u2019une alliance d\u00e9ci\u00adsive dans la construc\u00adtion d\u2019une alter\u00adna\u00adtive citoyenne et \u00e9co\u00adlo\u00adgiste en vue des scru\u00adtins muni\u00adci\u00adpaux. \u00ab\u00a0Ce n\u2019est pas la r\u00e9sul\u00adtante d\u2019une volont\u00e9 de construire des accords de cir\u00adcons\u00adtance, mais la conti\u00adnuit\u00e9 d\u2019un tra\u00advail engag\u00e9 depuis des mois\u00a0\u00bb, a insist\u00e9 Romain Gentil, <a href=\"https:\/\/www.placegrenet.fr\/2025\/09\/04\/romain-gentil-designe-chef-de-file-de-grenoble-capitale-citoyenne-une-opa-juge-pascal-clouaire\/658838\" target=\"_blank\" rel=\"noopener nofollow\">chef de file<\/a> de\u00a0G2C<\/p>\n<p><a href=\"https:\/\/www.placegrenet.fr\/2025\/03\/28\/municipales-2026-naissance-du-collectif-grenoble-capitale-citoyenne-pour-une-alternative-politique-de-gauche\/649471\" target=\"_blank\" rel=\"noopener nofollow\">N\u00e9e en 2025<\/a>, la coa\u00adli\u00adtion reven\u00addique aujourd\u2019hui plus de 250 adh\u00e9\u00adrents issus de dif\u00adf\u00e9\u00adrents hori\u00adzons. Son fonc\u00adtion\u00adne\u00adment repose sur une gou\u00adver\u00adnance col\u00adl\u00e9\u00adgiale et l\u2019adoption d\u2019outils par\u00adti\u00adci\u00adpa\u00adtifs. \u00ab\u00a0Nous avons mis en place, notam\u00adment dans le cadre du pro\u00adces\u00adsus de d\u00e9si\u00adgna\u00adtion des chefs de file, des choses comme le scru\u00adtin au juge\u00adment majo\u00adri\u00adtaire\u00a0\u00bb, a d\u00e9taill\u00e9 Romain Gentil.<\/p>\n<p><img fetchpriority=\"high\" decoding=\"async\" aria-describedby=\"caption-attachment-591728\" class=\"wp-image-591728 size-full\" src=\"data:image\/svg+xml,%3Csvg%20xmlns=\" http:=\"\" alt=\"Romain Gentil, conseiller municipal\u00a0 et chef de file de G2C., \u00a9 Agathe Br\u00e9chemier, Place Gre'net.\" width=\"2048\" height=\"1365\" data-lazy- data-lazy- data-lazy-src=\"https:\/\/www.europesays.com\/fr\/wp-content\/uploads\/2025\/05\/Conseil-municipal-du-30-janvier-2023.-\u00a9-Agathe-Brechemier-3-scaled.jpg\"\/><\/p>\n<p id=\"caption-attachment-591728\" class=\"wp-caption-text\">Romain Gentil, conseiller muni\u00adci\u00adpal et chef de file de Grenoble capi\u00adtale citoyenne. \u00a9 Agathe Br\u00e9chemier, Place Gre\u2019net.<\/p>\n<p>Pour le PRG, ce rap\u00adpro\u00adche\u00adment s\u2019inscrit dans une logique de coh\u00e9\u00adrence poli\u00adtique. \u00ab\u00a0On ne pourra pas nous repro\u00adcher d\u2019avoir man\u00adqu\u00e9 de constance. Depuis 2014, nous avons tou\u00adjours cher\u00adch\u00e9 \u00e0 tra\u00advailler avec des col\u00adlec\u00adtifs de gauche et du centre social-d\u00e9mo\u00adcrate non dog\u00adma\u00adtique\u00a0\u00bb, a ainsi rap\u00adpel\u00e9 Sarah Boukaala, r\u00e9f\u00e9\u00adrente du PRG en\u00a0Is\u00e8re.<\/p>\n","protected":false},"excerpt":{"rendered":"\u00c0 six mois du pre\u00admier tour des \u00e9lec\u00adtions muni\u00adci\u00adpales de 2026, les com\u00adpo\u00adsantes des futures listes en lice&hellip;\n","protected":false},"author":2,"featured_media":370420,"comment_status":"","ping_status":"","sticky":false,"template":"","format":"standard","meta":{"footnotes":""},"categories":[9566],"tags":[1111,11,2430,1777,674,1011,27,2731,12,25],"class_list":{"0":"post-370419","1":"post","2":"type-post","3":"status-publish","4":"format-standard","5":"has-post-thumbnail","7":"category-grenoble","8":"tag-actu","9":"tag-actualites","10":"tag-auvergne-rhone-alpes","11":"tag-eu","12":"tag-europe","13":"tag-fr","14":"tag-france","15":"tag-grenoble","16":"tag-news","17":"tag-republique-francaise"},"share_on_mastodon":{"url":"https:\/\/pubeurope.com\/@fr\/115156931393751961","error":""},"_links":{"self":[{"href":"https:\/\/www.europesays.com\/fr\/wp-json\/wp\/v2\/posts\/370419","targetHints":{"allow":["GET"]}}],"collection":[{"href":"https:\/\/www.europesays.com\/fr\/wp-json\/wp\/v2\/posts"}],"about":[{"href":"https:\/\/www.europesays.com\/fr\/wp-json\/wp\/v2\/types\/post"}],"author":[{"embeddable":true,"href":"https:\/\/www.europesays.com\/fr\/wp-json\/wp\/v2\/users\/2"}],"replies":[{"embeddable":true,"href":"https:\/\/www.europesays.com\/fr\/wp-json\/wp\/v2\/comments?post=370419"}],"version-history":[{"count":0,"href":"https:\/\/www.europesays.com\/fr\/wp-json\/wp\/v2\/posts\/370419\/revisions"}],"wp:featuredmedia":[{"embeddable":true,"href":"https:\/\/www.europesays.com\/fr\/wp-json\/wp\/v2\/media\/370420"}],"wp:attachment":[{"href":"https:\/\/www.europesays.com\/fr\/wp-json\/wp\/v2\/media?parent=370419"}],"wp:term":[{"taxonomy":"category","embeddable":true,"href":"https:\/\/www.europesays.com\/fr\/wp-json\/wp\/v2\/categories?post=370419"},{"taxonomy":"post_tag","embeddable":true,"href":"https:\/\/www.europesays.com\/fr\/wp-json\/wp\/v2\/tags?post=370419"}],"curies":[{"name":"wp","href":"https:\/\/api.w.org\/{rel}","templated":true}]}}