{"id":370425,"date":"2025-09-06T10:43:14","date_gmt":"2025-09-06T10:43:14","guid":{"rendered":"https:\/\/www.europesays.com\/fr\/370425\/"},"modified":"2025-09-06T10:43:14","modified_gmt":"2025-09-06T10:43:14","slug":"nationale-en-video-revivez-le-dernier-essai-inscrit-par-massy-face-a-rennes-en-ouverture-de-la-troisieme-journee","status":"publish","type":"post","link":"https:\/\/www.europesays.com\/fr\/370425\/","title":{"rendered":"Nationale \u2013 En vid\u00e9o, revivez le dernier essai inscrit par Massy face \u00e0 Rennes en ouverture de la troisi\u00e8me journ\u00e9e"},"content":{"rendered":"<p>\n                Massy s\u2019est impos\u00e9 41 \u00e0 21 face \u00e0 Rennes en ouverture de la troisi\u00e8me journ\u00e9e de Nationale. Revivez, en vid\u00e9o, le dernier essai inscrit par Martin Carr\u00e9.\n            <\/p>\n<p>Massy avait besoin d\u2019une belle victoire pour lancer sa saison 2025-2026\u00a0: c\u2019est chose faite\u00a0! Gr\u00e2ce \u00e0 un succ\u00e8s bonifi\u00e9 41 \u00e0 21, les Massicois ont domin\u00e9 Rennes et se rattrapent apr\u00e8s deux d\u00e9faites lors des deux premi\u00e8res journ\u00e9es.<\/p>\n<p>Dans un match engag\u00e9, les locaux ont fait la diff\u00e9rence gr\u00e2ce \u00e0 leur pack, avant que les trois-quarts ne s\u2019illustrent, \u00e0 l\u2019image de l\u2019arri\u00e8re Martin Carr\u00e9, entr\u00e9 en cours de match et auteur d\u2019un doubl\u00e9. C\u2019est d\u2019ailleurs lui, le joueur form\u00e9 \u00e0 La\u00a0Rochelle, qui fut \u00e0 la conclusion de la derni\u00e8re r\u00e9alisation de son \u00e9quipe en fin de match apr\u00e8s une belle relance initi\u00e9e par le num\u00e9ro\u00a018 Yakine Dkebbari.<\/p>\n<p>Au classement, Massy est sixi\u00e8me avec 7 points. Rennes, 11e, avec 4 points. Lors de la prochaine journ\u00e9e, les Massicois se d\u00e9placeront du c\u00f4t\u00e9 de Nice, tandis que Rennes accueillera le promu niortais.<\/p>\n","protected":false},"excerpt":{"rendered":"Massy s\u2019est impos\u00e9 41 \u00e0 21 face \u00e0 Rennes en ouverture de la troisi\u00e8me journ\u00e9e de Nationale. Revivez,&hellip;\n","protected":false},"author":2,"featured_media":370426,"comment_status":"","ping_status":"","sticky":false,"template":"","format":"standard","meta":{"footnotes":""},"categories":[2821],"tags":[1111,11,829,1777,674,1011,27,12,584,25],"class_list":{"0":"post-370425","1":"post","2":"type-post","3":"status-publish","4":"format-standard","5":"has-post-thumbnail","7":"category-rennes","8":"tag-actu","9":"tag-actualites","10":"tag-bretagne","11":"tag-eu","12":"tag-europe","13":"tag-fr","14":"tag-france","15":"tag-news","16":"tag-rennes","17":"tag-republique-francaise"},"share_on_mastodon":{"url":"https:\/\/pubeurope.com\/@fr\/115156943177400246","error":""},"_links":{"self":[{"href":"https:\/\/www.europesays.com\/fr\/wp-json\/wp\/v2\/posts\/370425","targetHints":{"allow":["GET"]}}],"collection":[{"href":"https:\/\/www.europesays.com\/fr\/wp-json\/wp\/v2\/posts"}],"about":[{"href":"https:\/\/www.europesays.com\/fr\/wp-json\/wp\/v2\/types\/post"}],"author":[{"embeddable":true,"href":"https:\/\/www.europesays.com\/fr\/wp-json\/wp\/v2\/users\/2"}],"replies":[{"embeddable":true,"href":"https:\/\/www.europesays.com\/fr\/wp-json\/wp\/v2\/comments?post=370425"}],"version-history":[{"count":0,"href":"https:\/\/www.europesays.com\/fr\/wp-json\/wp\/v2\/posts\/370425\/revisions"}],"wp:featuredmedia":[{"embeddable":true,"href":"https:\/\/www.europesays.com\/fr\/wp-json\/wp\/v2\/media\/370426"}],"wp:attachment":[{"href":"https:\/\/www.europesays.com\/fr\/wp-json\/wp\/v2\/media?parent=370425"}],"wp:term":[{"taxonomy":"category","embeddable":true,"href":"https:\/\/www.europesays.com\/fr\/wp-json\/wp\/v2\/categories?post=370425"},{"taxonomy":"post_tag","embeddable":true,"href":"https:\/\/www.europesays.com\/fr\/wp-json\/wp\/v2\/tags?post=370425"}],"curies":[{"name":"wp","href":"https:\/\/api.w.org\/{rel}","templated":true}]}}