{"id":370427,"date":"2025-09-06T10:44:20","date_gmt":"2025-09-06T10:44:20","guid":{"rendered":"https:\/\/www.europesays.com\/fr\/370427\/"},"modified":"2025-09-06T10:44:20","modified_gmt":"2025-09-06T10:44:20","slug":"vos-objets-ont-peut-etre-de-la-valeur-faites-les-estimer-gratuitement","status":"publish","type":"post","link":"https:\/\/www.europesays.com\/fr\/370427\/","title":{"rendered":"vos objets ont peut-\u00eatre de la valeur, faites-les estimer gratuitement"},"content":{"rendered":"<p>            Par<br \/>\n        <strong><br \/>\n            <a href=\"https:\/\/actu.fr\/auteur\/emil-vautrin\" title=\"Consulter tous les articles de Emil Vautrin\" rel=\"nofollow noopener\" target=\"_blank\">Emil Vautrin<\/a><br \/>\n        <\/strong><\/p>\n<p>        Publi\u00e9 le<\/p>\n<p>            5 sept. 2025 \u00e0 14h56        <\/p>\n<p>La maison de ventes parisienne NEO Ench\u00e8res se rendra prochainement dans plusieurs villes du Grand Est, dont <a href=\"https:\/\/actu.fr\/strasbourg\/\" rel=\"nofollow noopener\" target=\"_blank\">Strasbourg<\/a>. Elle sera le mardi 16 septembre \u00e0<strong> l\u2019h\u00f4tel Beaucour, rue des Bouchers<\/strong>, pour <strong>expertiser vos objets gratuitement<\/strong>.\u00a0<\/p>\n<p class=\" wall-content\">Bijoux, montres, tableaux\u2026 Votre maison abrite peut-\u00eatre <strong>un tr\u00e9sor cach\u00e9<\/strong>.<\/p>\n<p>Des \u00e9valuations gratuites, confidentielles, et sans obligation<\/p>\n<p class=\" wall-content\">Dans un communiqu\u00e9, la maison de ventes explique que les \u00e9valuations, effectu\u00e9es par les deux expertes Louise Fasquelle-Leca et Rebecca Arroyo, seront \u00ab\u00a0<strong>gratuites, confidentielles et sans obligation de vente<\/strong>\u00ab\u00a0.<\/p>\n<p class=\" wall-content\">\u00ab\u00a0Les personnes peuvent \u00eatre en confiance : elles ne subiront <strong>aucune pression commerciale<\/strong>\u00ab\u00a0, d\u00e9clare l\u2019entreprise.<\/p>\n<p>Des opportunit\u00e9s \u00e0 ne pas louper<\/p>\n<p class=\" wall-content\">Quentin Charraudeau, directeur de NEO Ench\u00e8res, explique \u00e0 quel point il peut \u00eatre utile de faire expertiser ses objets avant de les vendre soi-m\u00eame. Il cite l\u2019exemple d\u2019un client venu avec un tableau qu\u2019il avait mis en vente <strong>sur Le Bon Coin pour 50 euros<\/strong>.<\/p>\n<p class=\" wall-content\">Apr\u00e8s expertise, ce dernier a finalement \u00e9t\u00e9 vendu \u00e0 <strong>50 000 euros<\/strong> lors d\u2019une vente. \u00ab\u00a0C\u2019\u00e9tait une personne en grande difficult\u00e9, et cette somme lui a permis de sortir la t\u00eate de l\u2019eau et de concr\u00e9tiser des projets importants pour lui\u00a0\u00bb, raconte M. Charraudeau dans un communiqu\u00e9.<\/p>\n<p class=\" wall-content\">Personnalisez votre actualit\u00e9 en ajoutant vos villes et m\u00e9dias en favori avec <a href=\"https:\/\/moncompte.actu.fr\" title=\"D\u00e9couvez Mon Actu\" rel=\"nofollow noopener\" data-trk=\"{&quot;cta&quot;:{&quot;action&quot;:&quot;https:\\\/\\\/moncompte.actu.fr&quot;,&quot;category&quot;:&quot;mon compte&quot;,&quot;from&quot;:&quot;article footer&quot;,&quot;name&quot;:&quot;Mon actu&quot;,&quot;type&quot;:&quot;cta&quot;}}\" target=\"_blank\">Mon Actu<\/a>.<\/p>\n","protected":false},"excerpt":{"rendered":"Par Emil Vautrin Publi\u00e9 le 5 sept. 2025 \u00e0 14h56 La maison de ventes parisienne NEO Ench\u00e8res se&hellip;\n","protected":false},"author":2,"featured_media":370428,"comment_status":"","ping_status":"","sticky":false,"template":"","format":"standard","meta":{"footnotes":""},"categories":[2820],"tags":[1111,11,1777,674,1011,27,775,12,25,104,640],"class_list":{"0":"post-370427","1":"post","2":"type-post","3":"status-publish","4":"format-standard","5":"has-post-thumbnail","7":"category-strasbourg","8":"tag-actu","9":"tag-actualites","10":"tag-eu","11":"tag-europe","12":"tag-fr","13":"tag-france","14":"tag-grand-est","15":"tag-news","16":"tag-republique-francaise","17":"tag-societe","18":"tag-strasbourg"},"share_on_mastodon":{"url":"https:\/\/pubeurope.com\/@fr\/115156947040053443","error":""},"_links":{"self":[{"href":"https:\/\/www.europesays.com\/fr\/wp-json\/wp\/v2\/posts\/370427","targetHints":{"allow":["GET"]}}],"collection":[{"href":"https:\/\/www.europesays.com\/fr\/wp-json\/wp\/v2\/posts"}],"about":[{"href":"https:\/\/www.europesays.com\/fr\/wp-json\/wp\/v2\/types\/post"}],"author":[{"embeddable":true,"href":"https:\/\/www.europesays.com\/fr\/wp-json\/wp\/v2\/users\/2"}],"replies":[{"embeddable":true,"href":"https:\/\/www.europesays.com\/fr\/wp-json\/wp\/v2\/comments?post=370427"}],"version-history":[{"count":0,"href":"https:\/\/www.europesays.com\/fr\/wp-json\/wp\/v2\/posts\/370427\/revisions"}],"wp:featuredmedia":[{"embeddable":true,"href":"https:\/\/www.europesays.com\/fr\/wp-json\/wp\/v2\/media\/370428"}],"wp:attachment":[{"href":"https:\/\/www.europesays.com\/fr\/wp-json\/wp\/v2\/media?parent=370427"}],"wp:term":[{"taxonomy":"category","embeddable":true,"href":"https:\/\/www.europesays.com\/fr\/wp-json\/wp\/v2\/categories?post=370427"},{"taxonomy":"post_tag","embeddable":true,"href":"https:\/\/www.europesays.com\/fr\/wp-json\/wp\/v2\/tags?post=370427"}],"curies":[{"name":"wp","href":"https:\/\/api.w.org\/{rel}","templated":true}]}}