{"id":370429,"date":"2025-09-06T10:45:16","date_gmt":"2025-09-06T10:45:16","guid":{"rendered":"https:\/\/www.europesays.com\/fr\/370429\/"},"modified":"2025-09-06T10:45:16","modified_gmt":"2025-09-06T10:45:16","slug":"un-symbole-les-joueuses-de-strasbourg-joueront-avec-un-short-rose-pour-leur-confort-pendant-les-menstruations","status":"publish","type":"post","link":"https:\/\/www.europesays.com\/fr\/370429\/","title":{"rendered":"\u00ab\u00a0Un symbole\u00a0\u00bb, les joueuses de Strasbourg joueront avec un short rose pour leur confort pendant les menstruations"},"content":{"rendered":"<p><img loading=\"lazy\" decoding=\"async\" src=\"https:\/\/www.europesays.com\/fr\/wp-content\/uploads\/2025\/09\/Les-joueuses-de-Strasbourg-celebrent-un-but-face-a-Saint-Etienne-le-23-avril-2025-2133240.jpg\" width=\"16\" height=\"9\" alt=\"Les joueuses de Strasbourg c\u00e9l\u00e8brent un but face \u00e0 Saint-Etienne le 23 avril 2025\"\/><\/p>\n<p class=\"cover_legend\">Les joueuses de Strasbourg c\u00e9l\u00e8brent un but face \u00e0 Saint-Etienne le 23 avril 2025 &#8211; Daniel Derajinski\/Icon Sport<\/p>\n<p>L&rsquo;\u00e9quipe f\u00e9minine de Strasbourg a renonc\u00e9 \u00e0 son traditionnel short blanc pour un short rose afin d&rsquo;am\u00e9liorer le confort de ses joueuses pendant les menstruations.<\/p>\n<p>Un sujet de moins en moins tabou. Si les soucis li\u00e9s aux <a href=\"https:\/\/rmcsport.bfmtv.com\/societe\/gestion-de-la-douleur-performance-le-tabou-commence-a-se-lever-sur-les-menstruations-dans-le-sport_AN-202206180290.html\" title=\"Gestion de la douleur, performance... le tabou commence \u00e0 se lever sur les menstruations dans le sport\" class=\"internal_link\" rel=\"nofollow noopener\" target=\"_blank\">menstruations dans le football f\u00e9minin<\/a> sont longtemps rest\u00e9s sous le tapis, les lignes commencent \u00e0 bouger. Le short blanc figurait il y a peu encore parmi les principaux d\u00e9sagr\u00e9ments qui g\u00eanent les joueuses pendant leurs r\u00e8gles. Alors que le championnat Arkema Premi\u00e8re Ligue reprend ses droits ce week-end, le Racing Club de Strasbourg a annonc\u00e9 vendredi que ses joueuses joueraient d\u00e9sormais avec un short rose et non blanc comme les saisons pr\u00e9c\u00e9dentes. \u00ab\u00a0Le fuchsia n\u2019est pas une couleur, mais un symbole\u00a0\u00bb, indique le club alsacien.<\/p>\n<p>&gt;&gt; <a href=\"https:\/\/rmcsport.bfmtv.com\/football\/feminin\/coupe-du-monde-feminine-les-anglaises-ne-joueront-plus-en-short-blanc-en-raison-de-leurs-menstruations_AV-202304030351.html\" title=\"Coupe du monde f\u00e9minine: les Anglaises ne joueront plus en short blanc en raison de leurs menstruations\" class=\"internal_link\" rel=\"nofollow noopener\" target=\"_blank\">A-t-on tu\u00e9 tout suspense dans le foot f\u00e9minin? L\u2019OL Lyonnes, un club seul au monde avant la reprise du championnat Arkema Premi\u00e8re Ligue<\/a><\/p>\n<p>Comme les Anglaises au Mondial 2023<\/p>\n<p>Il y a deux ans \u00e0 l\u2019occasion de la Coupe du monde 2023,<a href=\"https:\/\/rmcsport.bfmtv.com\/football\/feminin\/coupe-du-monde-feminine-les-anglaises-ne-joueront-plus-en-short-blanc-en-raison-de-leurs-menstruations_AV-202304030351.html\" title=\"Coupe du monde f\u00e9minine: les Anglaises ne joueront plus en short blanc en raison de leurs menstruations\" class=\"internal_link\" rel=\"nofollow noopener\" target=\"_blank\"> les joueuses de l\u2019Angleterre avaient r\u00e9clam\u00e9 et obtenu un short bleu \u00e0 Nike<\/a>, l\u2019\u00e9quipementier de la s\u00e9lection anglaise. \u00ab\u00a0C&rsquo;est tr\u00e8s sympa d&rsquo;avoir une tenue toute blanche mais parfois ce n&rsquo;est pas pratique en p\u00e9riode de r\u00e8gles\u00a0\u00bb, avait confi\u00e9 l&rsquo;attaquante Beth Mead au <a href=\"https:\/\/www.telegraph.co.uk\/football\/2022\/07\/07\/england-women-discuss-ditching-white-shorts-due-period-concerns\/?utm_content=football&amp;utm_medium=Social&amp;utm_campaign=Echobox&amp;utm_source=Twitter#Echobox=1657179489-1\" target=\"_blank\" class=\"external_link\" rel=\"nofollow noopener\">Telegraph<\/a>. \u00ab\u00a0Je f\u00e9licite les Anglaises pour \u00e7a et s&rsquo;ils peuvent faire la m\u00eame chose pour nous \u00e7a serait cool\u00a0\u00bb, avait r\u00e9agi l\u2019ancienne capitaine des Bleues Wendie Renard. Neuvi\u00e8mes du classment en 2024-2025, les Strasbourgeoises d\u00e9buteront leur saison ce samedi face au Havre \u00e0 17h, au stade Oc\u00e9ane.<\/p>\n","protected":false},"excerpt":{"rendered":"Les joueuses de Strasbourg c\u00e9l\u00e8brent un but face \u00e0 Saint-Etienne le 23 avril 2025 &#8211; Daniel Derajinski\/Icon Sport&hellip;\n","protected":false},"author":2,"featured_media":370430,"comment_status":"","ping_status":"","sticky":false,"template":"","format":"standard","meta":{"footnotes":""},"categories":[2820],"tags":[1111,11,1777,674,1011,27,775,12,25,640],"class_list":{"0":"post-370429","1":"post","2":"type-post","3":"status-publish","4":"format-standard","5":"has-post-thumbnail","7":"category-strasbourg","8":"tag-actu","9":"tag-actualites","10":"tag-eu","11":"tag-europe","12":"tag-fr","13":"tag-france","14":"tag-grand-est","15":"tag-news","16":"tag-republique-francaise","17":"tag-strasbourg"},"share_on_mastodon":{"url":"https:\/\/pubeurope.com\/@fr\/115156951338242775","error":""},"_links":{"self":[{"href":"https:\/\/www.europesays.com\/fr\/wp-json\/wp\/v2\/posts\/370429","targetHints":{"allow":["GET"]}}],"collection":[{"href":"https:\/\/www.europesays.com\/fr\/wp-json\/wp\/v2\/posts"}],"about":[{"href":"https:\/\/www.europesays.com\/fr\/wp-json\/wp\/v2\/types\/post"}],"author":[{"embeddable":true,"href":"https:\/\/www.europesays.com\/fr\/wp-json\/wp\/v2\/users\/2"}],"replies":[{"embeddable":true,"href":"https:\/\/www.europesays.com\/fr\/wp-json\/wp\/v2\/comments?post=370429"}],"version-history":[{"count":0,"href":"https:\/\/www.europesays.com\/fr\/wp-json\/wp\/v2\/posts\/370429\/revisions"}],"wp:featuredmedia":[{"embeddable":true,"href":"https:\/\/www.europesays.com\/fr\/wp-json\/wp\/v2\/media\/370430"}],"wp:attachment":[{"href":"https:\/\/www.europesays.com\/fr\/wp-json\/wp\/v2\/media?parent=370429"}],"wp:term":[{"taxonomy":"category","embeddable":true,"href":"https:\/\/www.europesays.com\/fr\/wp-json\/wp\/v2\/categories?post=370429"},{"taxonomy":"post_tag","embeddable":true,"href":"https:\/\/www.europesays.com\/fr\/wp-json\/wp\/v2\/tags?post=370429"}],"curies":[{"name":"wp","href":"https:\/\/api.w.org\/{rel}","templated":true}]}}