{"id":370431,"date":"2025-09-06T10:46:17","date_gmt":"2025-09-06T10:46:17","guid":{"rendered":"https:\/\/www.europesays.com\/fr\/370431\/"},"modified":"2025-09-06T10:46:17","modified_gmt":"2025-09-06T10:46:17","slug":"si-leau-est-propre-apres-les-travaux-cest-que-la-station-etait-bien-responsable-de-la-pollution-la-mer-mediterranee-serait-polluee-depuis-longtemps-a-st-laurent-du-var","status":"publish","type":"post","link":"https:\/\/www.europesays.com\/fr\/370431\/","title":{"rendered":"\u00ab\u00a0Si l\u2019eau est propre apr\u00e8s les travaux, c\u2019est que la station \u00e9tait bien responsable de la pollution\u00a0\u00bb: la mer M\u00e9diterran\u00e9e serait pollu\u00e9e depuis longtemps \u00e0 St-Laurent-du-Var"},"content":{"rendered":"<p>La pollution de la mer M\u00e9diterran\u00e9e par la station d\u2019\u00e9puration de Saint-Laurent-du-Var serait bien plus ancienne que ce qui a \u00e9t\u00e9 envisag\u00e9 dans un premier temps par la M\u00e9tropole.<\/p>\n<p>En avril 2025, Herv\u00e9 Paul, le pr\u00e9sident de la r\u00e9gie Eau d\u2019Azur, propri\u00e9taire pour le compte de la M\u00e9tropole de la station, affirmait: \u00ab\u00a0En juillet 2024, on a vu la qualit\u00e9 des eaux de baignade qui se d\u00e9gradait.\u00a0\u00bb<\/p>\n<p><a href=\"https:\/\/www.nicematin.com\/environnement\/station-d-epuration-un-plus-vaste-scandale--989472\" rel=\"nofollow noopener\" target=\"_blank\">Deux mois plus tard, en juin 2025, Herv\u00e9 Paul avouait<\/a>: \u00ab\u00a0Les investigations men\u00e9es par la brigade enqu\u00eate environnement de la gendarmerie vont bien au-del\u00e0 de cette p\u00e9riode.\u00a0\u00bb<\/p>\n<p>Le pr\u00e9sident de la soci\u00e9t\u00e9 Serex, exploitant jusqu\u2019au 15 avril 2025 de la station, Pierre Cancian, avait r\u00e9pliqu\u00e9 dans nos colonnes que les membranes qui filtraient les eaux us\u00e9es \u00ab\u00a0n\u2019avaient pas \u00e9t\u00e9 chang\u00e9es depuis juillet 2012 et juillet 2013. (\u2026) Nous avions dit depuis longtemps \u00e0 la r\u00e9gie Eau d\u2019Azur que les membranes \u00e9taient obsol\u00e8tes. C\u2019\u00e9tait \u00e0 eux de les changer.\u00a0\u00bb <\/p>\n<p>Tandis que la M\u00e9tropole contre-attaquait: \u00ab\u00a0Le renouvellement des membranes ne vise qu\u2019\u00e0 d\u00e9tourner l\u2019attention des errements de Serex dans l\u2019exploitation de la station.\u00a0\u00bb Et pointait \u00ab\u00a0l\u2019utilisation d\u2019un bypass (syst\u00e8me de d\u00e9rivation) d\u2019eaux us\u00e9es par Serex\u00a0\u00bb.<\/p>\n<p>                                \u00ab\u00a0Si l\u2019eau est propre maintenant, c\u2019est bien que la station est responsable de la pollution de la mer\u00a0\u00bb<\/p>\n<p>Une chose est s\u00fbre: il n\u2019y a pas eu de pollution manifeste des eaux de baignade cet \u00e9t\u00e9.<\/p>\n<p>\u00ab\u00a0Les contr\u00f4les hebdomadaires r\u00e9alis\u00e9s par l\u2019agence r\u00e9gionale de sant\u00e9 (ARS) depuis le d\u00e9but de la saison estivale confirment une bonne qualit\u00e9 de l\u2019eau sur l\u2019ensemble de nos zones de baignade, conform\u00e9ment aux normes europ\u00e9ennes\u00a0\u00bb, se r\u00e9jouissait la Ville de Saint-Laurent-du-Var dans un communiqu\u00e9 dat\u00e9 du 13 ao\u00fbt 2025.<\/p>\n<p>Et de compl\u00e9ter: \u00ab\u00a0Nous rappelons que la station de Saint-Laurent-du-Var a b\u00e9n\u00e9fici\u00e9, au printemps, de travaux majeurs sur ses membranes de filtration et d\u2019une optimisation de ses traitements biologiques.<\/p>\n<p>Depuis ces interventions, aucun probl\u00e8me ayant engendr\u00e9 de pollution n\u2019a \u00e9t\u00e9 constat\u00e9 sur notre commune en lien avec la station.\u00a0\u00bb<\/p>\n<p>Effectivement la qualit\u00e9 des eaux de baignade est de bonne qualit\u00e9 dans 84% des pr\u00e9l\u00e8vements et moyenne dans 16% des cas. \u00ab\u00a0Pas d\u2019analyse de mauvaise qualit\u00e9\u00a0\u00bb, s\u2019empressait de noter la Ville de Saint-Laurent.<\/p>\n<p>Pour Fran\u00e7oise Loqu\u00e8s, docteur en biologie marine et directrice g\u00e9n\u00e9rale de Mission bleue, le rapport de cause \u00e0 effet est limpide: \u00ab\u00a0Si l\u2019eau est propre maintenant, apr\u00e8s les travaux de la M\u00e9tropole, c\u2019est bien que la station est responsable de la pollution de la mer M\u00e9diterran\u00e9e.\u00a0\u00bb<\/p>\n<p>Et de poursuivre: \u00ab\u00a0La v\u00e9tust\u00e9 de la station d\u2019\u00e9puration explique que le traitement ne se faisait pas.\u00a0Depuis le changement des membranes, la qualit\u00e9 de l\u2019eau s\u2019est am\u00e9lior\u00e9e.\u00a0\u00bb<\/p>\n<p>Effectivement, nous avons analys\u00e9 les pr\u00e9l\u00e8vements effectu\u00e9s par l\u2019agence r\u00e9gionale de sant\u00e9 sur dix ans. On constate un net d\u00e9crochage de la qualit\u00e9 des eaux de baignade de Saint-Laurent-du-Var depuis 2018.<\/p>\n<p>Durant l\u2019\u00e9t\u00e9 2025, cette qualit\u00e9 s\u2019est nettement am\u00e9lior\u00e9e. L\u2019analyse la plus m\u00e9diocre n\u2019a jamais atteint ces trois derniers mois le classement \u00ab\u00a0mauvais\u00a0\u00bb.<\/p>\n<p>                                Une pollution de la mer depuis 2018<\/p>\n<p>\u00ab\u00a0Au cours de la saison, la qualit\u00e9 microbiologique instantan\u00e9e d\u2019un pr\u00e9l\u00e8vement d\u2019eau de mer est qualifi\u00e9e de mauvaise si sup\u00e9rieure \u00e0 370 pour les ent\u00e9rocoques intestinaux (UFC \/ 100ml [1]); mauvais si sup\u00e9rieur \u00e0 1.000 pour l\u2019escherichia coli (UFC \/ 100ml [1])\u00a0\u00bb, explique l\u2019agence r\u00e9gionale de sant\u00e9.<\/p>\n<p>Sur la plage de Cousteau (sur l\u2019infographie), la plus proche g\u00e9ographiquement de la station d\u2019\u00e9puration et de l\u2019embouchure du Var, les niveaux d\u2019ent\u00e9rocoques intestinaux sont mauvais \u00e0 six reprises entre 2014 et 2017 et 42 fois entre 2018 et 2024 avec un pic \u00e0 34.688.<\/p>\n<p>Pour les analyses d\u2019escherichia coli, elles sont mauvaises \u00e0 cinq reprises entre 2014 et 2017 et 32 fois entre 2018 et 2024 avec un pic \u00e0 34.687.<\/p>\n<p>En 2025, apr\u00e8s le changement des membranes de filtration et une optimisation des traitements biologiques, la plus mauvaise analyse pour les ent\u00e9rocoques intestinaux a \u00e9t\u00e9 effectu\u00e9e le 21 juillet avec un pr\u00e9l\u00e8vement \u00e0 160.<\/p>\n<p>Pour l\u2019escherichia coli, c\u2019\u00e9tait le 4 juin avec un pr\u00e9l\u00e8vement \u00e0 160.<\/p>\n<p>1. L\u2019unit\u00e9 formant colonie (UFC) sert \u00e0 mesurer les quantit\u00e9s de bact\u00e9ries dans une eau.<\/p>\n<p>              <img ci-src=\"https:\/\/www.nicematin.com\/environnement\/protec\/DATA_ART_16196126-tSyhKuu0.png?vh=63b377&amp;ci_seal=6f7e3a025d\" alt=\"\"\/><\/p>\n<p>              <img ci-src=\"https:\/\/www.nicematin.com\/environnement\/protec\/DATA_ART_16196125-dZpBR4hF.png?vh=311f6b&amp;ci_seal=47df994f76\" alt=\"\"\/><\/p>\n<p>              <img ci-src=\"https:\/\/www.nicematin.com\/environnement\/protec\/DATA_ART_16196123-N7RsfmOD.png?vh=829ccd&amp;ci_seal=a216b4565b\" alt=\"\"\/><\/p>\n<p>              <img ci-src=\"https:\/\/www.nicematin.com\/environnement\/protec\/DATA_ART_16196124-sheluSjj.png?vh=205e3a&amp;ci_seal=4c65ef114f\" alt=\"\"\/><\/p>\n<p>              <img ci-src=\"https:\/\/www.nicematin.com\/environnement\/protec\/DATA_ART_16196122-SDR3GJjT.png?vh=0f3b2e&amp;ci_seal=2411d017aa\" alt=\"\"\/><br \/>\n         <strong>Alain Ricci.<\/strong> <\/p>\n","protected":false},"excerpt":{"rendered":"La pollution de la mer M\u00e9diterran\u00e9e par la station d\u2019\u00e9puration de Saint-Laurent-du-Var serait bien plus ancienne que ce&hellip;\n","protected":false},"author":2,"featured_media":370432,"comment_status":"","ping_status":"","sticky":false,"template":"","format":"standard","meta":{"footnotes":""},"categories":[2819],"tags":[1111,11,436,1777,674,1011,27,12,2401,882,25],"class_list":{"0":"post-370431","1":"post","2":"type-post","3":"status-publish","4":"format-standard","5":"has-post-thumbnail","7":"category-nice","8":"tag-actu","9":"tag-actualites","10":"tag-environnement","11":"tag-eu","12":"tag-europe","13":"tag-fr","14":"tag-france","15":"tag-news","16":"tag-nice","17":"tag-provence-alpes-cote-dazur","18":"tag-republique-francaise"},"share_on_mastodon":{"url":"https:\/\/pubeurope.com\/@fr\/115156954858783170","error":""},"_links":{"self":[{"href":"https:\/\/www.europesays.com\/fr\/wp-json\/wp\/v2\/posts\/370431","targetHints":{"allow":["GET"]}}],"collection":[{"href":"https:\/\/www.europesays.com\/fr\/wp-json\/wp\/v2\/posts"}],"about":[{"href":"https:\/\/www.europesays.com\/fr\/wp-json\/wp\/v2\/types\/post"}],"author":[{"embeddable":true,"href":"https:\/\/www.europesays.com\/fr\/wp-json\/wp\/v2\/users\/2"}],"replies":[{"embeddable":true,"href":"https:\/\/www.europesays.com\/fr\/wp-json\/wp\/v2\/comments?post=370431"}],"version-history":[{"count":0,"href":"https:\/\/www.europesays.com\/fr\/wp-json\/wp\/v2\/posts\/370431\/revisions"}],"wp:featuredmedia":[{"embeddable":true,"href":"https:\/\/www.europesays.com\/fr\/wp-json\/wp\/v2\/media\/370432"}],"wp:attachment":[{"href":"https:\/\/www.europesays.com\/fr\/wp-json\/wp\/v2\/media?parent=370431"}],"wp:term":[{"taxonomy":"category","embeddable":true,"href":"https:\/\/www.europesays.com\/fr\/wp-json\/wp\/v2\/categories?post=370431"},{"taxonomy":"post_tag","embeddable":true,"href":"https:\/\/www.europesays.com\/fr\/wp-json\/wp\/v2\/tags?post=370431"}],"curies":[{"name":"wp","href":"https:\/\/api.w.org\/{rel}","templated":true}]}}