{"id":370433,"date":"2025-09-06T10:47:12","date_gmt":"2025-09-06T10:47:12","guid":{"rendered":"https:\/\/www.europesays.com\/fr\/370433\/"},"modified":"2025-09-06T10:47:12","modified_gmt":"2025-09-06T10:47:12","slug":"vrais-espoirs-couts-colossaux-et-delais-encore-tres-flous","status":"publish","type":"post","link":"https:\/\/www.europesays.com\/fr\/370433\/","title":{"rendered":"vrais espoirs, co\u00fbts colossaux et d\u00e9lais encore tr\u00e8s flous"},"content":{"rendered":"<p><strong>La ministre de la Transition \u00e9colo\u00adgique, Agn\u00e8s Pannier-\u200bRunacher, a\u00a0d\u00e9voil\u00e9 vendredi un projet de centre d\u2019accueil au zoo de Beauval (Loir-\u200bet-\u200bCher). Ce site serait destin\u00e9 aux douze dauphins du Marineland d\u2019Antibes (Alpes-\u200bMaritimes), aujourd\u2019hui sans solution apr\u00e8s la fermeture d\u00e9finitive du parc en janvier.<\/strong><\/p>\n<p>Ce projet reste toutefois incertain\u00a0: son finan\u00adcement n\u2019est pas arr\u00eat\u00e9 et il n\u2019offrirait pas de solution pour Wikie, une orque de 24 ans, et son fils Keijo, \u00e2g\u00e9 de 12 ans. Tous deux demeurent pour l\u2019instant sans perspective d\u2019accueil.<\/p>\n<p>Si l\u2019id\u00e9e se concr\u00e9tise, il faudra patienter au minimum deux ans avant une ouverture. \u00ab\u00a0Il faut une bonne ann\u00e9e de travaux \u00e0\u00a0peu pr\u00e8s, mais c\u2019est encore avec des grands points d\u2019inter\u00adro\u00adgation\u00a0\u00bb, a\u00a0expliqu\u00e9 le directeur g\u00e9n\u00e9ral du zoo de Beauval, Rodolphe Delord, joint par t\u00e9l\u00e9phone.<\/p>\n<p>\u00ab\u00a0J\u2019ai 35.000 animaux \u00e0\u00a0Beauval mais je n\u2019ai aucune structure pour accueillir les dauphins actuel\u00adlement\u00a0\u00bb, a-\u200bt-\u200bil ajout\u00e9, pr\u00e9cisant avoir \u00e9t\u00e9 sollicit\u00e9 par la ministre et par l\u2019ambassadrice \u00e0\u00a0l\u2019environnement Barbara Pompili. \u00ab\u00a0Ce n\u2019\u00e9tait pas du tout dans mes projets\u00a0\u00bb, a-\u200bt-\u200bil reconnu.<\/p>\n<p>Un financement encore flou<\/p>\n<p>\u00c0 ce stade, ni le montant d\u00e9finitif ni la prove\u00adnance des fonds n\u00e9ces\u00adsaires n\u2019ont \u00e9t\u00e9 pr\u00e9cis\u00e9s par le minist\u00e8re. Le directeur de Beauval avance un co\u00fbt estim\u00e9 \u00ab\u00a0entre 20 et 25 millions\u00a0\u00bb. \u00ab\u00a0Je ne peux pas aujourd\u2019hui financer l\u2019int\u00e9\u00adgralit\u00e9 du sanctuaire, j\u2019en finan\u00adcerai une partie certai\u00adnement\u00a0\u00bb, a-\u200bt-\u200bil d\u00e9clar\u00e9, appelant le gouver\u00adnement \u00ab\u00a0\u00e0 prendre ses responsabilit\u00e9s\u00a0\u00bb.<\/p>\n<p>L\u2019an dernier, les autorit\u00e9s avaient refus\u00e9 le d\u00e9part des dauphins vers un parc japonais. Quant au transfert demand\u00e9 par Marineland vers des struc\u00adtures espagnoles, il est aujourd\u2019hui bloqu\u00e9 par les autorit\u00e9s locales. Aucun projet de sanctuaire marin en semi-\u200blibert\u00e9 ne devrait aboutir \u00e0\u00a0court terme.<\/p>\n<p>Un projet pionnier pour les dauphins<\/p>\n<p>Mercredi, une r\u00e9union entre le gouver\u00adnement, des ONG, Beauval et un expert des mammi\u00adf\u00e8res marins a\u00a0confirm\u00e9 \u00ab\u00a0l\u2019urgence\u00a0\u00bb de lancer un \u00ab\u00a0projet pionnier\u00a0\u00bb pour offrir une alter\u00adnative aux dauphins, selon le minist\u00e8re. Alors que de plus en plus de delphi\u00adna\u00adriums ferment en Europe, pr\u00e8s de 65 c\u00e9tac\u00e9s pourraient avoir besoin d\u2019une solution d\u2019accueil dans les ann\u00e9es \u00e0\u00a0venir.<\/p>\n<p>Ce futur centre pourrait constituer \u00ab\u00a0le premier jalon d\u2019un r\u00e9seau europ\u00e9en de centres d\u2019accueil\u00a0\u00bb, en parall\u00e8le d\u2019initiatives en Italie et en Gr\u00e8ce. \u00c0\u00a0Beauval, une vingtaine d\u2019animaux pourraient \u00e9voluer dans plusieurs lagons, au sein d\u2019un projet ax\u00e9 sur le \u00ab\u00a0bien-\u200b\u00eatre des dauphins\u00a0\u00bb et appuy\u00e9 par des programmes scientifiques.<\/p>\n<p><a href=\"https:\/\/anneedelamer.nice.fr\/\" rel=\"nofollow noopener\" target=\"_blank\"><img loading=\"lazy\" decoding=\"async\" width=\"300\" height=\"300\" src=\"data:image\/svg+xml,%3Csvg%20xmlns=\" http:=\"\" alt=\"\" class=\"wp-image-235449\" data-lazy-src=\"https:\/\/www.europesays.com\/fr\/wp-content\/uploads\/2025\/04\/IMG_1416-2.png\"\/><\/a><\/p>\n<p>Marineland alerte <\/p>\n<p>De son c\u00f4t\u00e9, Marineland r\u00e9clame depuis plusieurs mois une solution rapide pour trans\u00adf\u00e9rer ses c\u00e9tac\u00e9s. Une expertise judiciaire sur l\u2019\u00e9tat des bassins, jug\u00e9s vieillis\u00adsants, doit \u00eatre rendue prochainement.<\/p>\n<p>Cet \u00e9t\u00e9, une vid\u00e9o tourn\u00e9e par une ONG avec un drone a\u00a0relanc\u00e9 la pol\u00e9mique. Elle montrait des soigneurs stimulant sexuel\u00adlement Keijo. \u00ab\u00a0Keijo arrive \u00e0\u00a0l\u2019\u00e2ge de l\u2019ado\u00adles\u00adcence, avec des pulsions sexuelles de plus en plus fortes. Afin d\u2019\u00e9viter des rapports consan\u00adguins avec sa m\u00e8re mais \u00e9galement afin d\u2019\u00e9viter qu\u2019ils se battent et se blessent, Marineland a\u00a0d\u00e9cid\u00e9 de stimuler sexuel\u00adlement Keijo afin de faire baisser les tensions\u00a0\u00bb, avait justifi\u00e9 la direction du\u00a0parc.<\/p>\n<p class=\"has-small-font-size\">Avec AFP<\/p>\n","protected":false},"excerpt":{"rendered":"La ministre de la Transition \u00e9colo\u00adgique, Agn\u00e8s Pannier-\u200bRunacher, a\u00a0d\u00e9voil\u00e9 vendredi un projet de centre d\u2019accueil au zoo de&hellip;\n","protected":false},"author":2,"featured_media":370434,"comment_status":"","ping_status":"","sticky":false,"template":"","format":"standard","meta":{"footnotes":""},"categories":[2819],"tags":[1111,11,1777,674,1011,27,12,2401,882,25],"class_list":{"0":"post-370433","1":"post","2":"type-post","3":"status-publish","4":"format-standard","5":"has-post-thumbnail","7":"category-nice","8":"tag-actu","9":"tag-actualites","10":"tag-eu","11":"tag-europe","12":"tag-fr","13":"tag-france","14":"tag-news","15":"tag-nice","16":"tag-provence-alpes-cote-dazur","17":"tag-republique-francaise"},"share_on_mastodon":{"url":"https:\/\/pubeurope.com\/@fr\/115156958872157113","error":""},"_links":{"self":[{"href":"https:\/\/www.europesays.com\/fr\/wp-json\/wp\/v2\/posts\/370433","targetHints":{"allow":["GET"]}}],"collection":[{"href":"https:\/\/www.europesays.com\/fr\/wp-json\/wp\/v2\/posts"}],"about":[{"href":"https:\/\/www.europesays.com\/fr\/wp-json\/wp\/v2\/types\/post"}],"author":[{"embeddable":true,"href":"https:\/\/www.europesays.com\/fr\/wp-json\/wp\/v2\/users\/2"}],"replies":[{"embeddable":true,"href":"https:\/\/www.europesays.com\/fr\/wp-json\/wp\/v2\/comments?post=370433"}],"version-history":[{"count":0,"href":"https:\/\/www.europesays.com\/fr\/wp-json\/wp\/v2\/posts\/370433\/revisions"}],"wp:featuredmedia":[{"embeddable":true,"href":"https:\/\/www.europesays.com\/fr\/wp-json\/wp\/v2\/media\/370434"}],"wp:attachment":[{"href":"https:\/\/www.europesays.com\/fr\/wp-json\/wp\/v2\/media?parent=370433"}],"wp:term":[{"taxonomy":"category","embeddable":true,"href":"https:\/\/www.europesays.com\/fr\/wp-json\/wp\/v2\/categories?post=370433"},{"taxonomy":"post_tag","embeddable":true,"href":"https:\/\/www.europesays.com\/fr\/wp-json\/wp\/v2\/tags?post=370433"}],"curies":[{"name":"wp","href":"https:\/\/api.w.org\/{rel}","templated":true}]}}