{"id":370437,"date":"2025-09-06T10:49:24","date_gmt":"2025-09-06T10:49:24","guid":{"rendered":"https:\/\/www.europesays.com\/fr\/370437\/"},"modified":"2025-09-06T10:49:24","modified_gmt":"2025-09-06T10:49:24","slug":"nantes-luis-castro-se-blesse-gravement-au-genou","status":"publish","type":"post","link":"https:\/\/www.europesays.com\/fr\/370437\/","title":{"rendered":"Nantes : Luis Castro se blesse gravement au genou"},"content":{"rendered":"<p>              <img decoding=\"async\" src=\"https:\/\/www.europesays.com\/fr\/wp-content\/uploads\/2025\/09\/fc-nantes-luis-castro-se-blesse-gravement-au-genou-iconsport_268442_0132-398474.jpg\" alt=\"Nantes : Luis Castro se blesse gravement au genou\"\/> <\/p>\n<p class=\"credit\">Icon Sport<\/p>\n<p class=\"the_post_info\">\n            Publi\u00e9 Samedi 06 Septembre 2025 \u00e0 11:00  Dans\u00a0: <a href=\"https:\/\/www.foot01.com\/equipe\/nantes\/\" rel=\"nofollow noopener\" target=\"_blank\">FCN<\/a>.<br \/>Par <a href=\"https:\/\/www.foot01.com\/author\/53\/\" rel=\"nofollow noopener\" target=\"_blank\">Hadrien Rivayrand<\/a>\n          <\/p>\n<p><strong>Le FC Nantes a confi\u00e9 les r\u00eanes de son \u00e9quipe premi\u00e8re \u00e0 Luis Castro. L&rsquo;entra\u00eeneur portugais a de grands projets avec les Canaris mais doit faire face \u00e0 une mauvaise nouvelle qui va contrecarrer les plans nantais&#8230;\u00a0<\/strong><\/p>\n<p>Le FC <a href=\"https:\/\/www.foot01.com\/equipe\/nantes\/\" rel=\"nofollow noopener\" target=\"_blank\">Nantes<\/a> sait que cette saison sera compliqu\u00e9e mais a n\u00e9anmoins des espoirs de se maintenir rapidement en Ligue 1. Pour ce faire, les Canaris comptent sur le talent de Luis Castro. L&rsquo;entraineur portugais a connu sa premi\u00e8re victoire sur le banc nantais il y a quelques jours et veut b\u00e2tir les fondations de ses futurs succ\u00e8s. Mais il doit d\u00e9j\u00e0 faire face \u00e0 un contre-temps malheureux. En effet, Luis Castro vient de se blesser assez s\u00e9rieusement pendant un entrainement&#8230;\u00a0<\/p>\n<p>Luis Castro, la vilaine blessure qui inqui\u00e8te le FC Nantes\u00a0<\/p>\n<blockquote class=\"instagram-media\" data-instgrm-captioned=\"\" data-instgrm-permalink=\"https:\/\/www.instagram.com\/p\/DOOYbuhEclt\/?utm_source=ig_embed&amp;utm_campaign=loading\" data-instgrm-version=\"14\" style=\"background: #FFF; border: 0; border-radius: 3px; box-shadow: 0 0 1px 0 rgba(0,0,0,0.5),0 1px 10px 0 rgba(0,0,0,0.15); margin: 1px; max-width: 540px; min-width: 326px; padding: 0; width: calc(100% - 2px);\"><p>&#13;<br \/>\n&#13;\n<\/p><\/blockquote>\n<p>Ces derni\u00e8res heures, Luis Castro s&rsquo;est en effet bless\u00e9 lors d&rsquo;un match improvis\u00e9 sur les terrains de la Joneli\u00e8re. L&rsquo;ancien de Dunkerque sait d\u00e9j\u00e0 qu&rsquo;il souffre d&rsquo;une entorse du genou mais doit passer des examens compl\u00e9mentaires dans les prochaines heures. Ce qui est craint par le staff m\u00e9dical du FC Nantes ? Une rupture des ligaments crois\u00e9s. Une blessure qui pourrait donc l&rsquo;\u00e9loigner du banc canari pendant quelques mois. Pas forc\u00e9ment une bonne nouvelle pour un groupe qui a besoin de rep\u00e8res cette saison en championnat. A noter que Luis Castro n&rsquo;est pas le seul entra\u00eeneur de Ligue 1 \u00e0 s&rsquo;\u00eatre bless\u00e9 ces derni\u00e8res heures. C&rsquo;est aussi le cas de Luis Enrique. L&rsquo;entra\u00eeneur du Paris Saint-Germain est tomb\u00e9 en v\u00e9lo en r\u00e9gion parisienne et souffre d&rsquo;une fracture de la clavicule. L&rsquo;Espagnol subira une op\u00e9ration rapide pour le soigner. Mais lui-aussi devrait donc manquer quelques semaines de comp\u00e9tition. En esp\u00e9rant que leur r\u00e9tablissement se fasse le plus rapidement possible pour leur club respectif.\u00a0<\/p>\n<p>\u00a0<\/p>\n<p>      <script async src=\"\/\/www.instagram.com\/embed.js\"><\/script><\/p>\n","protected":false},"excerpt":{"rendered":"Icon Sport Publi\u00e9 Samedi 06 Septembre 2025 \u00e0 11:00 Dans\u00a0: FCN.Par Hadrien Rivayrand Le FC Nantes a confi\u00e9&hellip;\n","protected":false},"author":2,"featured_media":370438,"comment_status":"","ping_status":"","sticky":false,"template":"","format":"standard","meta":{"footnotes":""},"categories":[2818],"tags":[1111,11,1777,674,1011,27,766,12,2636,25],"class_list":{"0":"post-370437","1":"post","2":"type-post","3":"status-publish","4":"format-standard","5":"has-post-thumbnail","7":"category-nantes","8":"tag-actu","9":"tag-actualites","10":"tag-eu","11":"tag-europe","12":"tag-fr","13":"tag-france","14":"tag-nantes","15":"tag-news","16":"tag-pays-de-la-loire","17":"tag-republique-francaise"},"share_on_mastodon":{"url":"https:\/\/pubeurope.com\/@fr\/115156966728859974","error":""},"_links":{"self":[{"href":"https:\/\/www.europesays.com\/fr\/wp-json\/wp\/v2\/posts\/370437","targetHints":{"allow":["GET"]}}],"collection":[{"href":"https:\/\/www.europesays.com\/fr\/wp-json\/wp\/v2\/posts"}],"about":[{"href":"https:\/\/www.europesays.com\/fr\/wp-json\/wp\/v2\/types\/post"}],"author":[{"embeddable":true,"href":"https:\/\/www.europesays.com\/fr\/wp-json\/wp\/v2\/users\/2"}],"replies":[{"embeddable":true,"href":"https:\/\/www.europesays.com\/fr\/wp-json\/wp\/v2\/comments?post=370437"}],"version-history":[{"count":0,"href":"https:\/\/www.europesays.com\/fr\/wp-json\/wp\/v2\/posts\/370437\/revisions"}],"wp:featuredmedia":[{"embeddable":true,"href":"https:\/\/www.europesays.com\/fr\/wp-json\/wp\/v2\/media\/370438"}],"wp:attachment":[{"href":"https:\/\/www.europesays.com\/fr\/wp-json\/wp\/v2\/media?parent=370437"}],"wp:term":[{"taxonomy":"category","embeddable":true,"href":"https:\/\/www.europesays.com\/fr\/wp-json\/wp\/v2\/categories?post=370437"},{"taxonomy":"post_tag","embeddable":true,"href":"https:\/\/www.europesays.com\/fr\/wp-json\/wp\/v2\/tags?post=370437"}],"curies":[{"name":"wp","href":"https:\/\/api.w.org\/{rel}","templated":true}]}}