{"id":370443,"date":"2025-09-06T10:52:12","date_gmt":"2025-09-06T10:52:12","guid":{"rendered":"https:\/\/www.europesays.com\/fr\/370443\/"},"modified":"2025-09-06T10:52:12","modified_gmt":"2025-09-06T10:52:12","slug":"le-mangeur-masque-a-teste-pour-vous-un-super-resto-libanais-qui-vient-douvrir","status":"publish","type":"post","link":"https:\/\/www.europesays.com\/fr\/370443\/","title":{"rendered":"le Mangeur Masqu\u00e9 a test\u00e9 pour vous&#8230; un (super) resto libanais qui vient d&rsquo;ouvrir"},"content":{"rendered":"<p>            Par<br \/>\n        <strong><br \/>\n            <a href=\"https:\/\/actu.fr\/auteur\/redaction-toulouse\" title=\"Consulter tous les articles de R\u00e9daction de Toulouse\" target=\"_blank\" rel=\"noopener\">R\u00e9daction de Toulouse<\/a><br \/>\n        <\/strong><\/p>\n<p>        Publi\u00e9 le<\/p>\n<p>            6 sept. 2025 \u00e0 11h00        <\/p>\n<p>C\u2019est la rentr\u00e9e ! Et avec, son cort\u00e8ge de nouveaux restaurants que je vais, vous vous en doutez, d\u00e9masquer soigneusement pour mieux vous les conseiller ensuite. Puisqu\u2019il faut bien remettre le couvert (notez ici le sens aiguis\u00e9 de la m\u00e9taphore), la premi\u00e8re table o\u00f9 j\u2019ai choisi de m\u2019installer pour la reprise s\u2019appelle <strong>Beirut mon amour<\/strong>.<\/p>\n<p>Houmous, chawarma, falafel\u2026<br \/>\n    <img   decoding=\"async\" loading=\"lazy\" class=\"size-large\" src=\"https:\/\/www.europesays.com\/fr\/wp-content\/uploads\/2025\/09\/7e13740065b86a223740065b886237v-960x640.jpg\" alt=\"xz\" width=\"960\" height=\"640\"\/><br \/>\n    Le Toum, vous connaissez ? C\u2019est une sauce blanche \u00e0 l\u2019ail. D\u00e9lice ! \u00a9L.M.M.<\/p>\n<p class=\" wall-content\">Particularit\u00e9 de ce resto qui a ouvert pendant l\u2019\u00e9t\u00e9 : il cumule d\u00e9j\u00e0 deux adresses, ouvertes midi et soir. L\u2019une en ext\u00e9rieur dans <strong>une loge du march\u00e9 des Carmes,<\/strong> l\u2019autre dans la rue Gabriel P\u00e9ri. Avec \u00e0 chaque fois, un seul et m\u00eame amour pour la cuisine libanaise. Une aubaine tant cette gastronomie \u00e0 la fois go\u00fbteuse et relativement saine, remplie d\u2019options v\u00e9g\u00e9tariennes\/v\u00e9g\u00e9taliennes, manquait jusqu\u2019ici de spots fiables \u00e0 Toulouse (hormis <strong>\u00a0\u00bb Chez nous les Libanais \u00ab\u00a0<\/strong> pr\u00e8s de la Daurade).<\/p>\n<p class=\" wall-content\">Pas besoin de faire durer trop longtemps le suspens : Beirut mon amour corrige cet \u00e9cueil avec brio. D\u00e9j\u00e0, la plupart des incontournables sont pr\u00e9sents \u00e0 la carte. Pour vous mettre l\u2019eau \u00e0 la bouche : <strong>houmous<\/strong> (pur\u00e9e de pois chiche avec un bon coup de tahini), taboul\u00e9 libanais (tr\u00e8s herbac\u00e9 et parfum\u00e9), falafels (boulettes de pois chiche), <strong>fattouche<\/strong> (salade de crudit\u00e9s), <strong>moutabal<\/strong> (caviar d\u2019aubergines), <strong>batata<\/strong> (pommes de terre frites), <strong>brochettes de poulet<\/strong> et autre <strong>Kebb\u00e9<\/strong>\u2026 Sans oublier le l\u00e9gendaire <strong>chawarma<\/strong> ! Le tout cuisin\u00e9 avec des produits ultra frais. Avec le march\u00e9 des Carmes juste \u00e0-c\u00f4t\u00e9, difficile de faire plus court comme circuit. Approvisionnement en direct !<\/p>\n<p>14 euros le buffet v\u00e9g\u00e9 \u00e0 volont\u00e9 !<br \/>\n    <img   decoding=\"async\" loading=\"lazy\" class=\"size-large\" src=\"https:\/\/www.europesays.com\/fr\/wp-content\/uploads\/2025\/09\/d231573065b86d631573065b8dc315v-960x640.jpg\" alt=\"Agr\u00e9able (et pratique quand il pleut) la terrasse couverte des Carmes.\" width=\"960\" height=\"640\"\/><br \/>\n    Agr\u00e9able (et pratique quand il pleut) la terrasse couverte des Carmes. \u00a9L.M.M.<\/p>\n<p class=\" wall-content\">Deux options s\u2019offrent \u00e0 vous : soit associer<strong> plusieurs mezz\u00e9s<\/strong> parmi ceux propos\u00e9s \u00e0 la carte. Soit opter pour les assiettes d\u00e9j\u00e0 compos\u00e9es et leur rapport qualit\u00e9\/quantit\u00e9\/prix absolument remarquable. Pour 16\u20ac ou 16\u20ac50, vous avez un mix \u00e0 la fois vari\u00e9 et nourrissant (les assiettes d\u00e9bordent litt\u00e9ralement de couleurs et de saveurs). Gros plus pour l\u2019adresse situ\u00e9e rue Gabriel P\u00e9ri : elle propose le midi <strong>un buffet \u00e0 volont\u00e9<\/strong> compos\u00e9 \u00e0 100% de mezz\u00e9s v\u00e9g\u00e9tariens p<strong>our seulement 14 euros<\/strong>. \u00a0\u00bb Liban d\u2019essai \u00a0\u00bb r\u00e9ussi !<\/p>\n<p>Votre r\u00e9gion, votre actu !<\/p>\n<p>Recevez chaque jour les infos qui comptent pour vous.<\/p>\n<p>\t<a href=\"https:\/\/actu.fr\/newsletter\" class=\"ac-btn ac-btn--corner ac-btn--medium ac-btn--blue800\" target=\"_blank\" rel=\"noopener\">S&rsquo;incrire<\/a><\/p>\n<p class=\" wall-content\"><b>LE MANGEUR MASQU\u00c9\u00a0 <\/b><br \/>Suivez-le sur Insta : @le_mangeur_masque<\/p>\n<p>Beirut mon amour, 5 Bis rue Gabriel P\u00e9ri\/March\u00e9 des Carmes<\/p>\n<p class=\" wall-content\">Personnalisez votre actualit\u00e9 en ajoutant vos villes et m\u00e9dias en favori avec <a href=\"https:\/\/moncompte.actu.fr\" title=\"D\u00e9couvez Mon Actu\" rel=\"nofollow noopener\" data-trk=\"{&quot;cta&quot;:{&quot;action&quot;:&quot;https:\\\/\\\/moncompte.actu.fr&quot;,&quot;category&quot;:&quot;mon compte&quot;,&quot;from&quot;:&quot;article footer&quot;,&quot;name&quot;:&quot;Mon actu&quot;,&quot;type&quot;:&quot;cta&quot;}}\" target=\"_blank\">Mon Actu<\/a>.<\/p>\n","protected":false},"excerpt":{"rendered":"Par R\u00e9daction de Toulouse Publi\u00e9 le 6 sept. 2025 \u00e0 11h00 C\u2019est la rentr\u00e9e ! Et avec, son&hellip;\n","protected":false},"author":2,"featured_media":370444,"comment_status":"","ping_status":"","sticky":false,"template":"","format":"standard","meta":{"footnotes":""},"categories":[2816],"tags":[1111,11,1777,674,1011,27,1652,12,2849,2680,25,2850,1341,2312],"class_list":{"0":"post-370443","1":"post","2":"type-post","3":"status-publish","4":"format-standard","5":"has-post-thumbnail","7":"category-toulouse","8":"tag-actu","9":"tag-actualites","10":"tag-eu","11":"tag-europe","12":"tag-fr","13":"tag-france","14":"tag-loisirs-culture","15":"tag-news","16":"tag-nouveaux-commerces-a-toulouse","17":"tag-occitanie","18":"tag-republique-francaise","19":"tag-restaurants-de-toulouse","20":"tag-sortir-a-toulouse","21":"tag-toulouse"},"share_on_mastodon":{"url":"https:\/\/pubeurope.com\/@fr\/115156978572202702","error":""},"_links":{"self":[{"href":"https:\/\/www.europesays.com\/fr\/wp-json\/wp\/v2\/posts\/370443","targetHints":{"allow":["GET"]}}],"collection":[{"href":"https:\/\/www.europesays.com\/fr\/wp-json\/wp\/v2\/posts"}],"about":[{"href":"https:\/\/www.europesays.com\/fr\/wp-json\/wp\/v2\/types\/post"}],"author":[{"embeddable":true,"href":"https:\/\/www.europesays.com\/fr\/wp-json\/wp\/v2\/users\/2"}],"replies":[{"embeddable":true,"href":"https:\/\/www.europesays.com\/fr\/wp-json\/wp\/v2\/comments?post=370443"}],"version-history":[{"count":0,"href":"https:\/\/www.europesays.com\/fr\/wp-json\/wp\/v2\/posts\/370443\/revisions"}],"wp:featuredmedia":[{"embeddable":true,"href":"https:\/\/www.europesays.com\/fr\/wp-json\/wp\/v2\/media\/370444"}],"wp:attachment":[{"href":"https:\/\/www.europesays.com\/fr\/wp-json\/wp\/v2\/media?parent=370443"}],"wp:term":[{"taxonomy":"category","embeddable":true,"href":"https:\/\/www.europesays.com\/fr\/wp-json\/wp\/v2\/categories?post=370443"},{"taxonomy":"post_tag","embeddable":true,"href":"https:\/\/www.europesays.com\/fr\/wp-json\/wp\/v2\/tags?post=370443"}],"curies":[{"name":"wp","href":"https:\/\/api.w.org\/{rel}","templated":true}]}}