{"id":370451,"date":"2025-09-06T10:56:12","date_gmt":"2025-09-06T10:56:12","guid":{"rendered":"https:\/\/www.europesays.com\/fr\/370451\/"},"modified":"2025-09-06T10:56:12","modified_gmt":"2025-09-06T10:56:12","slug":"la-bonne-mere-restauree-avec-40-000-feuilles-dor-dans-un-chantier-spectaculaire-tres-attendu-a-marseille","status":"publish","type":"post","link":"https:\/\/www.europesays.com\/fr\/370451\/","title":{"rendered":"la Bonne M\u00e8re restaur\u00e9e avec 40.000 feuilles d\u2019or dans un chantier spectaculaire tr\u00e8s attendu \u00e0 Marseille"},"content":{"rendered":"<p><strong>\u00c0 220 m\u00e8tres d\u2019altitude, sous une immense b\u00e2che, la doreuse Cyrielle d\u2019Antoni applique de fines feuilles d\u2019or sur la main de l\u2019enfant de la Bonne M\u00e8re. Un travail minutieux qui marque l\u2019une des derni\u00e8res \u00e9tapes de la r\u00e9novation de ce symbole de Marseille.<\/strong><\/p>\n<p>D\u00e9coiff\u00e9e de sa couronne en ao\u00fbt, la statue de la Vierge \u00e0\u00a0l\u2019enfant protec\u00adtrice de la cit\u00e9 phoc\u00e9enne est depuis mercredi recou\u00adverte de 30.000 \u00e0\u00a040.000 feuilles d\u2019or. Objectif\u00a0: lui redonner l\u2019\u00e9clat terni par le mistral, l\u2019air marin et la pollution.<\/p>\n<p>Perch\u00e9e au sommet de la basilique de Notre-\u200bDame de la Garde, Cyrielle, cheveux poudr\u00e9s d\u2019or, utilise sa palette et une l\u00e9g\u00e8re \u00e9lectricit\u00e9 statique pour attraper les feuilles, avant de les d\u00e9poser d\u00e9lica\u00adtement. Elle les lisse ensuite \u00e0\u00a0l\u2019aide d\u2019une brosse et d\u2019une eau g\u00e9latin\u00e9e pour fixer la dorure. Munie d\u2019un coussin \u00e0\u00a0dorer fabriqu\u00e9 elle-\u200bm\u00eame, elle r\u00e9cup\u00e8re chaque particule pr\u00e9cieuse.<\/p>\n<p>Un chantier unique pour la statue de la Bonne\u00a0M\u00e8re<\/p>\n<p>Apr\u00e8s la main de l\u2019enfant J\u00e9sus, les artisans s\u2019attelleront au visage, aux cheveux, au cou et au reste du corps de la statue. Le chantier, rythm\u00e9 par le souffle du vent sous les b\u00e2ches, devrait durer environ un mois. \u00ab\u00a0C\u2019est un honneur et un plaisir de travailler sur un site aussi symbo\u00adlique\u00a0\u00bb, confie Mme d\u2019Antoni, origi\u00adnaire de la r\u00e9gion.<\/p>\n<p>La statue, haute d\u2019une dizaine de m\u00e8tres, sera redor\u00e9e sur plus de 100\u00a0m\u00b2 avec \u00e0\u00a0peine 500 grammes d\u2019or. L\u2019\u00e9chafaudage a\u00a0\u00e9t\u00e9 enti\u00e8\u00adrement recouvert pour prot\u00e9ger l\u2019ouvrage du vent et de la chaleur, offrant un v\u00e9ritable atelier suspendu.<\/p>\n<p>Une dorure qui devrait durer 50\u00a0ans<\/p>\n<p>Selon Xavier David, archi\u00adtecte en charge des travaux, ce chantier est \u00ab\u00a0histo\u00adrique\u00a0\u00bb : l\u2019emballage int\u00e9gral n\u2019avait jamais \u00e9t\u00e9 utilis\u00e9 auparavant. Il permet de travailler hors pollution et d\u2019\u00e9viter que la statue n\u2019absorbe le sel de la mer, comme lors des restau\u00adra\u00adtions pass\u00e9es. Gr\u00e2ce \u00e0\u00a0ce dessa\u00adlement, la dorure pourrait tenir jusqu\u2019\u00e0 50 ans, contre 25 \u00e0\u00a030 habituellement.<\/p>\n<p>\u00ab\u00a0Je suis saisi person\u00adnel\u00adlement, mais encore plus touch\u00e9 par l\u2019\u00e9merveillement de tous\u00a0: visiteurs, m\u00e9c\u00e8nes, ouvriers\u00a0\u00bb, souligne l\u2019architecte. Pour financer l\u2019op\u00e9ration, le dioc\u00e8se avait lanc\u00e9 une campagne de dons, invitant les parti\u00adcu\u00adliers \u00e0\u00a0parrainer une feuille d\u2019or.<\/p>\n<p>Des m\u00e9c\u00e8nes mobilis\u00e9s pour la r\u00e9novation<\/p>\n<p>Le chantier global, qui inclut aussi le pi\u00e9destal, les anges et les fa\u00e7ades, repr\u00e9\u00adsente un budget de 2,8 millions d\u2019euros, dont 2,2 millions pour la dorure seule. Outre les dons des fid\u00e8les, plusieurs grands m\u00e9c\u00e8nes comme CMA CGM, l\u2019Olympique de Marseille et Pernod Ricard ont contribu\u00e9 au financement.<\/p>\n<p><a href=\"https:\/\/anneedelamer.nice.fr\/\" rel=\"nofollow noopener\" target=\"_blank\"><img loading=\"lazy\" decoding=\"async\" width=\"300\" height=\"300\" src=\"data:image\/svg+xml,%3Csvg%20xmlns=\" http:=\"\" alt=\"\" class=\"wp-image-235449\" data-lazy-src=\"https:\/\/www.europesays.com\/fr\/wp-content\/uploads\/2025\/04\/IMG_1416-2.png\"\/><\/a><\/p>\n<p>\u00ab\u00a0Quand la Bonne M\u00e8re a\u00a0\u00e9t\u00e9 cach\u00e9e par cette b\u00e2che blanche, certains Marseillais s\u2019en sont inqui\u00e9t\u00e9s\u00a0\u00bb, confie l\u2019architecte. Pour les faire patienter, des spots lumineux ont \u00e9t\u00e9 install\u00e9s \u00ab\u00a0\u00e0 la fa\u00e7on d\u2019un c\u0153ur qui bat\u00a0\u00bb. La statue devrait r\u00e9appa\u00adra\u00eetre dans toute sa splendeur d\u00e9but d\u00e9cembre.<\/p>\n<p class=\"has-small-font-size\">Avec AFP<\/p>\n","protected":false},"excerpt":{"rendered":"\u00c0 220 m\u00e8tres d\u2019altitude, sous une immense b\u00e2che, la doreuse Cyrielle d\u2019Antoni applique de fines feuilles d\u2019or sur&hellip;\n","protected":false},"author":2,"featured_media":370452,"comment_status":"","ping_status":"","sticky":false,"template":"","format":"standard","meta":{"footnotes":""},"categories":[2814],"tags":[1111,11,1777,674,1011,27,884,12,882,25],"class_list":{"0":"post-370451","1":"post","2":"type-post","3":"status-publish","4":"format-standard","5":"has-post-thumbnail","7":"category-marseille","8":"tag-actu","9":"tag-actualites","10":"tag-eu","11":"tag-europe","12":"tag-fr","13":"tag-france","14":"tag-marseille","15":"tag-news","16":"tag-provence-alpes-cote-dazur","17":"tag-republique-francaise"},"share_on_mastodon":{"url":"https:\/\/pubeurope.com\/@fr\/115156994212324920","error":""},"_links":{"self":[{"href":"https:\/\/www.europesays.com\/fr\/wp-json\/wp\/v2\/posts\/370451","targetHints":{"allow":["GET"]}}],"collection":[{"href":"https:\/\/www.europesays.com\/fr\/wp-json\/wp\/v2\/posts"}],"about":[{"href":"https:\/\/www.europesays.com\/fr\/wp-json\/wp\/v2\/types\/post"}],"author":[{"embeddable":true,"href":"https:\/\/www.europesays.com\/fr\/wp-json\/wp\/v2\/users\/2"}],"replies":[{"embeddable":true,"href":"https:\/\/www.europesays.com\/fr\/wp-json\/wp\/v2\/comments?post=370451"}],"version-history":[{"count":0,"href":"https:\/\/www.europesays.com\/fr\/wp-json\/wp\/v2\/posts\/370451\/revisions"}],"wp:featuredmedia":[{"embeddable":true,"href":"https:\/\/www.europesays.com\/fr\/wp-json\/wp\/v2\/media\/370452"}],"wp:attachment":[{"href":"https:\/\/www.europesays.com\/fr\/wp-json\/wp\/v2\/media?parent=370451"}],"wp:term":[{"taxonomy":"category","embeddable":true,"href":"https:\/\/www.europesays.com\/fr\/wp-json\/wp\/v2\/categories?post=370451"},{"taxonomy":"post_tag","embeddable":true,"href":"https:\/\/www.europesays.com\/fr\/wp-json\/wp\/v2\/tags?post=370451"}],"curies":[{"name":"wp","href":"https:\/\/api.w.org\/{rel}","templated":true}]}}