{"id":370453,"date":"2025-09-06T10:57:12","date_gmt":"2025-09-06T10:57:12","guid":{"rendered":"https:\/\/www.europesays.com\/fr\/370453\/"},"modified":"2025-09-06T10:57:12","modified_gmt":"2025-09-06T10:57:12","slug":"des-ecoles-flambant-neuves-enfin-inaugurees-a-marseille-pourquoi-lopposition-denonce-une-communication-exageree","status":"publish","type":"post","link":"https:\/\/www.europesays.com\/fr\/370453\/","title":{"rendered":"des \u00e9coles flambant neuves (enfin) inaugur\u00e9es \u00e0 Marseille, pourquoi l\u2019opposition d\u00e9nonce une communication exag\u00e9r\u00e9e"},"content":{"rendered":"<p><strong>\u00ab\u00a0J\u2019esp\u00e8re que les probl\u00e8mes sont derri\u00e8re nous\u00a0\u00bb, souffle une m\u00e8re de famille en d\u00e9cou\u00advrant la nouvelle \u00e9cole de ses enfants \u00e0\u00a0Marseille. Dans la deuxi\u00e8me ville de France, l\u2019immense chantier de r\u00e9novation des \u00e9tablis\u00adse\u00adments scolaires avance malgr\u00e9 les critiques et les \u00e9ch\u00e9ances \u00e9lectorales.<\/strong><\/p>\n<p>La joie est palpable chez les parents et \u00e9l\u00e8ves \u00e0\u00a0l\u2019inauguration du groupe scolaire Bouge, dans les quartiers Nord. \u00ab\u00a0C\u2019est trop beau\u00a0!\u00a0\u00bb, s\u2019exclame Fa\u00efka, 4\u00a0ans, avant de s\u2019\u00e9lancer dans le toboggan tubulaire qui m\u00e8ne direc\u00adtement \u00e0\u00a0sa classe, lors d\u2019une rentr\u00e9e organis\u00e9e sur deux jours pour finaliser l\u2019installation.<\/p>\n<p>Les pr\u00e9fa\u00adbriqu\u00e9s provi\u00adsoires de Malpass\u00e9 (13e arron\u00addis\u00adsement) ont laiss\u00e9 place \u00e0\u00a0des jardinets, des murs en bois ajour\u00e9, des ombri\u00e8res et un toit-\u200bterrasse biosourc\u00e9. Co\u00fbt de la recons\u00adtruction\u00a0: 16 millions d\u2019euros, symbole d\u2019un nouveau souffle pour une \u00e9cole longtemps associ\u00e9e au d\u00e9labrement du parc scolaire marseillais.<\/p>\n<p>Un plan massif lanc\u00e9 apr\u00e8s la visite de Macron<\/p>\n<p>Infiltrations, chaleur insup\u00adpor\u00adtable l\u2019\u00e9t\u00e9, froid glacial l\u2019hiver, murs fissur\u00e9s et gymnase condamn\u00e9 pour des raisons de s\u00e9curit\u00e9 faisaient partie du quotidien de l\u2019\u00e9tablissement. En 2021, Emmanuel Macron y\u00a0avait effectu\u00e9 sa rentr\u00e9e en promettant de \u00ab\u00a0faire le maximum\u00a0\u00bb pour combler le retard histo\u00adrique de Marseille en mati\u00e8re d\u2019\u00e9quipements scolaires.<\/p>\n<p>C\u2019est dans la foul\u00e9e que le plan \u00ab\u00a0Marseille en grand\u00a0\u00bb a\u00a0vu le jour, avec deux priorit\u00e9s\u00a0: moder\u00adniser le parc scolaire et d\u00e9velopper les trans\u00adports en commun dans une ville de 900.000 habitants qui ne compte que deux lignes de m\u00e9tro. Une enveloppe de 1,5 milliard d\u2019euros, dont 400 millions apport\u00e9s par l\u2019\u00c9tat, a\u00a0\u00e9t\u00e9 pr\u00e9vue pour r\u00e9habi\u00adliter ou recons\u00adtruire 188 \u00e9coles sur 470\u00a0en dix ans. Pour mettre en \u0153uvre ce chantier in\u00e9dit, une soci\u00e9t\u00e9 publique des \u00e9coles marseillaises (SPEM) a\u00a0\u00e9t\u00e9 cr\u00e9\u00e9e, une premi\u00e8re en France.<\/p>\n<p>Des chiffres contest\u00e9s par l\u2019opposition<\/p>\n<p>Depuis, \u00ab\u00a027 \u00e9coles\u00a0\u00bb ont \u00e9t\u00e9 livr\u00e9es, une \u00ab\u00a0prouesse\u00a0\u00bb selon le maire Beno\u00eet Payan, qui a\u00a0fait de ce programme une priorit\u00e9 de son mandat. La munici\u00adpalit\u00e9 assure que \u00ab\u00a095 \u00e9coles seront soit livr\u00e9es, soit en chantier, soit les contrats auront \u00e9t\u00e9 sign\u00e9s\u00a0\u00bb d\u2019ici mars\u00a02026.<\/p>\n<p>Mais l\u2019opposition de droite conteste ces chiffres jug\u00e9s \u00ab\u00a0farfelus\u00a0\u00bb. Pour Romain Simmarano, proche de Renaud Muselier, le bilan est \u00ab\u00a0mensonger\u00a0\u00bb. Selon son propre d\u00e9compte, \u00ab\u00a016 \u00e9coles au mieux seront construites ou r\u00e9nov\u00e9es sur la fin de mandat\u00a0\u00bb, en excluant celles lanc\u00e9es sous la pr\u00e9c\u00e9\u00addente municipalit\u00e9.\u00a0<\/p>\n<p>Un autre opposant ironise\u00a0: M. Payan choisirait \u00ab\u00a0ses \u00e9coles en fonction de la carte \u00e9lectorale\u00a0\u00bb, \u00e0\u00a0l\u2019approche des munici\u00adpales de\u00a02026.<\/p>\n<p><a href=\"https:\/\/anneedelamer.nice.fr\/\" rel=\"nofollow noopener\" target=\"_blank\"><img loading=\"lazy\" decoding=\"async\" width=\"300\" height=\"300\" src=\"data:image\/svg+xml,%3Csvg%20xmlns=\" http:=\"\" alt=\"\" class=\"wp-image-235449\" data-lazy-src=\"https:\/\/www.europesays.com\/fr\/wp-content\/uploads\/2025\/04\/IMG_1416-2.png\"\/><\/a><\/p>\n<p>Critiques persistantes <\/p>\n<p>Le Collectif des \u00e9coles de Marseille a\u00a0d\u00e9nonc\u00e9 \u00ab\u00a0la com\u2019 outran\u00adci\u00e8re de la mairie\u00a0\u00bb, en diffusant des photos d\u2019une \u00e9cole provi\u00adsoire inond\u00e9e par les intem\u00adp\u00e9ries, ce qui a\u00a0contraint les autorit\u00e9s \u00e0\u00a0repousser la rentr\u00e9e de certains \u00e9l\u00e8ves.<\/p>\n<p>En 2024, la Cour des comptes avait d\u00e9j\u00e0 \u00e9mis un rapport s\u00e9v\u00e8re sur le plan \u00ab\u00a0Marseille en grand\u00a0\u00bb. Concernant les \u00e9coles, elle regrettait l\u2019absence de \u00ab\u00a0mesure sp\u00e9ci\u00adfique visant \u00e0\u00a0r\u00e9pondre aux causes de l\u2019\u00e9chec scolaire\u00a0\u00bb, pointant une ville fractur\u00e9e entre quartiers riches au Sud et quartiers parmi les plus pauvres d\u2019Europe au\u00a0Nord.<\/p>\n<p>Des \u00e9lus qui d\u00e9fendent leur\u00a0bilan<\/p>\n<p>\u00ab\u00a0Ceux qui disent qu\u2019on g\u00e8re mal n\u2019ont rien fait pendant 25 ans\u00a0\u00bb, r\u00e9torque l\u2019\u00e9lu Pierre-\u200bMarie Ganozzi. Il rappelle qu\u2019\u00e0 Marseille, le budget annuel consacr\u00e9 aux \u00e9coles est pass\u00e9 \u00ab\u00a0de moins de 10 millions d\u2019euros \u00e0\u00a040 millions\u00a0\u00bb.<\/p>\n<p>\u00ab\u00a0L\u00e0 o\u00f9 nos \u00e9coles avaient 20 ans de retard, elles auront aujourd\u2019hui 20 ans d\u2019avance aussi bien en termes de confort thermique, d\u2019\u00e9qui\u00adpe\u00adments, d\u2019outils p\u00e9dago\u00adgiques. Marseille sera montr\u00e9e en exemple\u00a0\u00bb, proph\u00e9tise-\u200bt-\u200bil, lui-\u200bm\u00eame ensei\u00adgnant d\u2019histoire-g\u00e9ographie.<\/p>\n<p class=\"has-small-font-size\">Avec AFP<\/p>\n","protected":false},"excerpt":{"rendered":"\u00ab\u00a0J\u2019esp\u00e8re que les probl\u00e8mes sont derri\u00e8re nous\u00a0\u00bb, souffle une m\u00e8re de famille en d\u00e9cou\u00advrant la nouvelle \u00e9cole de&hellip;\n","protected":false},"author":2,"featured_media":370454,"comment_status":"","ping_status":"","sticky":false,"template":"","format":"standard","meta":{"footnotes":""},"categories":[2814],"tags":[1111,11,1777,674,1011,27,884,12,882,25],"class_list":{"0":"post-370453","1":"post","2":"type-post","3":"status-publish","4":"format-standard","5":"has-post-thumbnail","7":"category-marseille","8":"tag-actu","9":"tag-actualites","10":"tag-eu","11":"tag-europe","12":"tag-fr","13":"tag-france","14":"tag-marseille","15":"tag-news","16":"tag-provence-alpes-cote-dazur","17":"tag-republique-francaise"},"share_on_mastodon":{"url":"https:\/\/pubeurope.com\/@fr\/115156998185394692","error":""},"_links":{"self":[{"href":"https:\/\/www.europesays.com\/fr\/wp-json\/wp\/v2\/posts\/370453","targetHints":{"allow":["GET"]}}],"collection":[{"href":"https:\/\/www.europesays.com\/fr\/wp-json\/wp\/v2\/posts"}],"about":[{"href":"https:\/\/www.europesays.com\/fr\/wp-json\/wp\/v2\/types\/post"}],"author":[{"embeddable":true,"href":"https:\/\/www.europesays.com\/fr\/wp-json\/wp\/v2\/users\/2"}],"replies":[{"embeddable":true,"href":"https:\/\/www.europesays.com\/fr\/wp-json\/wp\/v2\/comments?post=370453"}],"version-history":[{"count":0,"href":"https:\/\/www.europesays.com\/fr\/wp-json\/wp\/v2\/posts\/370453\/revisions"}],"wp:featuredmedia":[{"embeddable":true,"href":"https:\/\/www.europesays.com\/fr\/wp-json\/wp\/v2\/media\/370454"}],"wp:attachment":[{"href":"https:\/\/www.europesays.com\/fr\/wp-json\/wp\/v2\/media?parent=370453"}],"wp:term":[{"taxonomy":"category","embeddable":true,"href":"https:\/\/www.europesays.com\/fr\/wp-json\/wp\/v2\/categories?post=370453"},{"taxonomy":"post_tag","embeddable":true,"href":"https:\/\/www.europesays.com\/fr\/wp-json\/wp\/v2\/tags?post=370453"}],"curies":[{"name":"wp","href":"https:\/\/api.w.org\/{rel}","templated":true}]}}