{"id":370455,"date":"2025-09-06T10:58:12","date_gmt":"2025-09-06T10:58:12","guid":{"rendered":"https:\/\/www.europesays.com\/fr\/370455\/"},"modified":"2025-09-06T10:58:12","modified_gmt":"2025-09-06T10:58:12","slug":"au-sud-de-lyon-le-cortege-du-mariage-derape-la-police-ciblee-par-des-tirs-de-mortiers","status":"publish","type":"post","link":"https:\/\/www.europesays.com\/fr\/370455\/","title":{"rendered":"Au sud de Lyon : le cort\u00e8ge du mariage d\u00e9rape, la police cibl\u00e9e par des tirs de mortiers"},"content":{"rendered":"<p>                            <img loading=\"lazy\" width=\"936\" height=\"585\" class=\"attachment-article size-article wp-post-image lazyload\" alt=\"police Lyon\" decoding=\"async\" src=\"https:\/\/www.europesays.com\/fr\/wp-content\/uploads\/2025\/04\/622786-ez-Police-voiture-Tim-1040x585-1-e1706099441841.jpg\" data-eio-rwidth=\"936\" data-eio-rheight=\"585\"\/><\/p>\n<p>Photo d\u2019illustration. \u00a9 Tim Douet<\/p>\n<p class=\"content\" style=\"font-size:1.2em;font-weight:700\">La police de Rillieux-la-Pape est intervenue mercredi 3 septembre pour des tirs d\u2019artifice dans le cort\u00e8ge d\u2019un mariage avant d\u2019\u00eatre prise \u00e0 partie.<\/p>\n<p>Alors qu\u2019un cort\u00e8ge de mariage traversait le centre-ville de Rillieux-la-Pape, au Sud de Lyon, plusieurs tirs de mortiers ont \u00e9t\u00e9 constat\u00e9s, obligeant les forces de l\u2019ordre \u00e0 intervenir. D\u2019apr\u00e8s nos confr\u00e8res du <a href=\"https:\/\/www.leprogres.fr\/faits-divers-justice\/2025\/09\/05\/un-cortege-de-mariage-derape-a-rillieux-la-pape-la-police-prise-a-partie\" target=\"_blank\" rel=\"noreferrer noopener nofollow\">Progr\u00e8s<\/a>, les participants auraient assur\u00e9 ne pas \u00eatre en tord lors du contr\u00f4le.<\/p>\n<p>Une trentaine d\u2019individus s\u2019est alors violemment joint au cort\u00e8ge, n\u00e9cessitant l\u2019utilisant de gaz lacrymog\u00e8ne afin de ma\u00eetriser les suspects. Plus tard dans la soir\u00e9e, d\u2019autres tirs de mortiers et des jets de pierres ont \u00e9t\u00e9 effectu\u00e9s dans le quartier de la Velette. Si aucune interpellation n\u2019a \u00e9t\u00e9 effectu\u00e9e, cet incident serait li\u00e9 aux \u00e9v\u00e9nements de la matin\u00e9e, indiquent encore nos confr\u00e8res.<\/p>\n","protected":false},"excerpt":{"rendered":"Photo d\u2019illustration. \u00a9 Tim Douet La police de Rillieux-la-Pape est intervenue mercredi 3 septembre pour des tirs d\u2019artifice&hellip;\n","protected":false},"author":2,"featured_media":21764,"comment_status":"","ping_status":"","sticky":false,"template":"","format":"standard","meta":{"footnotes":""},"categories":[1889],"tags":[1111,11,2430,1777,674,1011,27,2428,12,25],"class_list":{"0":"post-370455","1":"post","2":"type-post","3":"status-publish","4":"format-standard","5":"has-post-thumbnail","7":"category-lyon","8":"tag-actu","9":"tag-actualites","10":"tag-auvergne-rhone-alpes","11":"tag-eu","12":"tag-europe","13":"tag-fr","14":"tag-france","15":"tag-lyon","16":"tag-news","17":"tag-republique-francaise"},"share_on_mastodon":{"url":"https:\/\/pubeurope.com\/@fr\/115157002126742119","error":""},"_links":{"self":[{"href":"https:\/\/www.europesays.com\/fr\/wp-json\/wp\/v2\/posts\/370455","targetHints":{"allow":["GET"]}}],"collection":[{"href":"https:\/\/www.europesays.com\/fr\/wp-json\/wp\/v2\/posts"}],"about":[{"href":"https:\/\/www.europesays.com\/fr\/wp-json\/wp\/v2\/types\/post"}],"author":[{"embeddable":true,"href":"https:\/\/www.europesays.com\/fr\/wp-json\/wp\/v2\/users\/2"}],"replies":[{"embeddable":true,"href":"https:\/\/www.europesays.com\/fr\/wp-json\/wp\/v2\/comments?post=370455"}],"version-history":[{"count":0,"href":"https:\/\/www.europesays.com\/fr\/wp-json\/wp\/v2\/posts\/370455\/revisions"}],"wp:featuredmedia":[{"embeddable":true,"href":"https:\/\/www.europesays.com\/fr\/wp-json\/wp\/v2\/media\/21764"}],"wp:attachment":[{"href":"https:\/\/www.europesays.com\/fr\/wp-json\/wp\/v2\/media?parent=370455"}],"wp:term":[{"taxonomy":"category","embeddable":true,"href":"https:\/\/www.europesays.com\/fr\/wp-json\/wp\/v2\/categories?post=370455"},{"taxonomy":"post_tag","embeddable":true,"href":"https:\/\/www.europesays.com\/fr\/wp-json\/wp\/v2\/tags?post=370455"}],"curies":[{"name":"wp","href":"https:\/\/api.w.org\/{rel}","templated":true}]}}