{"id":370456,"date":"2025-09-06T10:59:12","date_gmt":"2025-09-06T10:59:12","guid":{"rendered":"https:\/\/www.europesays.com\/fr\/370456\/"},"modified":"2025-09-06T10:59:12","modified_gmt":"2025-09-06T10:59:12","slug":"mondiaux-de-fortnite-et-rocket-league-une-surprise-que-ce-soit-a-lyon","status":"publish","type":"post","link":"https:\/\/www.europesays.com\/fr\/370456\/","title":{"rendered":"Mondiaux de Fortnite et Rocket league : \u00ab\u00a0Une surprise que ce soit \u00e0 Lyon\u00a0\u00bb"},"content":{"rendered":"<p><img loading=\"lazy\" decoding=\"async\" alt=\"\u00a9 photo fournie par Lyon e-sport - L'association Lyon e-sport s'est fait conna\u00eetre sur la sc\u00e8ne nationale par l'organisation d'un grand \u00e9v\u00e9nement \u00e0 Lyon.\" data-zoom-src=\"https:\/\/www.europesays.com\/fr\/wp-content\/uploads\/2025\/09\/initial-lyon-esport-2018-association.jpg\" data-zoomable=\"\" height=\"702\" src=\"https:\/\/www.europesays.com\/fr\/wp-content\/uploads\/2025\/09\/initial-lyon-esport-2018-association.jpg\" width=\"1248\"\/>  <\/p>\n<p class=\"article-desc\">\u00a9 photo fournie par Lyon e-sport &#8211; L&rsquo;association Lyon e-sport s&rsquo;est fait conna\u00eetre sur la sc\u00e8ne nationale par l&rsquo;organisation d&rsquo;un grand \u00e9v\u00e9nement \u00e0 Lyon. <\/p>\n<p>Actuellement, l&rsquo;association <strong>Lyon e-sport<\/strong> compte entre 60 et 80 membres, dont une vingtaine de b\u00e9n\u00e9voles actifs. Pr\u00e9sident de l&rsquo;association depuis un peu moins d&rsquo;un an, <strong>Ludovic Rochet-Bellavia<\/strong> esp\u00e8re que les \u00e9v\u00e9nements organis\u00e9s en septembre \u00e0 la LDLC arena <a href=\"https:\/\/mesinfos.fr\/69150-decines-charpieu\/les-stars-mondiales-de-fortnite-et-rocket-league-bientot-reunies-pres-de-lyon-228609.html\" target=\"_blank\" rel=\"noopener\">autour des championnats du monde e-sport de Fortnite et Rocket league<\/a> pourront b\u00e9n\u00e9ficier au territoire. L&rsquo;occasion aussi de revenir sur les projets de l&rsquo;association, apr\u00e8s une p\u00e9riode de mise en sommeil. <\/p>\n<p class=\"interview\">Ludovic Rochet-Bellavia, comment accueillez-vous l&rsquo;organisation des mondiaux de Fortnite et Rocket league \u00e0 Lyon ? <\/p>\n<p>C&rsquo;est une surprise, pourquoi choisir Lyon ? Je ne sais pas. On aurait pens\u00e9 que ce soit plut\u00f4t organis\u00e9 sur Paris ou Montpellier, qui devient un grand bassin de e-sport. Ces deux \u00e9v\u00e9nements peuvent amener des choses, mais je ne sais pas encore quoi, car entre le monde associatif local et la structure mondiale du e-sport, c&rsquo;est tr\u00e8s diff\u00e9rent. En tout cas, c&rsquo;est bien pour le bassin lyonnais et \u00e7a reste incroyable pour la m\u00e9tropole. Pendant deux semaines, Lyon sera sous le feu des projecteurs. Mais je pense qu&rsquo;on aurait pu faire plus de choses autour. <\/p>\n<p class=\"interview\">Vous pensez \u00e0 une organisation comme pour de grands \u00e9v\u00e9nements, \u00e0 l&rsquo;instar de la coupe du monde de rugby par exemple ?<\/p>\n<p>\u00c7a aurait \u00e9t\u00e9 bien, m\u00eame si les deux \u00e9v\u00e9nements ne sont pas comparables. Aujourd&rsquo;hui encore, le e-sport n&rsquo;est pas totalement dans les mentalit\u00e9s, \u00e7a commence \u00e0 prendre forme. Il aurait \u00e9t\u00e9 int\u00e9ressant de cr\u00e9er quelque chose autour, de raconter une histoire, de mettre en lumi\u00e8re la ville \u00e0 travers cet \u00e9v\u00e9nement, d&rsquo;organiser des stands&#8230; On aurait pu prendre un peu le virage et tester des choses pour accompagner ce mouvement.\u00a0 <\/p>\n<p>L&rsquo;association Lyon e-sport \u00e0 la relance <\/p>\n<p class=\"interview\">Aujourd&rsquo;hui, que fait votre association ? <\/p>\n<p>En 2018 et 2019, nous avons organis\u00e9 les deux plus grandes \u00e9ditions de notre comp\u00e9tition Lyon e-sport, avec 15 000 spectateurs r\u00e9unis \u00e0 la Cit\u00e9 internationale de Lyon. C&rsquo;\u00e9tait un \u00e9v\u00e9nement \u00e0 rayonnement national, qui a amen\u00e9 un souffle de nouveaut\u00e9s avec une vraie prise de risques. Nous avions une sc\u00e8ne de qualit\u00e9 avec des joueurs professionnels. L&rsquo;\u00e9dition 2020 a accumul\u00e9 des dettes en raison du covid, nous en avons encore. Aujourd&rsquo;hui, apr\u00e8s une pause, l&rsquo;association a \u00e9t\u00e9 relanc\u00e9e fin 2024. L&rsquo;id\u00e9e sera de cr\u00e9er un \u00e9v\u00e9nement plus intimiste, proche des spectateurs et des joueurs pour qu&rsquo;ils prennent tous du plaisir.<\/p>\n","protected":false},"excerpt":{"rendered":"\u00a9 photo fournie par Lyon e-sport &#8211; L&rsquo;association Lyon e-sport s&rsquo;est fait conna\u00eetre sur la sc\u00e8ne nationale par&hellip;\n","protected":false},"author":2,"featured_media":370457,"comment_status":"","ping_status":"","sticky":false,"template":"","format":"standard","meta":{"footnotes":""},"categories":[1889],"tags":[1111,11,2430,9489,1777,674,1011,27,11086,2428,12,25],"class_list":{"0":"post-370456","1":"post","2":"type-post","3":"status-publish","4":"format-standard","5":"has-post-thumbnail","7":"category-lyon","8":"tag-actu","9":"tag-actualites","10":"tag-auvergne-rhone-alpes","11":"tag-e-sport","12":"tag-eu","13":"tag-europe","14":"tag-fr","15":"tag-france","16":"tag-jeux-vidu00e9o","17":"tag-lyon","18":"tag-news","19":"tag-republique-francaise"},"share_on_mastodon":{"url":"https:\/\/pubeurope.com\/@fr\/115157006457921764","error":""},"_links":{"self":[{"href":"https:\/\/www.europesays.com\/fr\/wp-json\/wp\/v2\/posts\/370456","targetHints":{"allow":["GET"]}}],"collection":[{"href":"https:\/\/www.europesays.com\/fr\/wp-json\/wp\/v2\/posts"}],"about":[{"href":"https:\/\/www.europesays.com\/fr\/wp-json\/wp\/v2\/types\/post"}],"author":[{"embeddable":true,"href":"https:\/\/www.europesays.com\/fr\/wp-json\/wp\/v2\/users\/2"}],"replies":[{"embeddable":true,"href":"https:\/\/www.europesays.com\/fr\/wp-json\/wp\/v2\/comments?post=370456"}],"version-history":[{"count":0,"href":"https:\/\/www.europesays.com\/fr\/wp-json\/wp\/v2\/posts\/370456\/revisions"}],"wp:featuredmedia":[{"embeddable":true,"href":"https:\/\/www.europesays.com\/fr\/wp-json\/wp\/v2\/media\/370457"}],"wp:attachment":[{"href":"https:\/\/www.europesays.com\/fr\/wp-json\/wp\/v2\/media?parent=370456"}],"wp:term":[{"taxonomy":"category","embeddable":true,"href":"https:\/\/www.europesays.com\/fr\/wp-json\/wp\/v2\/categories?post=370456"},{"taxonomy":"post_tag","embeddable":true,"href":"https:\/\/www.europesays.com\/fr\/wp-json\/wp\/v2\/tags?post=370456"}],"curies":[{"name":"wp","href":"https:\/\/api.w.org\/{rel}","templated":true}]}}