{"id":370460,"date":"2025-09-06T11:01:18","date_gmt":"2025-09-06T11:01:18","guid":{"rendered":"https:\/\/www.europesays.com\/fr\/370460\/"},"modified":"2025-09-06T11:01:18","modified_gmt":"2025-09-06T11:01:18","slug":"remboursement-navigo-imagine-r-et-velib-pour-les-eleves-voici-comment-proceder","status":"publish","type":"post","link":"https:\/\/www.europesays.com\/fr\/370460\/","title":{"rendered":"Remboursement Navigo Imagine R et V\u00e9lib\u2019 pour les \u00e9l\u00e8ves : voici comment proc\u00e9der"},"content":{"rendered":"<p class=\"article-p mdl\">Depuis son lancement en 2019, l&rsquo;op\u00e9ration est un franc succ\u00e8s. Annuellement, la Ville de Paris met en place un dispositif de remboursement pour les forfaits Navigo Imagine R et V\u00e9lib&rsquo;. \u00c0 partir du jeudi 4 septembre 2025 et jusqu&rsquo;au 30 juin 2026, les jeunes parisiens vont pouvoir se faire rembourser le Navigo \u00e0 100%.<\/p>\n<p class=\"article-p mdl\">Trois forfaits Imagine R et l&rsquo;abonnement V\u00e9lib&rsquo;V-Plus jeune sont concern\u00e9s par ces remboursements. Parmi eux : le Navigo\u00a0<a class=\"link\" href=\"https:\/\/www.iledefrance-mobilites.fr\/titres-et-tarifs\/detail\/forfait-imagine-r-junior\" target=\"_blank\" rel=\"noopener\">Imagine R Junior<\/a><strong>\u00a0<\/strong>pour les 4 \u00e0 11 ans, le Navigo\u00a0<a class=\"link\" href=\"https:\/\/www.iledefrance-mobilites.fr\/titres-et-tarifs\/detail\/forfait-imagine-r-scolaire\" target=\"_blank\" rel=\"noopener\">Imagine R Scolaire<\/a><strong>\u00a0<\/strong>pour les coll\u00e9giens et les lyc\u00e9ens, le Navigo\u00a0<a class=\"link\" href=\"https:\/\/www.iledefrance-mobilites.fr\/titres-et-tarifs\/detail\/forfait-imagine-r-etudiant\" target=\"_blank\" rel=\"noopener\">Imagine R Etudiant<\/a>\u00a0pour les Parisiens de moins de 20 ans, \u00e9tudiant et b\u00e9n\u00e9ficiant de l&rsquo;Allocation d&rsquo;Education de l&rsquo;Enfant Handicap\u00e9 (AEEH) ainsi que l&rsquo;abonnement V\u00e9lib&rsquo;V-Plus jeune pour les 14-18 ans. Le remboursement de l&rsquo;abonnement V\u00e9lib&rsquo; est cumulable avec celui d&rsquo;un Passe Navigo.\u00a0<\/p>\n<p class=\"article-p mdl\">Pour \u00eatre rembours\u00e9, plusieurs conditions doivent \u00eatre respect\u00e9es : il faut <strong>\u00eatre domicili\u00e9 \u00e0 Paris<\/strong>, avoir l&rsquo;un des Navigo Imagine R ou un abonnement V\u00e9lib&rsquo; \u00e9ligible au remboursement et en cours de validit\u00e9. Une fois ces conditions respect\u00e9es, la totalit\u00e9 du remboursement est vers\u00e9 en une seule fois sur le compte bancaire de la personne ayant \u00e9t\u00e9 cr\u00e9dit\u00e9e lors de l&rsquo;achat du passe.\u00a0\u00a0<\/p>\n<p>            Comment faire pour \u00eatre rembours\u00e9<\/p>\n<p class=\"article-p mdl\">Les d\u00e9marches pour demander le remboursement \u00e0 100% du Navigo se font <strong>exclusivement en ligne<\/strong>,\u00a0<a class=\"link\" href=\"https:\/\/www.paris.fr\/pages\/remboursement-des-transports-pour-les-jeunes-parisiens-7064\" target=\"_blank\" rel=\"noopener\">sur le site de la Ville de Paris<\/a>. Impossible de traiter cette demande \u00e0 un guichet. Il faut alors cr\u00e9er un dossier avec le contrat d&rsquo;abonnement, le relev\u00e9 d&rsquo;identit\u00e9 bancaire (RIB) et un justificatif de domicile. Les documents doivent porter le nom du \u00ab\u00a0payeur\u00a0\u00bb. Cette personne doit \u00eatre majeure.\u00a0<\/p>\n<p class=\"article-p mdl\">La Grande Couronne peut aussi b\u00e9n\u00e9ficier d&rsquo;avantages via\u00a0<a class=\"link\" href=\"https:\/\/www.iledefrance-mobilites.fr\/titres-et-tarifs\/detail\/la-carte-scolr\" target=\"_blank\" rel=\"noopener\">les cartes Scol&rsquo;R et Scol&rsquo;R Junior<\/a>\u00a0qui sont consacr\u00e9es aux \u00e9l\u00e8ves empruntant les lignes de bus d\u00e9di\u00e9s au transport scolaire dans\u00a0<strong>la Seine-et-Marne, le Val-d&rsquo;Oise, l&rsquo;Essonne et les Yvelines<\/strong>.<\/p>\n<p class=\"article-p mdl\">\u00c0 l&rsquo;ann\u00e9e, la carte Scol&rsquo;R co\u00fbte 346,66 euros. Depuis la rentr\u00e9e 2025, Ile-de-France Mobilit\u00e9s et la R\u00e9gion Ile-de-France ont conscience de l&rsquo;impact financier pour certaines familles. La carte est donc<strong> payable en trois fois sans frais et une aide de 100 euros est accord\u00e9e aux d\u00e9tenteurs d&rsquo;une carte Scol&rsquo;R<\/strong>. Pour obtenir cet avantage, les familles doivent se rendre sur l&rsquo;application \u00ab\u00a0Labaz\u00a0\u00bb (une application pour les jeunes qui permet d&rsquo;avoir acc\u00e8s aux bons plans de la r\u00e9gion).\u00a0<\/p>\n<p class=\"article-p mdl\">La carte Scol&rsquo;R Junior est quant \u00e0 elle d\u00e9di\u00e9e aux moins de 11 ans. \u00c0 l&rsquo;ann\u00e9e, son co\u00fbt est de 24,80 euros. En compl\u00e9ment de cette carte, Ile-de-France Mobilit\u00e9s propose<strong> le remboursement \u00e0 100% du forfait Imagine R Junior<\/strong>. L&rsquo;objectif est de permettre aux enfants de briser les fronti\u00e8res r\u00e9gionales.\u00a0\u00a0<\/p>\n<p>    La r\u00e9daction vous recommande<\/p>\n<p class=\"s-newsletter__title\">\n                L\u2019actualit\u00e9 par la r\u00e9daction de RTL dans votre bo\u00eete mail.\n            <\/p>\n<p class=\"s-newsletter__subtitle\">\n                Gr\u00e2ce \u00e0 votre compte RTL abonnez-vous \u00e0 la newsletter RTL info pour suivre toute l&rsquo;actualit\u00e9 au quotidien\n            <\/p>\n<p>\n                                    Lire la suite\n                                <\/p>\n","protected":false},"excerpt":{"rendered":"Depuis son lancement en 2019, l&rsquo;op\u00e9ration est un franc succ\u00e8s. Annuellement, la Ville de Paris met en place&hellip;\n","protected":false},"author":2,"featured_media":370461,"comment_status":"","ping_status":"","sticky":false,"template":"","format":"standard","meta":{"footnotes":""},"categories":[1592],"tags":[1111,11,1777,674,107,1011,27,662,4047,12,626,25,800],"class_list":{"0":"post-370460","1":"post","2":"type-post","3":"status-publish","4":"format-standard","5":"has-post-thumbnail","7":"category-ile-de-france","8":"tag-actu","9":"tag-actualites","10":"tag-eu","11":"tag-europe","12":"tag-fil-info","13":"tag-fr","14":"tag-france","15":"tag-ile-de-france","16":"tag-metro","17":"tag-news","18":"tag-paris","19":"tag-republique-francaise","20":"tag-transports"},"share_on_mastodon":{"url":"https:\/\/pubeurope.com\/@fr\/115157013930073469","error":""},"_links":{"self":[{"href":"https:\/\/www.europesays.com\/fr\/wp-json\/wp\/v2\/posts\/370460","targetHints":{"allow":["GET"]}}],"collection":[{"href":"https:\/\/www.europesays.com\/fr\/wp-json\/wp\/v2\/posts"}],"about":[{"href":"https:\/\/www.europesays.com\/fr\/wp-json\/wp\/v2\/types\/post"}],"author":[{"embeddable":true,"href":"https:\/\/www.europesays.com\/fr\/wp-json\/wp\/v2\/users\/2"}],"replies":[{"embeddable":true,"href":"https:\/\/www.europesays.com\/fr\/wp-json\/wp\/v2\/comments?post=370460"}],"version-history":[{"count":0,"href":"https:\/\/www.europesays.com\/fr\/wp-json\/wp\/v2\/posts\/370460\/revisions"}],"wp:featuredmedia":[{"embeddable":true,"href":"https:\/\/www.europesays.com\/fr\/wp-json\/wp\/v2\/media\/370461"}],"wp:attachment":[{"href":"https:\/\/www.europesays.com\/fr\/wp-json\/wp\/v2\/media?parent=370460"}],"wp:term":[{"taxonomy":"category","embeddable":true,"href":"https:\/\/www.europesays.com\/fr\/wp-json\/wp\/v2\/categories?post=370460"},{"taxonomy":"post_tag","embeddable":true,"href":"https:\/\/www.europesays.com\/fr\/wp-json\/wp\/v2\/tags?post=370460"}],"curies":[{"name":"wp","href":"https:\/\/api.w.org\/{rel}","templated":true}]}}