{"id":370464,"date":"2025-09-06T11:03:12","date_gmt":"2025-09-06T11:03:12","guid":{"rendered":"https:\/\/www.europesays.com\/fr\/370464\/"},"modified":"2025-09-06T11:03:12","modified_gmt":"2025-09-06T11:03:12","slug":"loccupant-dune-residence-autonomie-pour-seniors-expulse-par-la-justice-apres-des-violences-verbales","status":"publish","type":"post","link":"https:\/\/www.europesays.com\/fr\/370464\/","title":{"rendered":"L\u2019occupant d\u2019une r\u00e9sidence autonomie pour s\u00e9niors expuls\u00e9 par la justice apr\u00e8s des violences verbales"},"content":{"rendered":"<p class=\"mb-4 text-lg md:leading-8 break-words\"><strong>d\u00e9cision rare &#8211; Apr\u00e8s \u00ab\u00a0des manquements r\u00e9p\u00e9t\u00e9s au r\u00e8glement\u00a0\u00bb le tribunal administratif de Paris a donn\u00e9 droit \u00e0 la demande d\u2019expulsion adress\u00e9e par le centre d\u2019action sociale de la Ville de Paris (CASVP) d\u2019un occupant de la r\u00e9sidence autonomie Alleray dans le 15e<\/strong><\/p>\n<p class=\"mb-4 text-lg md:leading-8 break-words\">C\u2019est une d\u00e9cision assez rare qui vient d\u2019\u00eatre prise par la juge des r\u00e9f\u00e9r\u00e9s du tribunal administratif de <a href=\"https:\/\/www.20minutes.fr\/paris\/?at_medium=RSS%20feed&amp;at_campaign=ynews&amp;utm_source=yahoo&amp;utm_medium=rss&amp;utm_campaign=news_feed&amp;utm_content=in_article_link\" rel=\"nofollow noopener\" target=\"_blank\" data-ylk=\"slk:Paris;elm:context_link;itc:0;sec:content-canvas\" class=\"link \">Paris<\/a> et <a href=\"https:\/\/actu.fr\/ile-de-france\/paris_75056\/paris-le-resident-menacant-et-violent-d-une-maison-de-retraite-somme-de-prendre-la-porte_63122905.html?at_medium=RSS%20feed&amp;at_campaign=ynews&amp;utm_source=yahoo&amp;utm_medium=rss&amp;utm_campaign=news_feed&amp;utm_content=in_article_link\" rel=\"nofollow noopener\" target=\"_blank\" data-ylk=\"slk:qui est rapport\u00e9e par Actu Paris.;elm:context_link;itc:0;sec:content-canvas\" class=\"link \">qui est rapport\u00e9e par Actu Paris.<\/a> La magistrate a \u00e9mis une \u00ab\u00a0injonction\u00a0\u00bb pour demander \u00e0 un occupant de la r\u00e9sidence s\u00e9niors Alleray du 15e\u00a0arrondissement, pr\u00e9sent depuis pr\u00e8s de 20 ans, de quitter son appartement.<\/p>\n<p class=\"mb-4 text-lg md:leading-8 break-words\">Son arr\u00eat\u00e9 d\u2019exclusion de la r\u00e9sidence, pris par <a href=\"https:\/\/www.paris.fr\/dossiers\/centre-d-action-sociale-de-la-ville-de-paris-casvp-23?at_medium=RSS%20feed&amp;at_campaign=ynews&amp;utm_source=yahoo&amp;utm_medium=rss&amp;utm_campaign=news_feed&amp;utm_content=in_article_link\" rel=\"nofollow noopener\" target=\"_blank\" data-ylk=\"slk:le centre d\u2019action sociale de la Ville de Paris;elm:context_link;itc:0;sec:content-canvas\" class=\"link \">le centre d\u2019action sociale de la Ville de Paris <\/a>qui g\u00e8re la r\u00e9sidence, remonte \u00e0 ao\u00fbt\u00a02024 et cette fois, le juge a demand\u00e9 son d\u00e9part, d\u2019ici le 9\u00a0septembre. En cause\u00a0? \u00ab\u00a0Des manquements r\u00e9p\u00e9t\u00e9s au r\u00e8glement\u00a0\u00bb, il aurait men\u00e9 la vie dure \u00e0 ses voisins maniant violences verbales, insultes, menaces et <a href=\"https:\/\/www.20minutes.fr\/dossier\/harcelement?at_medium=RSS%20feed&amp;at_campaign=ynews&amp;utm_source=yahoo&amp;utm_medium=rss&amp;utm_campaign=news_feed&amp;utm_content=in_article_link\" rel=\"nofollow noopener\" target=\"_blank\" data-ylk=\"slk:harc\u00e8lements;elm:context_link;itc:0;sec:content-canvas\" class=\"link \">harc\u00e8lements<\/a> r\u00e9p\u00e9t\u00e9s.<\/p>\n<p class=\"mb-4 text-lg md:leading-8 break-words\">\u00ab\u00a0Ce maintien indu dans les lieux d\u2019un r\u00e9sident perturbant de fa\u00e7on r\u00e9currente la tranquillit\u00e9 des autres pensionnaires de la maison de retraite [\u2026] fait en outre obstacle \u00e0 ce que le logement puisse \u00e0 nouveau \u00eatre mis \u00e0 disposition\u00a0\u00bb, fait remarquer la juge des r\u00e9f\u00e9r\u00e9s du tribunal administratif de Paris.<\/p>\n<p class=\"mb-4 text-lg md:leading-8 break-words\"><a href=\"https:\/\/www.20minutes.fr\/faits_divers\/4171579-20250906-paris-occupant-residence-autonomie-seniors-expulse-justice-apres-violences-verbales?at_medium=RSS%20feed&amp;at_campaign=ynews&amp;utm_source=yahoo&amp;utm_medium=rss&amp;utm_campaign=news_feed&amp;utm_content=read_more_link&quot;\" rel=\"nofollow noopener\" target=\"_blank\" data-ylk=\"slk:Lire la suite sur 20minutes;elm:context_link;itc:0;sec:content-canvas\" class=\"link \">Lire la suite sur 20minutes<\/a><\/p>\n<p>\u00c0 lire aussi :<br \/><a href=\"https:\/\/www.20minutes.fr\/faits_divers\/4158522-20250614-barcelone-septuagenaire-suicide-depuis-balcon-devant-police-apres-avoir-expulse-logement?at_medium=RSS%20feed&amp;at_campaign=ynews&amp;utm_source=yahoo&amp;utm_medium=rss&amp;utm_campaign=news_feed&amp;utm_content=related_content_link\" rel=\"nofollow noopener\" target=\"_blank\" data-ylk=\"slk:Barcelone\u00a0: Un septuag\u00e9naire se suicide depuis son balcon devant la police apr\u00e8s avoir \u00e9t\u00e9 expuls\u00e9 de son logement;elm:context_link;itc:0;sec:content-canvas\" class=\"link \">Barcelone\u00a0: Un septuag\u00e9naire se suicide depuis son balcon devant la police apr\u00e8s avoir \u00e9t\u00e9 expuls\u00e9 de son logement<\/a><br \/><a href=\"https:\/\/www.20minutes.fr\/societe\/4162745-20250710-squatteurs-loi-etude-forcer-proprietaires-deposer-plainte-45-jours-faux?at_medium=RSS%20feed&amp;at_campaign=ynews&amp;utm_source=yahoo&amp;utm_medium=rss&amp;utm_campaign=news_feed&amp;utm_content=related_content_link\" rel=\"nofollow noopener\" target=\"_blank\" data-ylk=\"slk:Squatteurs\u00a0: Une loi \u00e0 l\u2019\u00e9tude pour forcer les propri\u00e9taires \u00e0 d\u00e9poser plainte dans les 45 jours\u00a0? C\u2019est faux;elm:context_link;itc:0;sec:content-canvas\" class=\"link \">Squatteurs\u00a0: Une loi \u00e0 l\u2019\u00e9tude pour forcer les propri\u00e9taires \u00e0 d\u00e9poser plainte dans les 45 jours\u00a0? C\u2019est faux<\/a><\/p>\n","protected":false},"excerpt":{"rendered":"d\u00e9cision rare &#8211; Apr\u00e8s \u00ab\u00a0des manquements r\u00e9p\u00e9t\u00e9s au r\u00e8glement\u00a0\u00bb le tribunal administratif de Paris a donn\u00e9 droit \u00e0&hellip;\n","protected":false},"author":2,"featured_media":370465,"comment_status":"","ping_status":"","sticky":false,"template":"","format":"standard","meta":{"footnotes":""},"categories":[1888],"tags":[50471,1111,1928,11,1927,50470,50469,1777,674,1011,27,30920,12,1926,626,1925,25,22321],"class_list":{"0":"post-370464","1":"post","2":"type-post","3":"status-publish","4":"format-standard","5":"has-post-thumbnail","7":"category-paris","8":"tag-15e-arrondissement","9":"tag-actu","10":"tag-actu-paris","11":"tag-actualites","12":"tag-actualites-paris","13":"tag-alleray","14":"tag-centre-daction-sociale-de-la-ville-de-paris","15":"tag-eu","16":"tag-europe","17":"tag-fr","18":"tag-france","19":"tag-la-residence","20":"tag-news","21":"tag-news-paris","22":"tag-paris","23":"tag-paris-news","24":"tag-republique-francaise","25":"tag-tribunal-administratif-de-paris"},"share_on_mastodon":{"url":"https:\/\/pubeurope.com\/@fr\/115157021690657053","error":""},"_links":{"self":[{"href":"https:\/\/www.europesays.com\/fr\/wp-json\/wp\/v2\/posts\/370464","targetHints":{"allow":["GET"]}}],"collection":[{"href":"https:\/\/www.europesays.com\/fr\/wp-json\/wp\/v2\/posts"}],"about":[{"href":"https:\/\/www.europesays.com\/fr\/wp-json\/wp\/v2\/types\/post"}],"author":[{"embeddable":true,"href":"https:\/\/www.europesays.com\/fr\/wp-json\/wp\/v2\/users\/2"}],"replies":[{"embeddable":true,"href":"https:\/\/www.europesays.com\/fr\/wp-json\/wp\/v2\/comments?post=370464"}],"version-history":[{"count":0,"href":"https:\/\/www.europesays.com\/fr\/wp-json\/wp\/v2\/posts\/370464\/revisions"}],"wp:featuredmedia":[{"embeddable":true,"href":"https:\/\/www.europesays.com\/fr\/wp-json\/wp\/v2\/media\/370465"}],"wp:attachment":[{"href":"https:\/\/www.europesays.com\/fr\/wp-json\/wp\/v2\/media?parent=370464"}],"wp:term":[{"taxonomy":"category","embeddable":true,"href":"https:\/\/www.europesays.com\/fr\/wp-json\/wp\/v2\/categories?post=370464"},{"taxonomy":"post_tag","embeddable":true,"href":"https:\/\/www.europesays.com\/fr\/wp-json\/wp\/v2\/tags?post=370464"}],"curies":[{"name":"wp","href":"https:\/\/api.w.org\/{rel}","templated":true}]}}