{"id":370475,"date":"2025-09-06T11:09:14","date_gmt":"2025-09-06T11:09:14","guid":{"rendered":"https:\/\/www.europesays.com\/fr\/370475\/"},"modified":"2025-09-06T11:09:14","modified_gmt":"2025-09-06T11:09:14","slug":"vers-une-reconciliation-entre-charles-iii-et-le-prince-harry","status":"publish","type":"post","link":"https:\/\/www.europesays.com\/fr\/370475\/","title":{"rendered":"vers une r\u00e9conciliation entre Charles III et le prince Harry ?"},"content":{"rendered":"<p>            lire plus tard<\/p>\n<p id=\"dialog__title\" class=\"dialog__title\">Pour sauvegarder cet article, connectez-vous ou cr\u00e9ez un compte franceinfo<\/p>\n<p class=\"dialog__description\">Sans paiement. Sans abonnement.<\/p>\n<p>        Fermer la fen\u00eatre d\u2019activation des notifications France Info<\/p>\n<p>            cr\u00e9er votre compte<\/p>\n<p>            se connecter<\/p>\n<p>        Fermer la fen\u00eatre de pr\u00e9sentation<\/p>\n<p>    Publi\u00e9 le 06\/09\/2025 11:18<\/p>\n<p>        Temps de lecture : 2min &#8211; vid\u00e9o : 2min<\/p>\n<p>    <img decoding=\"async\" class=\"francetv-player-wrapper__image\" alt=\"Royaume-Uni : vers une r\u00e9conciliation entre Charles III et le prince Harry ?\"  width=\"432\" height=\"243\" src=\"https:\/\/www.europesays.com\/fr\/wp-content\/uploads\/2025\/09\/prince-harry-23h-1-68bbfc1b20e3e282201881.jpg\" fetchpriority=\"high\"\/><\/p>\n<p>              Royaume-Uni : vers une r\u00e9conciliation entre Charles III et le prince Harry ?<br \/>\n                    (Franceinfo)<\/p>\n<p>      2min<\/p>\n<p>\n  Alors que des tensions subsistaient entre le roi Charles III et le prince Harry, les Britanniques veulent croire \u00e0 une r\u00e9conciliation entre les deux hommes \u00e0 l&rsquo;occasion des trois ans de la disparition de la reine Elizabeth.\n<\/p>\n<p><strong>Ce texte correspond \u00e0 une partie de la retranscription du reportage ci-dessus. Cliquez sur la vid\u00e9o pour la regarder en int\u00e9gralit\u00e9.<\/strong><\/p>\n<p>Apr\u00e8s des mois de gel, la glace va-t-elle enfin se briser entre le prince Harry et son p\u00e8re\u00a0<a href=\"https:\/\/www.franceinfo.fr\/societe\/familles-royales\/\" data-tooltip-url=\"https:\/\/www.franceinfo.fr\/societe\/familles-royales\/\" rel=\"nofollow noopener\" target=\"_blank\">Charles III<\/a>\u00a0? Exil\u00e9 en Californie, Harry sera de retour au Royaume-Uni lundi, officiellement pour remettre un prix en tant que parrain d&rsquo;une organisation caritative. Mais la date interroge, car ce sera aussi le troisi\u00e8me anniversaire de la mort d&rsquo;Elizabeth II. Devant Buckingham, certains aimeraient y voir l&rsquo;opportunit\u00e9 d&rsquo;une r\u00e9conciliation entre un p\u00e8re et un fils qui ne se parlent plus.<\/p>\n<p>\u00ab\u00a0Si \u00e7a arrivait, ce serait une bonne chose. Le lien familial a \u00e9t\u00e9 rompu et il doit \u00eatre r\u00e9par\u00e9\u00a0\u00bb, estime un Londonien.\u00a0\u00ab\u00a0Harry a \u00e9t\u00e9 stupide, mais il faut pardonner, n&rsquo;est-ce pas ?\u00a0\u00bb, abonde une riveraine. Depuis le d\u00e9part fracassant de Harry et sa femme Meghan pour les \u00c9tats-Unis en 2020, et les m\u00e9moires au vitriol du prince, les relations familiales n&rsquo;ont cess\u00e9 de se tendre. William ne lui pardonne pas d&rsquo;avoir livr\u00e9 leurs querelles intimes au monde entier. Charles III, trait\u00e9 pour un cancer, n&rsquo;a vu qu&rsquo;une seule fois sa petite fille Lilibet, 4 ans. Mais au printemps, Harry semblait tendre la main \u00e0 son p\u00e8re dans une interview, avant un nouveau signe de d\u00e9tente.<\/p>\n<p>\u00ab\u00a0Les photos sont parues cet \u00e9t\u00e9 et on y a vu une r\u00e9union entre les conseillers du roi Charles et les conseillers du prince Harry. Donc, \u00e7a a d\u00e9clench\u00e9 certaines rumeurs sur d&rsquo;\u00e9ventuelles reprises de contact pour parler, c&rsquo;est le d\u00e9but de quelque chose, peut-\u00eatre\u00a0\u00bb, analyse J\u00e9r\u00f4me Carron, journaliste \u00e0 Point de Vue, sp\u00e9cialiste de la monarchie britannique.<\/p>\n<p>Si Charles III et Harry devaient se rencontrer, cela se ferait s\u00fbrement en toute discr\u00e9tion, loin des objectifs, car le roi ne voudrait certainement pas d\u00e9tourner l&rsquo;attention de l&rsquo;hommage rendu \u00e0 sa m\u00e8re par un geste de r\u00e9conciliation d\u00e9j\u00e0 abondamment comment\u00e9.<\/p>\n","protected":false},"excerpt":{"rendered":"lire plus tard Pour sauvegarder cet article, connectez-vous ou cr\u00e9ez un compte franceinfo Sans paiement. Sans abonnement. Fermer&hellip;\n","protected":false},"author":2,"featured_media":370476,"comment_status":"","ping_status":"","sticky":false,"template":"","format":"standard","meta":{"footnotes":""},"categories":[1588],"tags":[11,1777,674,12,473,1853,1851,1850,1852],"class_list":{"0":"post-370475","1":"post","2":"type-post","3":"status-publish","4":"format-standard","5":"has-post-thumbnail","7":"category-royaume-uni","8":"tag-actualites","9":"tag-eu","10":"tag-europe","11":"tag-news","12":"tag-royaume-uni","13":"tag-royaume-uni-de-grande-bretagne-et-dirlande-du-nord","14":"tag-uk","15":"tag-united-kingdom","16":"tag-united-kingdom-of-great-britain-and-northern-ireland"},"share_on_mastodon":{"url":"https:\/\/pubeurope.com\/@fr\/115157045311126986","error":""},"_links":{"self":[{"href":"https:\/\/www.europesays.com\/fr\/wp-json\/wp\/v2\/posts\/370475","targetHints":{"allow":["GET"]}}],"collection":[{"href":"https:\/\/www.europesays.com\/fr\/wp-json\/wp\/v2\/posts"}],"about":[{"href":"https:\/\/www.europesays.com\/fr\/wp-json\/wp\/v2\/types\/post"}],"author":[{"embeddable":true,"href":"https:\/\/www.europesays.com\/fr\/wp-json\/wp\/v2\/users\/2"}],"replies":[{"embeddable":true,"href":"https:\/\/www.europesays.com\/fr\/wp-json\/wp\/v2\/comments?post=370475"}],"version-history":[{"count":0,"href":"https:\/\/www.europesays.com\/fr\/wp-json\/wp\/v2\/posts\/370475\/revisions"}],"wp:featuredmedia":[{"embeddable":true,"href":"https:\/\/www.europesays.com\/fr\/wp-json\/wp\/v2\/media\/370476"}],"wp:attachment":[{"href":"https:\/\/www.europesays.com\/fr\/wp-json\/wp\/v2\/media?parent=370475"}],"wp:term":[{"taxonomy":"category","embeddable":true,"href":"https:\/\/www.europesays.com\/fr\/wp-json\/wp\/v2\/categories?post=370475"},{"taxonomy":"post_tag","embeddable":true,"href":"https:\/\/www.europesays.com\/fr\/wp-json\/wp\/v2\/tags?post=370475"}],"curies":[{"name":"wp","href":"https:\/\/api.w.org\/{rel}","templated":true}]}}