{"id":370479,"date":"2025-09-06T11:11:16","date_gmt":"2025-09-06T11:11:16","guid":{"rendered":"https:\/\/www.europesays.com\/fr\/370479\/"},"modified":"2025-09-06T11:11:16","modified_gmt":"2025-09-06T11:11:16","slug":"taxation-mondiale-les-etats-unis-font-plier-locde-et-leurope-contrepoints","status":"publish","type":"post","link":"https:\/\/www.europesays.com\/fr\/370479\/","title":{"rendered":"Taxation mondiale : les Etats-Unis font plier l\u2019OCDE et l\u2019Europe &#8211; Contrepoints"},"content":{"rendered":"<ol>\n<li><a href=\"https:\/\/news.google.com\/rss\/articles\/CBMiaEFVX3lxTE5LLTdocko1cnY4TGxGMmpsb1ZQSkdEcDZwdzY2UnJyRVA0TzJ2VzJxS0tDS2lvMjMtakR1WFpxcU5zXzdHcnNkd2dzR1VmTVhEQWZ1dmZ6V0Eyb3ltc2xSUVhTZEdoZy1K?oc=5\" target=\"_blank\" rel=\"nofollow noopener\">Taxation mondiale : les Etats-Unis font plier l\u2019OCDE et l\u2019Europe<\/a>&nbsp;&nbsp;Contrepoints<\/li>\n<li><a href=\"https:\/\/news.google.com\/rss\/articles\/CBMikgJBVV95cUxNR0ZWMUZGR1hHSjZTdGxnMVV6MnNNcklfZXBfMm5XaFB0ZW4yMUtIeDZRRHhsVFROeEhQMWRCenRSSVNPQTVtbElDWjNBTHZBWm9OUmtfQWdwZDU0QVFxZVpyQ0JMRC01WS1wQ3R2UUFIcHpnWWNNbzloSFpCUXowNDgzQkNFd0sxUnM5Y2I4QVlRa2ZKMW04eVpIeGtoel9rNkM0VzVyeWJBNjRqR05PcF84eTBONEhpVFBmNnZsSVZFdmRPMkdrQW4xYTlVZ3hrNXVDOHMtc3BoUmhrcXM3MFZPVWpORC1ZSnhqUEZtYnhSbFc3RVVkRVpFM240eWgxZHFJa3VxczZsbnRtTnpmRWR3?oc=5\" target=\"_blank\" rel=\"nofollow noopener\">Sandro Gozi, eurod\u00e9put\u00e9 : \u00ab Nous devons montrer aux citoyens que nous pouvons nous opposer au pouvoir d\u00e9mesur\u00e9 des Big Tech \u00bb<\/a>&nbsp;&nbsp;Le Monde.fr<\/li>\n<li><a href=\"https:\/\/news.google.com\/rss\/articles\/CBMiwwFBVV95cUxOWHVBNDRFbUE3c0lmU2szaXVYTzhKODRCNk9Fa19peTE2cGJhU2MtQWRmRklHcTYzWE93VVhyTTVTbWN6bWF6N0RzX3VTdmVrV3dFZ1dqMWFPcHgxclVEVFRKUmdiVGMyZXdpcG0zUjBLbUtydFRoQnd5QkpxcEp6Z1YzQmdFdUpYbjY0TjhkQjBrRXFlZzduT1dvbGNzWUZub0JiQXczaUloandDZHpsWGk1bGRmQng2Z3p0dDVoRHJfUUk?oc=5\" target=\"_blank\" rel=\"nofollow noopener\">\u00ab La fabrication du code, angle mort de la souverainet\u00e9 num\u00e9rique europ\u00e9enne \u00bb<\/a>&nbsp;&nbsp;Les Echos<\/li>\n<li><a href=\"https:\/\/news.google.com\/rss\/articles\/CBMirwFBVV95cUxNb2tvWjU4SkNJcE9ZRi1mTmtLT3lsN1JKdUU0aFZiZ21rUURDdG9zQ2xMMmk3M3U4QTkyOU9sRjJLN2laSGF4VFFndlVBb1BUU054cE9FX2pIU1FYdnF6Snl3bkR0UFVxM3MtN00xZ1B4NmZBM0E2VFRUODh2ODJSTE5VYjQwWjB6Vm1naG12SHhwdnVjX0hJV25DMmxqQ3dxbTBycHQ0UWJjUVFNQWZV?oc=5\" target=\"_blank\" rel=\"nofollow noopener\">Pour sauver sa peau, l\u2019Europe doit \u00ab simplement \u00bb sortir ses griffes<\/a>&nbsp;&nbsp;Le Soir<\/li>\n<li><a href=\"https:\/\/news.google.com\/rss\/articles\/CBMirgJBVV95cUxQLXI3cFRjU0VJaF9XTXhmQUp5Vi1hZ2J3X2VpZENXcmZDdnJNNWx0QjEyU05rNWJuSmNSOTVWM2U3NmotdWMteUxsRS1sOWhnRDgwT1NGWUZVa0tjeEtHc1Y0VXUtcmRMZElyZUk1RlkxbEViUHQyZi1RZU80TTlnZmVRbGt6cVdPSE9kdEVpcnhaOXgzbVF5cXItZmVZSjFuZXBYNU9UNmp3QkZ6TDlfdUt4SkgxYXJIMDBJRjVocXVtVDd4bjIwVFJVdWxWaHlFNkhudkVRMHg2WnpMQzJFanQzVG5EYXQ3aE9EVGUxSFhDQ1hjMnJDRVdmOUczdlR3bktCSWdwM2ZQZTFMbWp5QUphRFhDU3dMWS14bWtaVUFpYUZBTkgtOHVmZ1FOdw?oc=5\" target=\"_blank\" rel=\"nofollow noopener\">L&rsquo;Europe accus\u00e9e de censurer les Am\u00e9ricains via le Digital Services Act : \u00ab\u00a0Les gouvernements \u00e9trangers repr\u00e9sentent une menace\u00a0\u00bb<\/a>&nbsp;&nbsp;La Libre.be<\/li>\n<\/ol>\n","protected":false},"excerpt":{"rendered":"Taxation mondiale : les Etats-Unis font plier l\u2019OCDE et l\u2019Europe&nbsp;&nbsp;Contrepoints Sandro Gozi, eurod\u00e9put\u00e9 : \u00ab Nous devons montrer&hellip;\n","protected":false},"author":2,"featured_media":370480,"comment_status":"","ping_status":"","sticky":false,"template":"","format":"standard","meta":{"footnotes":""},"categories":[1586],"tags":[11,1777,674,1011,27,12,25],"class_list":{"0":"post-370479","1":"post","2":"type-post","3":"status-publish","4":"format-standard","5":"has-post-thumbnail","7":"category-europe","8":"tag-actualites","9":"tag-eu","10":"tag-europe","11":"tag-fr","12":"tag-france","13":"tag-news","14":"tag-republique-francaise"},"share_on_mastodon":{"url":"https:\/\/pubeurope.com\/@fr\/115157053362496547","error":""},"_links":{"self":[{"href":"https:\/\/www.europesays.com\/fr\/wp-json\/wp\/v2\/posts\/370479","targetHints":{"allow":["GET"]}}],"collection":[{"href":"https:\/\/www.europesays.com\/fr\/wp-json\/wp\/v2\/posts"}],"about":[{"href":"https:\/\/www.europesays.com\/fr\/wp-json\/wp\/v2\/types\/post"}],"author":[{"embeddable":true,"href":"https:\/\/www.europesays.com\/fr\/wp-json\/wp\/v2\/users\/2"}],"replies":[{"embeddable":true,"href":"https:\/\/www.europesays.com\/fr\/wp-json\/wp\/v2\/comments?post=370479"}],"version-history":[{"count":0,"href":"https:\/\/www.europesays.com\/fr\/wp-json\/wp\/v2\/posts\/370479\/revisions"}],"wp:featuredmedia":[{"embeddable":true,"href":"https:\/\/www.europesays.com\/fr\/wp-json\/wp\/v2\/media\/370480"}],"wp:attachment":[{"href":"https:\/\/www.europesays.com\/fr\/wp-json\/wp\/v2\/media?parent=370479"}],"wp:term":[{"taxonomy":"category","embeddable":true,"href":"https:\/\/www.europesays.com\/fr\/wp-json\/wp\/v2\/categories?post=370479"},{"taxonomy":"post_tag","embeddable":true,"href":"https:\/\/www.europesays.com\/fr\/wp-json\/wp\/v2\/tags?post=370479"}],"curies":[{"name":"wp","href":"https:\/\/api.w.org\/{rel}","templated":true}]}}