{"id":370491,"date":"2025-09-06T11:19:09","date_gmt":"2025-09-06T11:19:09","guid":{"rendered":"https:\/\/www.europesays.com\/fr\/370491\/"},"modified":"2025-09-06T11:19:09","modified_gmt":"2025-09-06T11:19:09","slug":"sabalenka-anisimova-la-resurrection-apres-lhumiliation-une-revanche-attendue-5-raisons-de-ne-pas-rater-la-grande-finale","status":"publish","type":"post","link":"https:\/\/www.europesays.com\/fr\/370491\/","title":{"rendered":"Sabalenka-Anisimova, la r\u00e9surrection apr\u00e8s l\u2019humiliation, une revanche attendue&#8230; 5 raisons de ne pas rater la grande finale"},"content":{"rendered":"<p>L\u2019Am\u00e9ricaine Amanda Anisimova d\u00e9fie, en finale de l\u2019US Open ce samedi (22h), la num\u00e9ro 1 mondiale Aryna Sabalenka qui va tenter de conserver son titre \u00e0 New York.<\/p>\n<p>La revanche du combat titanesque de Wimbledon<\/p>\n<p class=\"fig-paragraph\">Lors du dernier tournoi du Grand Chelem \u00e0 Wimbledon,<a href=\"http:\/\/www.lefigaro.fr\/sports\/tennis\/wimbledon\/wimbledon-anisimova-elimine-sabalenka-et-accede-a-sa-premiere-finale-en-grand-chelem-20250710\" target=\"_blank\" data-fig-type=\"NewsFlash\" rel=\"sponsored noopener nofollow\" data-gtm-custom-categorie=\"navigation\" data-gtm-custom-action=\"crossclick\" data-gtm-custom-label=\"Contextuel\" data-gtm-event=\"customEventSPE\" data-fig-domain=\"LEFIGARO\">\u00a0les deux joueuses ont livr\u00e9 une bataille grandiose en demi-finale sur le gazon londonien.\u00a0<\/a>\u00a0Au terme d\u2019un combat de 2h36, Amanda Anisimova avait r\u00e9ussi \u00e0 dompter Aryna Sabalenka en trois sets (6-4, 4-6, 6-4) pour ainsi s\u2019offrir sa premi\u00e8re finale en Grand Chelem de sa carri\u00e8re.<\/p>\n<p class=\"fig-paragraph\">La num\u00e9ro 1 mondiale bi\u00e9lorusse \u00e9tait ressortie remont\u00e9e envers son adversaire am\u00e9ricaine\u00a0: \u00abElle m\u2019a \u00e9nerv\u00e9e (Amanda Anisimova) en me disant que c\u2019\u00e9tait ce qu\u2019elle faisait tout le temps (c\u00e9l\u00e9brer apr\u00e8s certains points)\u00a0! Je me suis dit que maintenant j\u2019allais lui montrer ce que c\u2019est le tennis\u00bb, avait gliss\u00e9 Sabalenka apr\u00e8s sa d\u00e9faite.<\/p>\n<p>                                    <a class=\"fig-a11y-skip a11y-hidden\" href=\"#fig-a11y-skip-main-inarticle\"><br \/>\n        Passer la publicit\u00e9<br \/>\n    <\/a><\/p>\n<p class=\"fig-paragraph\">Avec trois victoires et six d\u00e9faites contre l\u2019Am\u00e9ricaine, le bilan des pr\u00e9c\u00e9dents duels entre les deux finalistes de l\u2019US Open ne plaide pas en faveur de la Bi\u00e9lorusse.<\/p>\n<p>Apr\u00e8s l\u2019humiliation, la r\u00e9surrection d\u2019Anisimova<\/p>\n<p class=\"fig-paragraph\">Dans une carri\u00e8re, seulement quelques \u00e9lus ont la chance de disputer une finale de Grand Chelem&#8230; Alors \u00e9chouer \u00e0 un match du Graal peut s\u2019av\u00e9rer dramatique, encore plus lorsqu\u2019on se fait humilier de la m\u00eame mani\u00e8re qu\u2019Amanda Anisimova\u00a0<a href=\"http:\/\/www.lefigaro.fr\/sports\/tennis\/wimbledon\/wimbledon-sacree-pour-la-premiere-fois-a-londres-iga-swiatek-detruit-amanda-anisimova-en-finale-20250712\" target=\"_blank\" data-fig-type=\"NewsFlash\" rel=\"sponsored noopener nofollow\" data-gtm-custom-categorie=\"navigation\" data-gtm-custom-action=\"crossclick\" data-gtm-custom-label=\"Contextuel\" data-gtm-event=\"customEventSPE\" data-fig-domain=\"LEFIGARO\">contre Swiatek en finale du dernier Wimbledon (6-0, 6-0)<\/a>.<\/p>\n<p class=\"fig-paragraph\">Pourtant, moins de deux mois apr\u00e8s, les larmes vers\u00e9es \u00e0 Londres ont s\u00e9ch\u00e9 et revoil\u00e0 l\u2019Am\u00e9ricaine en finale d\u2019un Grand Chelem. \u00abC\u2019est incroyable de pouvoir revenir de cette fa\u00e7on apr\u00e8s Wimbledon\u00bb, souriait celle qui a pu chasser ses d\u00e9mons en s\u2019imposant face \u00e0 la Polonaise (6-4, 6-3) en quarts de finale \u00e0 New York.<\/p>\n<p>Sabalenka pour ses trois pr\u00e9c\u00e9dents rat\u00e9s<\/p>\n<p class=\"fig-paragraph\">Battue sur le fil en d\u00e9but de saison par<a href=\"http:\/\/www.lefigaro.fr\/sports\/tennis\/open-australie\/open-d-australie-les-larmes-de-madison-keys-la-colere-d-aryna-sabalenka-video-20250125\" target=\"_blank\" data-fig-type=\"NewsFlash\" rel=\"sponsored noopener nofollow\" data-gtm-custom-categorie=\"navigation\" data-gtm-custom-action=\"crossclick\" data-gtm-custom-label=\"Contextuel\" data-gtm-event=\"customEventSPE\" data-fig-domain=\"LEFIGARO\">\u00a0Madison Keys (6-3, 2-6, 7-5) lors de la finale de l\u2019Open d\u2019Australie<\/a>, trop courte contre\u00a0<a href=\"http:\/\/www.lefigaro.fr\/sports\/tennis\/roland-garros\/roland-garros-coco-gauff-une-etoile-scintillante-20250608\" target=\"_blank\" data-fig-type=\"Article\" rel=\"sponsored noopener nofollow\" data-gtm-custom-categorie=\"navigation\" data-gtm-custom-action=\"crossclick\" data-gtm-custom-label=\"Contextuel\" data-gtm-event=\"customEventSPE\" data-fig-domain=\"LEFIGARO\">Coco Gauff \u00e0 Roland-Garros<\/a>\u00a0(6-7, 6-2, 6-4) et frustr\u00e9e par sa d\u00e9faite face \u00e0 Anisimova \u00e0 Londres&#8230; Aryna Sabalenka vit une ann\u00e9e contrast\u00e9e en Grand Chelem.<\/p>\n<p class=\"fig-paragraph\">Apr\u00e8s sa qualification obtenue contre une autre Am\u00e9ricaine Jessica Pegula (4-6, 6-3, 6-4), la num\u00e9ro 1 mondiale a relev\u00e9 quelques axes de progressions avant d\u2019aborder la finale. \u00abJe pense que je dois me faire confiance\u00bb, analyse la native de Minsk qui prend pour exemple sa derni\u00e8re opposition face \u00e0 Amanda Anisimova. \u00ab\u00c0 Wimbledon, j\u2019ai l\u2019impression d\u2019avoir beaucoup dout\u00e9 de mes d\u00e9cisions, c\u2019est la principale raison qui a caus\u00e9 mes nombreuses fautes directes&#8230; Elle (Anisimova) a bien s\u00fbr jou\u00e9 un tennis incroyable, (mais) je lui ai donn\u00e9 beaucoup d\u2019occasions.\u00bb<\/p>\n<p>                                    <a class=\"fig-a11y-skip a11y-hidden\" href=\"#fig-a11y-skip-main-inarticle_mtf\"><br \/>\n        Passer la publicit\u00e9<br \/>\n    <\/a><\/p>\n<p>Voir une Am\u00e9ricaine sacr\u00e9e \u00e0 New York<\/p>\n<p class=\"fig-paragraph\">Depuis sa plus tendre enfance, Anisimova n\u2019a \u00abenvisag\u00e9 qu\u2019une chose\u00bb quand ses songes l\u2019emmenaient \u00e0 Flushing Meadows\u00a0: \u00abgagner le tournoi\u00bb, a-t-elle souri apr\u00e8s sa victoire en\u00a0<a href=\"http:\/\/www.lefigaro.fr\/flash-sport\/us-open-humiliee-a-wimbledon-anisimova-prend-sa-revanche-sur-swiatek-la-numero-2-mondiale-20250904\" target=\"_blank\" data-fig-type=\"NewsFlash\" rel=\"sponsored noopener nofollow\" data-gtm-custom-categorie=\"navigation\" data-gtm-custom-action=\"crossclick\" data-gtm-custom-label=\"Contextuel\" data-gtm-event=\"customEventSPE\" data-fig-domain=\"LEFIGARO\">demi-finales face \u00e0 Naomi Osaka (6-7, 7-6, 6-3).<\/a><\/p>\n<p class=\"fig-body-link\">\n            \u00c0 lire aussi<br \/>\n        <a class=\"fig-body-link__link\" href=\"http:\/\/www.lefigaro.fr\/sports\/tennis\/us-open\/us-open-anisimova-une-nouvelle-attitude-pour-retrouver-la-lumiere-20250905\" target=\"_blank\" data-fig-type=\"NewsFlash\" rel=\"sponsored noopener nofollow\" data-gtm-custom-categorie=\"navigation\" data-gtm-custom-action=\"crossclick\" data-gtm-custom-label=\"Contextuel\" data-gtm-event=\"customEventSPE\" data-fig-domain=\"LEFIGARO\">US Open\u00a0: Anisimova, une nouvelle \u00abattitude\u00bb pour retrouver la lumi\u00e8re<br \/>\n    <\/a>\n<\/p>\n<p class=\"fig-paragraph\">Pour l\u2019Am\u00e9ricaine, qui esp\u00e8re succ\u00e9der aux derni\u00e8res laur\u00e9ates nationales Serena Williams (2014), Sloane Stephens (2017) et plus r\u00e9cemment Coco Gauff (2023), \u00abc\u2019est un r\u00eave de toujours qui devient r\u00e9alit\u00e9\u00a0! Ce tournoi (US Open) signifie tellement pour moi\u00bb, ajoute Anisimova.<\/p>\n<p>Admirer le plus gros coup droit au monde<\/p>\n<p class=\"fig-paragraph\">La stat est invraisemblable, mais vrai. La Bi\u00e9lorusse Aryna Sabalenka poss\u00e8de\u00a0<a href=\"http:\/\/www.lefigaro.fr\/sports\/tennis\/us-open\/us-open-la-numero-2-mondiale-sabalenka-tape-plus-fort-en-coup-droit-qu-alcaraz-sinner-ou-djokovic-20240903\" target=\"_blank\" data-fig-type=\"NewsFlash\" rel=\"sponsored noopener nofollow\" data-gtm-custom-categorie=\"navigation\" data-gtm-custom-action=\"crossclick\" data-gtm-custom-label=\"Contextuel\" data-gtm-event=\"customEventSPE\" data-fig-domain=\"LEFIGARO\">le plus gros coup droit du monde hommes et femmes confondus<\/a>\u00a0! L\u2019ann\u00e9e derni\u00e8re, en huiti\u00e8mes de finale de l\u2019US Open, la num\u00e9ro 2 mondiale \u00e0 l\u2019\u00e9poque avait \u00e9t\u00e9 flash\u00e9e avec un coup droit d\u2019une puissance de 80 mph soit pr\u00e8s de 130km\/h (128km\/h).<\/p>\n<p class=\"fig-paragraph\">C\u2019est respectivement en moyenne plus rapide d\u20191,6 km\/h qu\u2019Alcaraz, 3,2\u202fkm\/h plus rapide que celui de Sinner et 6,4\u202fkm\/h plus rapide que Djokovic. \u00abJ\u2019ai vu mes statistiques en coup droit et je n\u2019arrive pas \u00e0 croire que c\u2019est si rapide. Je me sens m\u00eame mal \u00e0 l\u2019aise de frapper plus fort que les gars. C\u2019est vraiment une stat int\u00e9ressante\u00bb, souriait-elle. Une puissance qui lui a justement permis de remporter le dernier US Open en 2024. Un titre qu\u2019elle compte bien conserver ce samedi soir (22h) face \u00e0 Amanda Anisimova.<\/p>\n","protected":false},"excerpt":{"rendered":"L\u2019Am\u00e9ricaine Amanda Anisimova d\u00e9fie, en finale de l\u2019US Open ce samedi (22h), la num\u00e9ro 1 mondiale Aryna Sabalenka&hellip;\n","protected":false},"author":2,"featured_media":370492,"comment_status":"","ping_status":"","sticky":false,"template":"","format":"standard","meta":{"footnotes":""},"categories":[1415],"tags":[7615,1011,27,60,1467,4172],"class_list":{"0":"post-370491","1":"post","2":"type-post","3":"status-publish","4":"format-standard","5":"has-post-thumbnail","7":"category-tennis","8":"tag-aryna-sabalenka","9":"tag-fr","10":"tag-france","11":"tag-sports","12":"tag-tennis","13":"tag-us-open"},"share_on_mastodon":{"url":"https:\/\/pubeurope.com\/@fr\/115157084609900761","error":""},"_links":{"self":[{"href":"https:\/\/www.europesays.com\/fr\/wp-json\/wp\/v2\/posts\/370491","targetHints":{"allow":["GET"]}}],"collection":[{"href":"https:\/\/www.europesays.com\/fr\/wp-json\/wp\/v2\/posts"}],"about":[{"href":"https:\/\/www.europesays.com\/fr\/wp-json\/wp\/v2\/types\/post"}],"author":[{"embeddable":true,"href":"https:\/\/www.europesays.com\/fr\/wp-json\/wp\/v2\/users\/2"}],"replies":[{"embeddable":true,"href":"https:\/\/www.europesays.com\/fr\/wp-json\/wp\/v2\/comments?post=370491"}],"version-history":[{"count":0,"href":"https:\/\/www.europesays.com\/fr\/wp-json\/wp\/v2\/posts\/370491\/revisions"}],"wp:featuredmedia":[{"embeddable":true,"href":"https:\/\/www.europesays.com\/fr\/wp-json\/wp\/v2\/media\/370492"}],"wp:attachment":[{"href":"https:\/\/www.europesays.com\/fr\/wp-json\/wp\/v2\/media?parent=370491"}],"wp:term":[{"taxonomy":"category","embeddable":true,"href":"https:\/\/www.europesays.com\/fr\/wp-json\/wp\/v2\/categories?post=370491"},{"taxonomy":"post_tag","embeddable":true,"href":"https:\/\/www.europesays.com\/fr\/wp-json\/wp\/v2\/tags?post=370491"}],"curies":[{"name":"wp","href":"https:\/\/api.w.org\/{rel}","templated":true}]}}