{"id":370493,"date":"2025-09-06T11:21:16","date_gmt":"2025-09-06T11:21:16","guid":{"rendered":"https:\/\/www.europesays.com\/fr\/370493\/"},"modified":"2025-09-06T11:21:16","modified_gmt":"2025-09-06T11:21:16","slug":"bagnaia-alerte-sur-un-bitume-tres-au-dela-de-la-limite-a-barcelone","status":"publish","type":"post","link":"https:\/\/www.europesays.com\/fr\/370493\/","title":{"rendered":"Bagnaia alerte sur un bitume \u00ab\u00a0tr\u00e8s au-del\u00e0 de la limite\u00a0\u00bb \u00e0 Barcelone"},"content":{"rendered":"<p>D&rsquo;ann\u00e9e en ann\u00e9e, les commentaires des pilotes MotoGP restent similaires lorsqu&rsquo;ils sont interrog\u00e9s sur la qualit\u00e9 du bitume du circuit de Barcelone. Le rendez-vous catalan est devenu le plus craint de la saison pour ceux dont les motos n&rsquo;appr\u00e9cient gu\u00e8re le manque d&rsquo;adh\u00e9rence, Yamaha en t\u00eate.<\/p>\n<p><a href=\"https:\/\/fr.motorsport.com\/driver\/fabio-quartararo\/109400\/\" target=\"_blank\" rel=\"noopener nofollow\">Fabio Quartararo<\/a> s&rsquo;est montr\u00e9 tr\u00e8s clair en ce sens, en anticipant d\u00e8s jeudi que ce serait \u00ab\u00a0pire que jamais\u00a0\u00bb pour lui et ses acolytes ce week-end. Son co\u00e9quipier <a href=\"https:\/\/fr.motorsport.com\/driver\/alex-rins\/109402\/\" rel=\"nofollow noopener\" target=\"_blank\">\u00c1lex Rins<\/a> juge ce grip \u00ab\u00a0inacceptable\u00a0\u00bb, tout en estimant que ce manque se ressent particuli\u00e8rement avec la M1, ce qui en fait un probl\u00e8me de la moto plus que de la piste. L&rsquo;Espagnol estime ce rapport \u00ab\u00a0peut-\u00eatre \u00e0 60-40\u00a0\u00bb et explique\u00a0:\u00a0\u00ab\u00a0C&rsquo;est une caract\u00e9ristique du circuit mais pour nous, \u00e7a n&rsquo;est pas li\u00e9 [uniquement] \u00e0 la piste. Il est clair que cette piste offre peu de grip mais c&rsquo;est plus [d\u00fb] \u00e0 notre package qu&rsquo;\u00e0 autre chose.\u00a0\u00bb<\/p>\n<p>Mais au-del\u00e0 de l&rsquo;impact d&rsquo;une faible adh\u00e9rence sur les performances des uns et des autres, certains pilotes pointent un probl\u00e8me de qualit\u00e9 du bitume, voire de s\u00e9curit\u00e9. Depuis plusieurs ann\u00e9es, le plus inquiet semble \u00eatre <a href=\"https:\/\/fr.motorsport.com\/driver\/pecco-bagnaia\/109394\/\" target=\"_blank\" rel=\"noopener nofollow\">Pecco Bagnaia<\/a>. L&rsquo;Italien s&rsquo;en est longuement expliqu\u00e9 lors des r\u00e9centes visites du MotoGP sur place. Cette fois, jugeant qu&rsquo;il s&rsquo;agit du circuit \u00ab\u00a0qui offre le moins de grip au calendrier\u00a0\u00bb, il va droit au but\u00a0:\u00a0\u00ab\u00a0Cette piste est vraiment tr\u00e8s au-del\u00e0 de la limite, pour moi. \u00c0 mon avis, c&rsquo;est un probl\u00e8me.\u00a0\u00bb<\/p>\n<p>Depuis plusieurs ann\u00e9es, Bagnaia est l&rsquo;un des seuls \u00e0 juger le bitume si probl\u00e9matique, au point d&rsquo;avoir d\u00e9j\u00e0 indiqu\u00e9 par le pass\u00e9 <a href=\"https:\/\/fr.motorsport.com\/motogp\/news\/asphalte-desastreux-pas-dangereux-barcelone\/10516892\/\" target=\"_self\" rel=\"noopener nofollow\">voir un certain danger dans les portions o\u00f9 cela impacte la motricit\u00e9 des motos<\/a>. Ses coll\u00e8gues ne partagent pas n\u00e9cessairement cette conclusion, \u00e0 l&rsquo;image de <a href=\"https:\/\/fr.motorsport.com\/driver\/johann-zarco\/96107\/\" target=\"_blank\" rel=\"noopener nofollow\">Johann Zarco<\/a>. \u00ab\u00a0M\u00eame si le circuit n&rsquo;offre pas une grande adh\u00e9rence, il n&rsquo;y a pas de chutes. Ce n&rsquo;est pas un probl\u00e8me de s\u00e9curit\u00e9, c&rsquo;est juste un probl\u00e8me d&rsquo;adh\u00e9rence\u00a0\u00bb, r\u00e9sume ainsi le Fran\u00e7ais.<\/p>\n<p>\u00ab\u00a0Il faut toujours qu&rsquo;on r\u00e9ussisse \u00e0 comprendre si quelque chose est dangereux ou ne nous pla\u00eet pas\u00a0\u00bb, observe pour sa part <a href=\"https:\/\/fr.motorsport.com\/driver\/luca-marini\/201098\/\" target=\"_blank\" rel=\"noopener nofollow\">Luca Marini<\/a>. \u00ab\u00a0\u00c7a ne nous pla\u00eet pas de rouler avec peu d&rsquo;adh\u00e9rence, c&rsquo;est certain. Est-ce que c&rsquo;est dangereux\u00a0?\u00a0Non.\u00a0\u00bb<\/p>\n<p>\u00ab\u00a0Rouler avec peu de grip, objectivement, \u00e7a n&rsquo;est pas dangereux. Simplement, on est un peu plus lents\u00a0\u00bb, poursuit le pilote Honda, \u00ab\u00a0la traction de la moto &lsquo;coupe&rsquo; sans cesse, il faut faire de gros efforts en sortie de virage pour redresser la moto parce que c&rsquo;est fondamental sur cette piste. En revanche, c&rsquo;est s\u00fbr.\u00a0\u00bb<\/p>\n<p>   <img decoding=\"async\" draggable=\"false\" src=\"https:\/\/www.europesays.com\/fr\/wp-content\/uploads\/2025\/09\/fabio-di-giannantonio-vr46-rac.jpg\" alt=\"Probl\u00e8me de s\u00e9curit\u00e9 ou pas, les pilotes aimeraient que soit resurfac\u00e9 le circuit de Barcelone.\" width=\"1200\" height=\"800\" loading=\"lazy\"\/> <\/p>\n<p class=\"title\">Probl\u00e8me de s\u00e9curit\u00e9 ou pas, les pilotes aimeraient que soit resurfac\u00e9 le circuit de Barcelone.<\/p>\n<p class=\"photographer\">Photo de: Gold and Goose Photography \/ LAT Images \/ via Getty Images<\/p>\n<p>Pour autant, l&rsquo;anciennet\u00e9 du bitume, qui n&rsquo;a plus \u00e9t\u00e9 refait en int\u00e9gralit\u00e9 depuis 2018, devrait imposer un resurfa\u00e7age en bonne et due forme selon de nombreux pilotes. Cela se fera-t-il\u00a0?\u00a0Luca Marini en doute fort\u00a0:\u00a0\u00ab\u00a0On n&rsquo;a pas les outils pour s&rsquo;imposer et requ\u00e9rir un investissement de quelques millions d&rsquo;euros pour resurfacer une piste, donc je ne pense pas qu&rsquo;ils vont le faire.\u00a0\u00bb<\/p>\n<blockquote>\n<p>\u00c7a ne devrait pas \u00eatre \u00e0 corriger maintenant, \u00e7a aurait d\u00fb \u00eatre fait il y a trois ans.<\/p>\n<\/blockquote>\n<p>\u00c0 la veille des premiers essais du Grand Prix, il avait \u00e9t\u00e9 demand\u00e9 \u00e0 <a href=\"https:\/\/fr.motorsport.com\/driver\/aleix-espargaro\/90382\/\" target=\"_blank\" rel=\"noopener nofollow\">Aleix Espargar\u00f3<\/a> si l&rsquo;\u00e9tat de l&rsquo;asphalte de son circuit maison \u00e9tait quelque chose qui devait d\u00e9sormais \u00eatre corrig\u00e9. \u00ab\u00a0\u00c7a ne devrait pas \u00eatre \u00e0 corriger maintenant, \u00e7a aurait d\u00fb \u00eatre fait il y a trois ans\u00a0\u00bb, avait-il r\u00e9pondu.<\/p>\n<p>\u00ab\u00a0Je suis d&rsquo;accord pour dire que tous les circuits n&rsquo;ont pas besoin d&rsquo;avoir une adh\u00e9rence parfaite. Il y a des circuits rapides, des circuits lents, des virages serr\u00e9s, des virages rapides, plus d&rsquo;adh\u00e9rence, moins d&rsquo;adh\u00e9rence\u2026 Mais je pense que Barcelone commence \u00e0 \u00eatre limite en termes d&rsquo;adh\u00e9rence\u00a0\u00bb, avait ajout\u00e9 le Catalan. \u00ab\u00a0C&rsquo;est un endroit que j&rsquo;adore, mais vraiment, l&rsquo;adh\u00e9rence est tr\u00e8s faible. J&rsquo;\u00e9tais ici il y a un mois, il faisait 50\u00b0C sur le bitume et c&rsquo;\u00e9tait comme de la glace. C&rsquo;\u00e9tait fou\u00a0!\u00a0Donc j&rsquo;esp\u00e8re qu&rsquo;un si beau circuit recevra un nouveau rev\u00eatement.\u00a0\u00bb<\/p>\n<p>\u00ab\u00a0C&rsquo;est incroyable \u00e0 quel point l&rsquo;adh\u00e9rence est basse. Elle est trop basse\u00a0\u00bb, jugeait quant \u00e0 lui Enea Bastianini apr\u00e8s les premiers essais. \u00ab\u00a0C&rsquo;est tr\u00e8s \u00e9trange de piloter comme \u00e7a. Au virage num\u00e9ro 5, on ne peut pas freiner, on arrive en \u00e9tant tr\u00e8s, tr\u00e8s doux sur les freins. J&rsquo;esp\u00e8re qu&rsquo;on verra un resurfa\u00e7age pour l&rsquo;ann\u00e9e prochaine, mais on verra.\u00a0\u00bb<\/p>\n<p>Un \u00e9l\u00e9ment qui impacte la hi\u00e9rarchie<\/p>\n<p>Pour le moment, ce manque d&rsquo;adh\u00e9rence offert par le bitume barcelonais appara\u00eet surtout comme un d\u00e9fi \u00e0 relever. Aux yeux de certains pilotes, c&rsquo;est essentiellement un facteur \u00e0 prendre en compte dans la mani\u00e8re d&rsquo;aborder les r\u00e9glages et le pilotage, plut\u00f4t qu&rsquo;un probl\u00e8me \u00e0 proprement parler.<\/p>\n<p>C&rsquo;est ainsi qu&rsquo;<a href=\"https:\/\/fr.motorsport.com\/driver\/alex-marquez\/96324\/\" target=\"_blank\" rel=\"noopener nofollow\">\u00c1lex M\u00e1rquez<\/a>, notamment, voit les choses, jugeant que cela influence la mani\u00e8re de mener le week-end et de pr\u00e9parer les courses. \u00ab\u00a0Il faut \u00eatre assez clair sur les pneus que l&rsquo;on veut utiliser pour la course longue, surtout\u00a0\u00bb, anticipait le pilote Gresini avant de se lancer dans ce Grand Prix qu&rsquo;il appr\u00e9cie particuli\u00e8rement.<\/p>\n<p>\u00ab\u00a0Il faut essayer de travailler l\u00e0-dessus, un peu sur les r\u00e9glages pour le faible grip et surtout aussi pour g\u00e9rer le pneu. Il faut \u00eatre vraiment intelligent. Du c\u00f4t\u00e9 \u00e9lectronique aussi, il est vraiment important d&rsquo;arriver avec une bonne cartographie, pour le traction control et le couple, parce que parfois on met beaucoup, beaucoup de couple en pensant qu&rsquo;on sera plus rapide, et \u00e7a n&rsquo;est pas le cas. Donc tout cela doit \u00eatre vraiment sous contr\u00f4le.\u00a0\u00bb<\/p>\n<p>Lire aussi :<\/p>\n<p><a href=\"https:\/\/fr.motorsport.com\/driver\/marc-marquez\/92646\/\" target=\"_blank\" rel=\"noopener nofollow\">Marc M\u00e1rquez<\/a> voit aussi dans cette singularit\u00e9 du circuit une explication au resserrement de la hi\u00e9rarchie, alors que les pilotes KTM notamment ont brill\u00e9 durant la premi\u00e8re journ\u00e9e d&rsquo;essais.<\/p>\n<p>\u00ab\u00a0L&rsquo;adh\u00e9rence est tr\u00e8s faible. Je pense que c&rsquo;est l&rsquo;une des principales raisons pour lesquelles tous les constructeurs sont tr\u00e8s proches, parce que la limite, c&rsquo;est l&rsquo;adh\u00e9rence\u00a0\u00bb, observe le leader du championnat. \u00ab\u00a0Par exemple, on ne peut pas extraire le maximum de notre moto, c&rsquo;est-\u00e0-dire l&rsquo;acc\u00e9l\u00e9ration. On r\u00e9duit sans cesse le couple, de plus en plus.\u00a0\u00bb<\/p>\n<p>\u00ab\u00a0Mais il y a aussi le fait que l&rsquo;on est beaucoup dans des virages \u00e0 droite, pendant longtemps, et donc la temp\u00e9rature des pneus augmente. Ensuite, quand on a une temp\u00e9rature tr\u00e8s \u00e9lev\u00e9e, cela signifie que l&rsquo;on glisse encore plus. Donc, oui, c&rsquo;est l&rsquo;un des circuits les plus difficiles pour la compr\u00e9hension de l&rsquo;adh\u00e9rence.\u00a0\u00bb<\/p>\n<p style=\"text-align: right;\">Avec T\u00e9ha Courbon<\/p>\n<p>Les plus belles photos des essais de vendredi au GP de Catalogne<\/p>\n<p>Dans cet article<\/p>\n<p>Soyez le premier inform\u00e9 et souscrivez aux alertes mails pour recevoir les infos en temps r\u00e9el<\/p>\n<p>    S&rsquo;abonner aux alertes de news<\/p>\n","protected":false},"excerpt":{"rendered":"D&rsquo;ann\u00e9e en ann\u00e9e, les commentaires des pilotes MotoGP restent similaires lorsqu&rsquo;ils sont interrog\u00e9s sur la qualit\u00e9 du bitume&hellip;\n","protected":false},"author":2,"featured_media":370494,"comment_status":"","ping_status":"","sticky":false,"template":"","format":"standard","meta":{"footnotes":""},"categories":[1413],"tags":[50474,25466,4950,1011,27,48377,3452,3345,1741,15966,5038,1457,1456,1458,4951,60,3771,7896],"class_list":{"0":"post-370493","1":"post","2":"type-post","3":"status-publish","4":"format-standard","5":"has-post-thumbnail","7":"category-moto","8":"tag-bagnaia-alerte-sur-un-bitume-tru00e8s-au-delu00e0-de-la-limite-u00e0-barcelone","9":"tag-circuit-de-barcelona-catalunya","10":"tag-ducati-team","11":"tag-fr","12":"tag-france","13":"tag-gp-de-catalogne","14":"tag-gresini-racing","15":"tag-honda-hrc","16":"tag-johann-zarco","17":"tag-luca-marini","18":"tag-marc-mu00e1rquez","19":"tag-moto","20":"tag-motocycle","21":"tag-motogp","22":"tag-pecco-bagnaia","23":"tag-sports","24":"tag-team-lcr","25":"tag-u00c1lex-mu00e1rquez"},"share_on_mastodon":{"url":"https:\/\/pubeurope.com\/@fr\/115157092614881260","error":""},"_links":{"self":[{"href":"https:\/\/www.europesays.com\/fr\/wp-json\/wp\/v2\/posts\/370493","targetHints":{"allow":["GET"]}}],"collection":[{"href":"https:\/\/www.europesays.com\/fr\/wp-json\/wp\/v2\/posts"}],"about":[{"href":"https:\/\/www.europesays.com\/fr\/wp-json\/wp\/v2\/types\/post"}],"author":[{"embeddable":true,"href":"https:\/\/www.europesays.com\/fr\/wp-json\/wp\/v2\/users\/2"}],"replies":[{"embeddable":true,"href":"https:\/\/www.europesays.com\/fr\/wp-json\/wp\/v2\/comments?post=370493"}],"version-history":[{"count":0,"href":"https:\/\/www.europesays.com\/fr\/wp-json\/wp\/v2\/posts\/370493\/revisions"}],"wp:featuredmedia":[{"embeddable":true,"href":"https:\/\/www.europesays.com\/fr\/wp-json\/wp\/v2\/media\/370494"}],"wp:attachment":[{"href":"https:\/\/www.europesays.com\/fr\/wp-json\/wp\/v2\/media?parent=370493"}],"wp:term":[{"taxonomy":"category","embeddable":true,"href":"https:\/\/www.europesays.com\/fr\/wp-json\/wp\/v2\/categories?post=370493"},{"taxonomy":"post_tag","embeddable":true,"href":"https:\/\/www.europesays.com\/fr\/wp-json\/wp\/v2\/tags?post=370493"}],"curies":[{"name":"wp","href":"https:\/\/api.w.org\/{rel}","templated":true}]}}