{"id":370499,"date":"2025-09-06T11:24:12","date_gmt":"2025-09-06T11:24:12","guid":{"rendered":"https:\/\/www.europesays.com\/fr\/370499\/"},"modified":"2025-09-06T11:24:12","modified_gmt":"2025-09-06T11:24:12","slug":"yann-mvila-tres-remonte-contre-larbitrage","status":"publish","type":"post","link":"https:\/\/www.europesays.com\/fr\/370499\/","title":{"rendered":"Yann M&rsquo;Vila tr\u00e8s remont\u00e9 contre l&rsquo;arbitrage"},"content":{"rendered":"<p>            Par<br \/>\n        <strong><br \/>\n            <a href=\"https:\/\/actu.fr\/auteur\/alexandre-gourlaouen\" title=\"Consulter tous les articles de Alexandre Gourlaouen\" target=\"_blank\" rel=\"noopener\">Alexandre Gourlaouen<\/a><br \/>\n        <\/strong><\/p>\n<p>        Publi\u00e9 le<\/p>\n<p>            6 sept. 2025 \u00e0 9h33        <\/p>\n<p>Le constat \u00e9tait clair pour Yann M\u2019Vila apr\u00e8s le match nul entre le <a href=\"https:\/\/actu.fr\/tag\/stade-malherbe-de-caen\" target=\"_blank\" rel=\"noopener\">Stade Malherbe Caen<\/a> et Dijon vendredi 5 septembre 2025 (<a href=\"https:\/\/actu.fr\/normandie\/caen_14118\/football-dans-un-duel-de-concurrents-a-la-montee-le-sm-caen-et-dijon-se-neutralisent_63124587.html\" target=\"_blank\" rel=\"noopener\">0-0<\/a>). Selon le capitaine caennais,<b> son \u00e9quipe aurait d\u00fb b\u00e9n\u00e9ficier de deux penaltys<\/b> et il l\u2019a clairement fait savoir. Mais il pense aussi \u00e0 la suite de la saison et veut <b>s\u2019appuyer sur la performance d\u00e9fensive des Rouge et Bleu.<\/b><\/p>\n<p>\u00ab\u00a0On doit \u00eatre plus tueurs\u00a0\u00bb<\/p>\n<p class=\" wall-content\"><b>Yann M\u2019Vila, capitaine du SM Caen :<\/b> \u00ab\u00a0Je pense qu\u2019on a fait un bon match. Antho (Mandrea) n\u2019a pas eu beaucoup d\u2019arr\u00eats \u00e0 faire, on n\u2019encaisse pas de but. C\u2019est tr\u00e8s bien ce qu\u2019on a fait d\u00e9fensivement. Malheureusment, on a p\u00each\u00e9 un peu offensivement. Mais \u00e0 un moment donn\u00e9, je suis d\u00e9sol\u00e9, on est oblig\u00e9 de parler de l\u2019arbitrage. Au bout d\u2019un moment, il faut arr\u00eater de se faire avoir comme \u00e7a. Eux ont droit de faire des erreurs, mais nous quand on parle on se fait sanctionner. Je pense qu\u2019il s\u2019est totalement tromp\u00e9 sur ce match. Mais je pense aussi qu\u2019il nous avait dans le nez. Il nous avait fait le m\u00eame coup l\u2019ann\u00e9e derni\u00e8re contre Pau. Mais \u00e7a fait ch\u2026 de ne pas \u00eatre respect\u00e9. Si on est chez eux \u00e0 Dijon, je pense qu\u2019il le siffle. Sur Adama (Diakit\u00e9), en plus, ce qui m\u2019\u00e9nerve, c\u2019est qu\u2019il lui met un jaune pour simulation. Alors que moi sur une action, je touche le ballon, le joueur crie devant l\u2019arbitre et il ne lui dit rien. Normalement, il n\u2019y a que les capitaines qui ont le droit de parler, l\u00e0, je vais le voir pour demander des informations, il me met un jaune. On ne se fait pas respecter. Je ne sais pas pourquoi, mais c\u2019est facile de ne pas siffler pour le SM Caen.<\/p>\n<p class=\" wall-content\">Mais je ne vais pas tout mettre sur le dos de l\u2019arbitrage, c\u2019est s\u00fbr. On a notre part de responsabilit\u00e9. On a des occasions qu\u2019on doit mettre au fond. Dans les 30 derniers m\u00e8tres, on doit \u00eatre plus efficaces. On doit \u00eatre plus tueurs. On a des attaquants qui font \u00e9norm\u00e9ment de courses, qui travaillent \u00e9norm\u00e9ment. Maintenant, il faut avoir la lucidit\u00e9 pour mettre les ballons au fond. C\u2019est ce qu\u2019on va travailler, je pense, avec le coach. Il faut de la confiance, il faut qu\u2019on apprenne aussi \u00e0 se conna\u00eetre encore. Ce sont des petits d\u00e9tails, mais c\u2019est un cap qu\u2019il va falloir passer si on veut aller plus haut. Dans le groupe, l\u2019ann\u00e9e derni\u00e8re est \u00e9vacu\u00e9e. On est pass\u00e9 \u00e0 autre chose. Le nouveau staff travaille tr\u00e8s bien, essaye de nous faire oublier la saison derni\u00e8re. Nous les joueurs qui \u00e9tions l\u00e0, \u00e7a y est, c\u2019est pass\u00e9. On se concentre sur cette ann\u00e9e. Finir en d\u00e9fense, je le fais puisqu\u2019il le faut. Comme je l\u2019ai dit au coach, je suis l\u00e0 pour l\u2019\u00e9quipe. Je jouerai l\u00e0 o\u00f9 on me dira de jouer.<\/p>\n<p class=\" wall-content\">C\u2019\u00e9tait une tr\u00e8s bonne \u00e9quipe en face. On voulait \u00eatre un peu plus dur. Je pense qu\u2019on a montr\u00e9 un nouveau visage d\u00e9fensivement. On a remport\u00e9 pas mal de duels. Il faut garder \u00e7a et travailler. Will (Mazi\u00e9) va arriver et nous amener de la vitesse et de la vivacit\u00e9. Momo Hafid aussi est tr\u00e8s en forme en ce moment, Adama s\u2019adapte rapidement. Quand Armand (Gnanduillet) va marquer son premier but, il y aura un d\u00e9clic. En tout cas, on est tous solidaires pour ramener le maximum de points.\u00a0\u00bb<\/p>\n<p class=\" wall-content\">Personnalisez votre actualit\u00e9 en ajoutant vos villes et m\u00e9dias en favori avec <a href=\"https:\/\/moncompte.actu.fr\" title=\"D\u00e9couvez Mon Actu\" rel=\"nofollow noopener\" data-trk=\"{&quot;cta&quot;:{&quot;action&quot;:&quot;https:\\\/\\\/moncompte.actu.fr&quot;,&quot;category&quot;:&quot;mon compte&quot;,&quot;from&quot;:&quot;article footer&quot;,&quot;name&quot;:&quot;Mon actu&quot;,&quot;type&quot;:&quot;cta&quot;}}\" target=\"_blank\">Mon Actu<\/a>.<\/p>\n","protected":false},"excerpt":{"rendered":"Par Alexandre Gourlaouen Publi\u00e9 le 6 sept. 2025 \u00e0 9h33 Le constat \u00e9tait clair pour Yann M\u2019Vila apr\u00e8s&hellip;\n","protected":false},"author":2,"featured_media":370500,"comment_status":"","ping_status":"","sticky":false,"template":"","format":"standard","meta":{"footnotes":""},"categories":[1410],"tags":[63,1011,27,1745,60,266,1746],"class_list":{"0":"post-370499","1":"post","2":"type-post","3":"status-publish","4":"format-standard","5":"has-post-thumbnail","7":"category-football","8":"tag-football","9":"tag-fr","10":"tag-france","11":"tag-sport-caen","12":"tag-sports","13":"tag-stade-malherbe-de-caen","14":"tag-stade-michel-dornano"},"share_on_mastodon":{"url":"https:\/\/pubeurope.com\/@fr\/115157104338358361","error":""},"_links":{"self":[{"href":"https:\/\/www.europesays.com\/fr\/wp-json\/wp\/v2\/posts\/370499","targetHints":{"allow":["GET"]}}],"collection":[{"href":"https:\/\/www.europesays.com\/fr\/wp-json\/wp\/v2\/posts"}],"about":[{"href":"https:\/\/www.europesays.com\/fr\/wp-json\/wp\/v2\/types\/post"}],"author":[{"embeddable":true,"href":"https:\/\/www.europesays.com\/fr\/wp-json\/wp\/v2\/users\/2"}],"replies":[{"embeddable":true,"href":"https:\/\/www.europesays.com\/fr\/wp-json\/wp\/v2\/comments?post=370499"}],"version-history":[{"count":0,"href":"https:\/\/www.europesays.com\/fr\/wp-json\/wp\/v2\/posts\/370499\/revisions"}],"wp:featuredmedia":[{"embeddable":true,"href":"https:\/\/www.europesays.com\/fr\/wp-json\/wp\/v2\/media\/370500"}],"wp:attachment":[{"href":"https:\/\/www.europesays.com\/fr\/wp-json\/wp\/v2\/media?parent=370499"}],"wp:term":[{"taxonomy":"category","embeddable":true,"href":"https:\/\/www.europesays.com\/fr\/wp-json\/wp\/v2\/categories?post=370499"},{"taxonomy":"post_tag","embeddable":true,"href":"https:\/\/www.europesays.com\/fr\/wp-json\/wp\/v2\/tags?post=370499"}],"curies":[{"name":"wp","href":"https:\/\/api.w.org\/{rel}","templated":true}]}}