{"id":370506,"date":"2025-09-06T11:28:43","date_gmt":"2025-09-06T11:28:43","guid":{"rendered":"https:\/\/www.europesays.com\/fr\/370506\/"},"modified":"2025-09-06T11:28:43","modified_gmt":"2025-09-06T11:28:43","slug":"bonsoir-lyon-du-vendredi-5-septembre-2025-bfmtv","status":"publish","type":"post","link":"https:\/\/www.europesays.com\/fr\/370506\/","title":{"rendered":"Bonsoir Lyon du vendredi 5 septembre 2025 &#8211; BFMTV"},"content":{"rendered":"<ol>\n<li><a href=\"https:\/\/news.google.com\/rss\/articles\/CBMiwwFBVV95cUxQYVQ1WUNwVHZ1OGFDRUNucUpZSlhGLTRTSHZwbWdaWndNd21XeFYzWkwyWV9GVFc3QkVuNktYaEJvZmo5VGVMUUtWWkhnZ3ZPd0tmUTBWejI1M1I4Y21VT2U5R1l5QmJvSFkxajhsM2M0aEJfY3BPZkppaVI1NXRCc1Bta2d3SVJaVmVmdmkxX0lPcENpWUwzRTI2YzREYk9xSS0zdFZOYkVqN1czQ2hlZnVMeWhQbFNwMV9DWFpSZ1loTjQ?oc=5\" target=\"_blank\" rel=\"nofollow noopener\">Bonsoir Lyon du vendredi 5 septembre 2025<\/a>&nbsp;&nbsp;BFMTV<\/li>\n<li><a href=\"https:\/\/news.google.com\/rss\/articles\/CBMikgJBVV95cUxQYUdTTTFsTXY2d3RqTVhCTkdzeUxwX3JkWXpZNXhzNUFHSE9PdDBzZ1FpaWd6bjVodVp5TnRwcHNjT0dWZzJhSl9FaDdGdU5udEh0YU5WeVdjRjhFdHAwUW1aalVIb0RRdjEtYUJTVFhIWUYzaHdYTGFIVzhjZEQxWGU0YzhjLWsxOXZ6bTU0VHg2Nmc5M1FwTG8tTmp5cnJZV3drY3VnTTI5V0FscHdqeThWeW5yd2V5QlZPeUZCVzBiWEJwSGh3Yk5VT1lGWVdTREROUlJVb1ZzZUlLb0JNOEx0bW5IWmZrQ2JKQXBMcVlHYTh5NXRXMnRvYm1MeGh1Z2hKdnhvYkhYUE1NeEJSQUZR?oc=5\" target=\"_blank\" rel=\"nofollow noopener\">\u00ab \u00c9lu ou pas, je tiens \u00e0 garder mes fonctions \u00e0 la FFF \u00bb : Jean-Michel Aulas assure qu&rsquo;il conservera ses mandats s&rsquo;il devient maire de Lyon<\/a>&nbsp;&nbsp;L&rsquo;\u00c9quipe<\/li>\n<li><a href=\"https:\/\/news.google.com\/rss\/articles\/CBMi7AFBVV95cUxNVkxIR29ETTRnUEMxTFptMVpfZm05M1dmMEJfZEhuR295ckp0ZVdQalBucWdPcE1yOXVTNHhpTkV0ejhtOGdmTTdzUnFiRVdiQjdMY3BUOUlDaUVqcUNzckJ5WHVBWHlJMFBvanMwWlVyX2ZHcGF6S0h3dkxjcnJhbEdvM2dXNjJsel9xeDNrT01BYmhfQ2FVV1MzbmVZcXdibllsb2txVXBNbU5LQkk2VGRpd1VUeHpzVExUTlp6ZzRKdXZkT3hvSU15OUtFQV8yYURHWHdfTU1aUDdHSkVPRGtwWjZEWG0yc1JjYw?oc=5\" target=\"_blank\" rel=\"nofollow noopener\">Municipales 2026 : \u00e0 Lyon, Jean-Michel Aulas scelle un accord avec Laurent Wauquiez<\/a>&nbsp;&nbsp;Le Monde.fr<\/li>\n<li><a href=\"https:\/\/news.google.com\/rss\/articles\/CBMilgJBVV95cUxNdVJsT1ZrdG1GWFNOd1dCTUFTZk9UMU5Vc0FiV3ZPZWJmLWpTcVhqb3g4M1pMa2w3aDJGdDg0LWxybUVLOFc5aDBMMEtESEdSY19JTGNJVUE0YWJNUmowV3lOSGJYdThtVjZVdlUzalRnSVR6cWppQzdCZC1aMjNfeUx1RnRDYlh3SW0tcUhjbDA5SWRKdC0yQTBBeHkyelAyVkN0MF9NVFQycUR5T1Rqdi14U3g0WUlZQXhnMFZobnRHLVlMdkZibWlfUFNXbE9UNDJWQXFfU3J2M1pJbHN3X2tXckJpbG05YTBiUm9uSGRqN0Z0MUVRZDhSTENidmFkTkpMWVFSemE2ZW5QdmpKZ2UxcWlIQQ?oc=5\" target=\"_blank\" rel=\"nofollow noopener\">\u00ab\u00a0Je suis persuad\u00e9 qu&rsquo;on va avoir un projet formidable\u00a0\u00bb: Jean-Michel Aulas sera candidat \u00e0 la mairie de Lyon en 2026, soutenu par LR<\/a>&nbsp;&nbsp;Actualit\u00e9s \u2013 Orange<\/li>\n<li><a href=\"https:\/\/news.google.com\/rss\/articles\/CBMigAFBVV95cUxPaWs2Y0JvZWJHMk1ILTJjSUNZdG1HZjdSMVRJYUlORkZ5OWViR3Q1akw5S1dLUjZuR2l3Y0ZIWUMtdUZVSGk2YkxhNHZ4bE1oWXBDRmU4cnpZbTVrQ1AzejU2QUpUZVVPQTdlY3dqcW9RcjNxOHZQNDBEMGxyQ3VyeA?oc=5\" target=\"_blank\" rel=\"nofollow noopener\">Droit de r\u00e9ponse d&rsquo;Emmanuel Imberton<\/a>&nbsp;&nbsp;lyonmag.com<\/li>\n<\/ol>\n","protected":false},"excerpt":{"rendered":"Bonsoir Lyon du vendredi 5 septembre 2025&nbsp;&nbsp;BFMTV \u00ab \u00c9lu ou pas, je tiens \u00e0 garder mes fonctions \u00e0&hellip;\n","protected":false},"author":2,"featured_media":370507,"comment_status":"","ping_status":"","sticky":false,"template":"","format":"standard","meta":{"footnotes":""},"categories":[1356],"tags":[58,59,1011,27,252,1364],"class_list":{"0":"post-370506","1":"post","2":"type-post","3":"status-publish","4":"format-standard","5":"has-post-thumbnail","7":"category-television","8":"tag-divertissement","9":"tag-entertainment","10":"tag-fr","11":"tag-france","12":"tag-television","13":"tag-tv"},"share_on_mastodon":{"url":"https:\/\/pubeurope.com\/@fr\/115157120157127911","error":""},"_links":{"self":[{"href":"https:\/\/www.europesays.com\/fr\/wp-json\/wp\/v2\/posts\/370506","targetHints":{"allow":["GET"]}}],"collection":[{"href":"https:\/\/www.europesays.com\/fr\/wp-json\/wp\/v2\/posts"}],"about":[{"href":"https:\/\/www.europesays.com\/fr\/wp-json\/wp\/v2\/types\/post"}],"author":[{"embeddable":true,"href":"https:\/\/www.europesays.com\/fr\/wp-json\/wp\/v2\/users\/2"}],"replies":[{"embeddable":true,"href":"https:\/\/www.europesays.com\/fr\/wp-json\/wp\/v2\/comments?post=370506"}],"version-history":[{"count":0,"href":"https:\/\/www.europesays.com\/fr\/wp-json\/wp\/v2\/posts\/370506\/revisions"}],"wp:featuredmedia":[{"embeddable":true,"href":"https:\/\/www.europesays.com\/fr\/wp-json\/wp\/v2\/media\/370507"}],"wp:attachment":[{"href":"https:\/\/www.europesays.com\/fr\/wp-json\/wp\/v2\/media?parent=370506"}],"wp:term":[{"taxonomy":"category","embeddable":true,"href":"https:\/\/www.europesays.com\/fr\/wp-json\/wp\/v2\/categories?post=370506"},{"taxonomy":"post_tag","embeddable":true,"href":"https:\/\/www.europesays.com\/fr\/wp-json\/wp\/v2\/tags?post=370506"}],"curies":[{"name":"wp","href":"https:\/\/api.w.org\/{rel}","templated":true}]}}