{"id":370518,"date":"2025-09-06T11:34:10","date_gmt":"2025-09-06T11:34:10","guid":{"rendered":"https:\/\/www.europesays.com\/fr\/370518\/"},"modified":"2025-09-06T11:34:10","modified_gmt":"2025-09-06T11:34:10","slug":"il-y-a-3-millions-dannees-nos-ancetres-faisaient-deja-quelque-chose-que-personne-nimaginait-possible","status":"publish","type":"post","link":"https:\/\/www.europesays.com\/fr\/370518\/","title":{"rendered":"Il y a 3 millions d&rsquo;ann\u00e9es, nos anc\u00eatres faisaient d\u00e9j\u00e0 quelque chose que personne n&rsquo;imaginait possible"},"content":{"rendered":"<p class=\"whitespace-normal break-words\"><strong>Une \u00e9quipe de<br \/>\nchercheurs vient de faire une d\u00e9couverte qui remet en question nos<br \/>\ncertitudes les plus ancr\u00e9es sur <a href=\"https:\/\/sciencepost.fr\/cette-eruption-a-detruit-la-couche-d-ozone-et-change-le-cours-de-levolution-humaine\/\" target=\"_blank\" rel=\"noopener nofollow\">l\u2019\u00e9volution humaine<\/a>. En<br \/>\nanalysant plus de 400 outils en pierre trouv\u00e9s au Kenya et vieux de<br \/>\n3 millions d\u2019ann\u00e9es, ils ont r\u00e9v\u00e9l\u00e9 que nos lointains anc\u00eatres<br \/>\nposs\u00e9daient des capacit\u00e9s cognitives extraordinaires, 600 000 ans<br \/>\nplus t\u00f4t que tout ce que la science avait imagin\u00e9 jusqu\u2019\u00e0 pr\u00e9sent.<br \/>\nCes premiers hominid\u00e9s ne se contentaient pas de fabriquer des<br \/>\noutils : ils planifiaient, anticipaient et organisaient leurs<br \/>\nd\u00e9placements avec une sophistication qui d\u00e9fie notre compr\u00e9hension<br \/>\nde l\u2019intelligence pr\u00e9historique.<\/strong><\/p>\n<p>Un voyage<br \/>\ndans le temps r\u00e9volutionnaire<\/p>\n<p class=\"whitespace-normal break-words\">Le site arch\u00e9ologique de<br \/>\nNyayanga, au Kenya, vient de livrer l\u2019un de ses secrets les mieux<br \/>\ngard\u00e9s. Les 401 outils en pierre d\u00e9couverts dans cette r\u00e9gion<br \/>\nt\u00e9moignent d\u2019une \u00e9poque o\u00f9 nos anc\u00eatres ma\u00eetrisaient d\u00e9j\u00e0 l\u2019art de<br \/>\nla fabrication d\u2019outils selon la technique oldowayenne, la plus<br \/>\nancienne m\u00e9thode connue consistant \u00e0 tailler des \u00e9clats de pierre<br \/>\npour cr\u00e9er des instruments tranchants.<\/p>\n<p class=\"whitespace-normal break-words\">Mais ce qui a stup\u00e9fait<br \/>\nles chercheurs ne r\u00e9side pas dans la technique elle-m\u00eame, d\u00e9j\u00e0<br \/>\ndocument\u00e9e, mais dans l\u2019origine g\u00e9ographique des mat\u00e9riaux<br \/>\nutilis\u00e9s. L\u2019analyse g\u00e9ochimique a r\u00e9v\u00e9l\u00e9 que la majorit\u00e9 de ces<br \/>\nroches provenaient de gisements situ\u00e9s \u00e0 plus de 9,7 kilom\u00e8tres du<br \/>\nsite de d\u00e9couverte. Cette distance peut sembler anodine \u00e0 l\u2019\u00e8re des<br \/>\ntransports modernes, mais elle repr\u00e9sente un exploit cognitif<br \/>\nmajeur pour des \u00eatres vivant il y a trois millions d\u2019ann\u00e9es.<\/p>\n<p>L\u2019intelligence cach\u00e9e de nos premiers anc\u00eatres<\/p>\n<p class=\"whitespace-normal break-words\">Cette r\u00e9v\u00e9lation<br \/>\nbouleverse compl\u00e8tement notre chronologie de l\u2019\u00e9volution cognitive<br \/>\nhumaine. Jusqu\u2019\u00e0 pr\u00e9sent, les scientifiques situaient l\u2019\u00e9mergence<br \/>\nde la planification anticip\u00e9e et du transport d\u2019outils sur longues<br \/>\ndistances vers 2 millions d\u2019ann\u00e9es, co\u00efncidant avec l\u2019apparition<br \/>\nd\u2019Homo erectus et les grands changements physiologiques<br \/>\nqui l\u2019accompagnaient : augmentation de la taille du cerveau,<br \/>\nmigration hors d\u2019Afrique, ma\u00eetrise du feu et consommation accrue de<br \/>\nviande.<\/p>\n<p class=\"whitespace-normal break-words\">Rick Potts,<br \/>\npal\u00e9oanthropologue au Mus\u00e9e national d\u2019histoire naturelle de<br \/>\nWashington, souligne que ces d\u00e9couvertes r\u00e9v\u00e8lent une dimension<br \/>\ninsoup\u00e7onn\u00e9e de l\u2019innovation oldowayenne. Selon lui, la v\u00e9ritable<br \/>\nr\u00e9volution ne r\u00e9sidait pas uniquement dans la fabrication des<br \/>\noutils, mais dans la capacit\u00e9 \u00e0 transporter strat\u00e9giquement les<br \/>\nressources d\u2019un lieu \u00e0 un autre.<\/p>\n<p class=\"whitespace-normal break-words\">Cette aptitude implique<br \/>\nplusieurs niveaux de sophistication cognitive remarquables. Nos<br \/>\nanc\u00eatres devaient d\u2019abord identifier les meilleures sources de<br \/>\nmati\u00e8res premi\u00e8res, m\u00e9moriser leur localisation pr\u00e9cise, puis<br \/>\nplanifier des exp\u00e9ditions sp\u00e9cifiques pour s\u2019approvisionner. Ils<br \/>\nanticipaient \u00e9galement leurs besoins futurs en outils avant m\u00eame de<br \/>\npartir en qu\u00eate de nourriture, d\u00e9montrant une capacit\u00e9<br \/>\nd\u2019abstraction et de projection temporelle extraordinaire.<\/p>\n<p>Une<br \/>\ncomparaison r\u00e9v\u00e9latrice avec nos cousins primates<\/p>\n<p class=\"whitespace-normal break-words\">Pour mesurer l\u2019ampleur de<br \/>\ncette prouesse, il suffit de la comparer aux comportements des<br \/>\nchimpanz\u00e9s actuels, nos plus proches parents dans le r\u00e8gne animal.<br \/>\nCes primates intelligents transportent effectivement des marteaux<br \/>\nen granit pour casser des noix, mais sur des distances maximales de<br \/>\ndeux kilom\u00e8tres, et uniquement par petites \u00e9tapes successives.<\/p>\n<p class=\"whitespace-normal break-words\">Les hominid\u00e9s de Nyayanga<br \/>\nd\u00e9passaient largement ces performances, multipliant par cinq les<br \/>\ndistances de transport et organisant probablement des exp\u00e9ditions<br \/>\nplanifi\u00e9es plut\u00f4t que des d\u00e9placements opportunistes. Cette<br \/>\nsup\u00e9riorit\u00e9 sugg\u00e8re l\u2019existence de capacit\u00e9s cognitives d\u00e9j\u00e0 tr\u00e8s<br \/>\nd\u00e9velopp\u00e9es chez ces anc\u00eatres lointains.<\/p>\n<p>Le myst\u00e8re<br \/>\nde l\u2019identit\u00e9 des artisans<\/p>\n<p class=\"whitespace-normal break-words\">L\u2019une des \u00e9nigmes les plus<br \/>\nfascinantes de cette d\u00e9couverte concerne l\u2019identit\u00e9 exacte des<br \/>\ncr\u00e9ateurs de ces outils. Les fossiles d\u2019hominid\u00e9s retrouv\u00e9s \u00e0<br \/>\nproximit\u00e9 appartiennent au genre Paranthropus, une lign\u00e9e<br \/>\nque les scientifiques n\u2019associaient pas traditionnellement \u00e0 de<br \/>\ntelles prouesses technologiques.<\/p>\n<p class=\"whitespace-normal break-words\">Emma Finestone,<br \/>\nanthropologue biologique au Cleveland Museum of Natural History et<br \/>\nco-autrice de l\u2019\u00e9tude, rappelle la difficult\u00e9 fondamentale de cette<br \/>\nattribution : \u00ab\u00a0\u00c0 moins de trouver un fossile d\u2019hominid\u00e9<br \/>\ntenant r\u00e9ellement un outil, vous ne pourrez pas dire avec certitude<br \/>\nquelles esp\u00e8ces fabriquent quels assemblages d\u2019outils en<br \/>\npierre.\u00a0\u00bb<\/p>\n<p class=\"whitespace-normal break-words\">Cette incertitude ouvre<br \/>\ndes perspectives vertigineuses. Si les Paranthropus<br \/>\n\u00e9taient effectivement capables de tels comportements, cela<br \/>\nsignifierait que l\u2019intelligence technique avanc\u00e9e n\u2019\u00e9tait pas<br \/>\nl\u2019apanage exclusif de la lign\u00e9e menant \u00e0 Homo sapiens,<br \/>\nmais qu\u2019elle existait parall\u00e8lement dans plusieurs branches de<br \/>\nnotre arbre \u00e9volutif.<\/p>\n<p><img loading=\"lazy\" data-lazyloaded=\"1\" decoding=\"async\" class=\"size-full wp-image-314702\" src=\"https:\/\/www.europesays.com\/fr\/wp-content\/uploads\/2025\/09\/YkvrgmRJ2rsE57aLwUSpGL-970-80.png.webp.webp\" alt=\"Paranthropus outils anc\u00eatres\" width=\"970\" height=\"546\"  data-\/><br \/>\nCes outils en pierre \u00e9taient fabriqu\u00e9s \u00e0 partir d\u2019une vari\u00e9t\u00e9 de<br \/>\nmat\u00e9riaux qui ne pouvaient pas \u00eatre trouv\u00e9s localement. Cr\u00e9dit<br \/>\nimage : EM Finestone, JS Oliver, Projet de pal\u00e9oanthropologie de la<br \/>\np\u00e9ninsule de HomaRepenser<br \/>\nnotre h\u00e9ritage technologique<\/p>\n<p class=\"whitespace-normal break-words\">Ces r\u00e9v\u00e9lations, publi\u00e9es<br \/>\ndans <a class=\"hawk-link-parsed\" href=\"http:\/\/dx.doi.org\/10.1126\/sciadv.adu5838\" target=\"_blank\" rel=\"noopener nofollow\" data-analytics-id=\"inline-link\" data-url=\"http:\/\/dx.doi.org\/10.1126\/sciadv.adu5838\" data-hl-processed=\"none\" data-mrf-recirculation=\"[Livescience] Article - Inline Link\" data-mrf-link=\"http:\/\/dx.doi.org\/10.1126\/sciadv.adu5838\" data-custom-tracking-id=\"1179745423464500107\" data-hawk-tracked=\"hawklinks\" data-google-interstitial=\"false\" data-label=\"Science Advances\">Science<br \/>\nAdvances<\/a>, nous invitent \u00e0 reconsid\u00e9rer<br \/>\nfondamentalement notre relation \u00e0 la technologie. Comme le souligne<br \/>\nEmma Finestone, \u00ab\u00a0les humains ont toujours eu recours \u00e0<br \/>\ndes outils pour r\u00e9soudre leurs probl\u00e8mes d\u2019adaptation\u00ab\u00a0.<br \/>\nComprendre les origines de cette relation symbiotique entre<br \/>\nl\u2019humanit\u00e9 et la technologie devient crucial, particuli\u00e8rement dans<br \/>\nnotre monde contemporain fa\u00e7onn\u00e9 par l\u2019innovation<br \/>\ntechnologique.<\/p>\n","protected":false},"excerpt":{"rendered":"Une \u00e9quipe de chercheurs vient de faire une d\u00e9couverte qui remet en question nos certitudes les plus ancr\u00e9es&hellip;\n","protected":false},"author":2,"featured_media":370519,"comment_status":"","ping_status":"","sticky":false,"template":"","format":"standard","meta":{"footnotes":""},"categories":[7],"tags":[1011,27,43,40,41,39,42,44],"class_list":{"0":"post-370518","1":"post","2":"type-post","3":"status-publish","4":"format-standard","5":"has-post-thumbnail","7":"category-sciences-et-technologies","8":"tag-fr","9":"tag-france","10":"tag-science","11":"tag-science-and-technology","12":"tag-sciences","13":"tag-sciences-et-technologies","14":"tag-technologies","15":"tag-technology"},"share_on_mastodon":{"url":"https:\/\/pubeurope.com\/@fr\/115157144040729083","error":""},"_links":{"self":[{"href":"https:\/\/www.europesays.com\/fr\/wp-json\/wp\/v2\/posts\/370518","targetHints":{"allow":["GET"]}}],"collection":[{"href":"https:\/\/www.europesays.com\/fr\/wp-json\/wp\/v2\/posts"}],"about":[{"href":"https:\/\/www.europesays.com\/fr\/wp-json\/wp\/v2\/types\/post"}],"author":[{"embeddable":true,"href":"https:\/\/www.europesays.com\/fr\/wp-json\/wp\/v2\/users\/2"}],"replies":[{"embeddable":true,"href":"https:\/\/www.europesays.com\/fr\/wp-json\/wp\/v2\/comments?post=370518"}],"version-history":[{"count":0,"href":"https:\/\/www.europesays.com\/fr\/wp-json\/wp\/v2\/posts\/370518\/revisions"}],"wp:featuredmedia":[{"embeddable":true,"href":"https:\/\/www.europesays.com\/fr\/wp-json\/wp\/v2\/media\/370519"}],"wp:attachment":[{"href":"https:\/\/www.europesays.com\/fr\/wp-json\/wp\/v2\/media?parent=370518"}],"wp:term":[{"taxonomy":"category","embeddable":true,"href":"https:\/\/www.europesays.com\/fr\/wp-json\/wp\/v2\/categories?post=370518"},{"taxonomy":"post_tag","embeddable":true,"href":"https:\/\/www.europesays.com\/fr\/wp-json\/wp\/v2\/tags?post=370518"}],"curies":[{"name":"wp","href":"https:\/\/api.w.org\/{rel}","templated":true}]}}