{"id":370523,"date":"2025-09-06T11:37:12","date_gmt":"2025-09-06T11:37:12","guid":{"rendered":"https:\/\/www.europesays.com\/fr\/370523\/"},"modified":"2025-09-06T11:37:12","modified_gmt":"2025-09-06T11:37:12","slug":"dissolution-ou-demission-de-macron-les-francais-ont-une-preference-en-cas-de-chute-de-bayrou","status":"publish","type":"post","link":"https:\/\/www.europesays.com\/fr\/370523\/","title":{"rendered":"Dissolution ou d\u00e9mission de Macron ? Les Fran\u00e7ais ont une pr\u00e9f\u00e9rence en cas de chute de Bayrou"},"content":{"rendered":"<p class=\"mb-4 text-lg md:leading-8 break-words\">POLITIQUE &#8211; Jacques a dit&#8230;\u00a0? Au jeu des pronostics sur l\u2019apr\u00e8s <a href=\"https:\/\/fr.news.yahoo.com\/c-chant-cygne-bayrou-fait-040015329.html\" data-ylk=\"slk:Fran\u00e7ois Bayrou;elm:context_link;itc:0;sec:content-canvas;outcm:mb_qualified_link;_E:mb_qualified_link;ct:story;\" class=\"link  yahoo-link\" target=\"_blank\" rel=\"noopener\">Fran\u00e7ois Bayrou<\/a>, les Fran\u00e7ais ont un avis plut\u00f4t tranch\u00e9. En sollicitant un vote de confiance \u00e0 <a href=\"https:\/\/fr.news.yahoo.com\/chute-annonc%C3%A9e-fran%C3%A7ois-bayrou-course-040011568.html\" data-ylk=\"slk:l\u2019Assembl\u00e9e nationale;elm:context_link;itc:0;sec:content-canvas;outcm:mb_qualified_link;_E:mb_qualified_link;ct:story;\" class=\"link  yahoo-link\" target=\"_blank\" rel=\"noopener\">l\u2019Assembl\u00e9e nationale<\/a>, ce lundi 8\u00a0septembre, le Premier ministre a scell\u00e9 <a href=\"https:\/\/fr.news.yahoo.com\/popularit%C3%A9-macron-bayrou-remonte-avant-163359679.html\" data-ylk=\"slk:le funeste destin de son gouvernement;elm:context_link;itc:0;sec:content-canvas;outcm:mb_qualified_link;_E:mb_qualified_link;ct:story;\" class=\"link  yahoo-link\" target=\"_blank\" rel=\"noopener\">le funeste destin de son gouvernement<\/a>. La gauche et le RN ayant annonc\u00e9 qu\u2019ils voteront contre, le B\u00e9arnais a toutes les chances de faire ses cartons dans les jours qui viennent.<\/p>\n<p class=\"mb-4 text-lg md:leading-8 break-words\">Une bonne chose aux yeux de la majorit\u00e9 des Fran\u00e7ais, comme le montrent les r\u00e9sultats de notre sondage Yougov pour Le HuffPost*. Ils sont pr\u00e8s de 60\u00a0% \u00e0 se prononcer en faveur d\u2019un vote de d\u00e9fiance et engager ainsi Fran\u00e7ois Bayrou \u00e0 quitter Matignon. Une d\u00e9cision, sans surprise, particuli\u00e8rement pouss\u00e9e par les \u00e9lecteurs du RN comme ceux de la gauche. En revanche, <a href=\"https:\/\/fr.news.yahoo.com\/laurent-wauquiez-ouvre-porte-%C3%A0-082757868.html\" data-ylk=\"slk:dans l\u2019\u00e9lectorat des R\u00e9publicains;elm:context_link;itc:0;sec:content-canvas;outcm:mb_qualified_link;_E:mb_qualified_link;ct:story;\" class=\"link  yahoo-link\" target=\"_blank\" rel=\"noopener\">dans l\u2019\u00e9lectorat des R\u00e9publicains<\/a>, o\u00f9 l\u2019id\u00e9e d\u2019un blanc-seing au chef du gouvernement ne fait pas consensus, l\u2019\u00e9quation est plus d\u00e9licate. S\u2019ils sont 49\u00a0% \u00e0 se prononcer contre la confiance, ils ne sont que 36\u00a0% \u00e0 vouloir garder le Premier ministre.<\/p>\n<p class=\"mb-4 text-lg md:leading-8 break-words\"><a href=\"https:\/\/fr.news.yahoo.com\/c-chant-cygne-bayrou-fait-040015329.html\" data-ylk=\"slk:\u00ab\u00a0C\u2019est le chant du cygne\u00a0\u00bb\u00a0: Bayrou fait une interview par jour et un communicant analyse cette strat\u00e9gie;elm:context_link;itc:0;sec:content-canvas;outcm:mb_qualified_link;_E:mb_qualified_link;ct:story;\" class=\"link  yahoo-link\" target=\"_blank\" rel=\"noopener\"> \u00ab\u00a0C\u2019est le chant du cygne\u00a0\u00bb\u00a0: Bayrou fait une interview par jour et un communicant analyse cette strat\u00e9gie <\/a><\/p>\n<p class=\"mb-4 text-lg md:leading-8 break-words\">Pire peut-\u00eatre, ce sondage confirme que loin de ne concerner que Fran\u00e7ois Bayrou et son budget, l\u2019onde de choc de la crise politique actuelle atteint avec force l\u2019\u00c9lys\u00e9e. \u00c0 l\u2019image des partisans de droite qui ne soutiennent pas plus Emmanuel Macron que son Premier ministre. Alors que des t\u00e9nors de ce camp &#8211; Val\u00e9rie P\u00e9cresse, David Lisnard, Jean-Fran\u00e7ois Cop\u00e9 &#8211; ont os\u00e9 \u00e9voquer plus franchement l\u2019hypoth\u00e8se d\u2019une d\u00e9mission d\u2019Emmanuel Macron apr\u00e8s la chute de l\u2019ex\u00e9cutif, l\u2019id\u00e9e fait son chemin au sein de leur \u00e9lectoral. Comme chez le reste des Fran\u00e7ais.<\/p>\n<p>La majorit\u00e9 des Fran\u00e7ais souhaitent une d\u00e9mission de Macron<\/p>\n<p class=\"mb-4 text-lg md:leading-8 break-words\">Selon notre sondage Yougov, 58\u00a0% des Fran\u00e7ais estiment que le pr\u00e9sident devra partir si le gouvernement de Fran\u00e7ois Bayrou chute. Dont 87\u00a0% des \u00e9lecteurs du RN, 57\u00a0% des \u00e9lecteurs de gauche, et 48\u00a0% des partisans de LR. Il n\u2019y a d\u00e9sormais plus que les partisans du parti pr\u00e9sidentiel pour d\u00e9fendre l\u2019ex\u00e9cutif<\/p>\n<p class=\"mb-4 text-lg md:leading-8 break-words\">L\u2019option de la d\u00e9mission appara\u00eet ainsi plus populaire qu\u2019une nouvelle dissolution puisque 54\u00a0% des Fran\u00e7ais r\u00e9clament de nouvelles \u00e9lections l\u00e9gislatives apr\u00e8s le vote de confiance. Une d\u00e9cision politique particuli\u00e8rement sollicit\u00e9e par les \u00e9lecteurs lep\u00e9nistes et LR, quand les partisans socialistes font quasiment jeu \u00e9gal (50\u00a0% contre la dissolution, 49\u00a0% pour). Qu\u2019il s\u2019agisse de la d\u00e9mission ou de la dissolution, les \u00e9lecteurs macronistes y sont largement oppos\u00e9s.<\/p>\n<p class=\"mb-4 text-lg md:leading-8 break-words\">Dans cette configuration, difficile d\u2019analyser les choix des Fran\u00e7ais quand il s\u2019agit d\u2019\u00e9voquer le nom du prochain Premier ministre. Ils sont autant \u00e0 pl\u00e9bisciter pour ce poste une personnalit\u00e9 issue du Rassemblement national (30\u00a0%) qu\u2019\u00e0 ne pas avoir d\u2019avis sur la question (29\u00a0%). Le parti socialiste s\u2019installe sur la troisi\u00e8me marche &#8211; \u00e0 15\u00a0% &#8211; quand les autres formations oscillent entre 5\u00a0et 7\u00a0%. Un casse-t\u00eate qu\u2019il reviendra &#8211; a priori &#8211; \u00e0 Emmanuel Macron de trancher, avec un autre chiffre \u00e9minent \u00e0 la clef\u00a0: il s\u2019agira du neuvi\u00e8me Premier ministre en dix ans.<\/p>\n<p><a data-ylk=\"ct:story;elm:img;itc:0;\" class=\"stretched-box\" href=\"https:\/\/business.yougov.com\/fr?utm_medium=organic_press&amp;utm_source=HuffPost&amp;utm_campaign=Press-2024-02-FR-HuffPost\" rel=\"noopener noreferrer nofollow\" target=\"_blank\"><img alt=\"banniere yougov\" loading=\"lazy\" width=\"960\" height=\"539\" decoding=\"async\" data-nimg=\"1\" class=\"rounded-lg\" style=\"color:transparent\" src=\"https:\/\/www.europesays.com\/fr\/wp-content\/uploads\/2025\/09\/31b13270fc13d3b4eadbf2b4eb22b95c.jpeg\"\/><\/a><\/p>\n<p>banniere yougov<\/p>\n<p class=\"mb-4 text-lg md:leading-8 break-words\">*Sondage r\u00e9alis\u00e9 sur 1\u00a0019 personnes repr\u00e9sentatives de la population nationale fran\u00e7aise \u00e2g\u00e9e de 18\u00a0ans et plus entre le 1er et le 3\u00a0septembre\u00a02025<\/p>\n<p class=\"mb-4 text-lg md:leading-8 break-words\"><a href=\"https:\/\/fr.news.yahoo.com\/avant-10-septembre-retailleau-t-113014221.html\" data-ylk=\"slk:Avant le 10 septembre, Retailleau a-t-il vraiment interdit les journalistes en manifestation\u00a0?;elm:context_link;itc:0;sec:content-canvas;outcm:mb_qualified_link;_E:mb_qualified_link;ct:story;\" class=\"link  yahoo-link\" target=\"_blank\" rel=\"noopener\"> Avant le 10 septembre, Retailleau a-t-il vraiment interdit les journalistes en manifestation\u00a0? <\/a><\/p>\n<p class=\"mb-4 text-lg md:leading-8 break-words\"><a href=\"https:\/\/fr.news.yahoo.com\/d%C3%A9put%C3%A9e-lfi-sophia-chikirou-affirme-072622353.html\" data-ylk=\"slk:La d\u00e9put\u00e9e LFI Sophia Chikirou affirme (sans ciller) que la Chine n\u2019est pas une dictature;elm:context_link;itc:0;sec:content-canvas;outcm:mb_qualified_link;_E:mb_qualified_link;ct:story;\" class=\"link  yahoo-link\" target=\"_blank\" rel=\"noopener\"> La d\u00e9put\u00e9e LFI Sophia Chikirou affirme (sans ciller) que la Chine n\u2019est pas une dictature <\/a><\/p>\n","protected":false},"excerpt":{"rendered":"POLITIQUE &#8211; Jacques a dit&#8230;\u00a0? Au jeu des pronostics sur l\u2019apr\u00e8s Fran\u00e7ois Bayrou, les Fran\u00e7ais ont un avis&hellip;\n","protected":false},"author":2,"featured_media":370524,"comment_status":"","ping_status":"","sticky":false,"template":"","format":"standard","meta":{"footnotes":""},"categories":[4],"tags":[11,1073,1011,3844,27,431,12,3363,25,49393],"class_list":{"0":"post-370523","1":"post","2":"type-post","3":"status-publish","4":"format-standard","5":"has-post-thumbnail","7":"category-france","8":"tag-actualites","9":"tag-emmanuel-macron","10":"tag-fr","11":"tag-francais","12":"tag-france","13":"tag-francois-bayrou","14":"tag-news","15":"tag-premier-ministre","16":"tag-republique-francaise","17":"tag-vote-de-confiance"},"share_on_mastodon":{"url":"https:\/\/pubeurope.com\/@fr\/115157155529830714","error":""},"_links":{"self":[{"href":"https:\/\/www.europesays.com\/fr\/wp-json\/wp\/v2\/posts\/370523","targetHints":{"allow":["GET"]}}],"collection":[{"href":"https:\/\/www.europesays.com\/fr\/wp-json\/wp\/v2\/posts"}],"about":[{"href":"https:\/\/www.europesays.com\/fr\/wp-json\/wp\/v2\/types\/post"}],"author":[{"embeddable":true,"href":"https:\/\/www.europesays.com\/fr\/wp-json\/wp\/v2\/users\/2"}],"replies":[{"embeddable":true,"href":"https:\/\/www.europesays.com\/fr\/wp-json\/wp\/v2\/comments?post=370523"}],"version-history":[{"count":0,"href":"https:\/\/www.europesays.com\/fr\/wp-json\/wp\/v2\/posts\/370523\/revisions"}],"wp:featuredmedia":[{"embeddable":true,"href":"https:\/\/www.europesays.com\/fr\/wp-json\/wp\/v2\/media\/370524"}],"wp:attachment":[{"href":"https:\/\/www.europesays.com\/fr\/wp-json\/wp\/v2\/media?parent=370523"}],"wp:term":[{"taxonomy":"category","embeddable":true,"href":"https:\/\/www.europesays.com\/fr\/wp-json\/wp\/v2\/categories?post=370523"},{"taxonomy":"post_tag","embeddable":true,"href":"https:\/\/www.europesays.com\/fr\/wp-json\/wp\/v2\/tags?post=370523"}],"curies":[{"name":"wp","href":"https:\/\/api.w.org\/{rel}","templated":true}]}}