{"id":370525,"date":"2025-09-06T11:38:12","date_gmt":"2025-09-06T11:38:12","guid":{"rendered":"https:\/\/www.europesays.com\/fr\/370525\/"},"modified":"2025-09-06T11:38:12","modified_gmt":"2025-09-06T11:38:12","slug":"alain-fabien-delon-decide-de-changer-didentite-son-nouveau-nom-qui-en-dit-long","status":"publish","type":"post","link":"https:\/\/www.europesays.com\/fr\/370525\/","title":{"rendered":"Alain-Fabien Delon d\u00e9cide de changer d&rsquo;identit\u00e9 : son nouveau nom qui en dit long"},"content":{"rendered":"<p>Le clan Delon est \u00e0 nouveau sous les feux des projecteurs. La famille ne semble toujours pas naviguer sur un long fleuve tranquille, car l&rsquo;accord sur la <strong>succession d\u2019Alain Delon<\/strong>, disparu en <strong>ao\u00fbt 2024<\/strong>, est loin d&rsquo;\u00eatre trouv\u00e9. En effet, de nouveaux rebondissements viennent secouer les <strong>\u00e9quilibres fragiles<\/strong>. Au c\u0153ur de cette temp\u00eate : Alain-Fabien Delon, le plus jeune de la fratrie, qui n\u2019h\u00e9site pas \u00e0 bousculer l\u2019ordre \u00e9tabli.<\/p>\n<p>En plus de <strong><a href=\"https:\/\/www.instagram.com\/p\/CWBpfw3KD8s\/?hl=fr&amp;img_index=1\" target=\"_blank\" rel=\"noopener\">contester les testaments de son p\u00e8re<\/a><\/strong> devant la justice, il a officialis\u00e9 en parall\u00e8le un choix radical : il change d&rsquo;identit\u00e9. Cela en dit long sur sa <strong>vision de la famille et de l&rsquo;h\u00e9ritage.<\/strong><\/p>\n<p>Un nom difficile \u00e0 porter pour Alain-Fabien Delon<\/p>\n<p>D\u2019apr\u00e8s Paris Match, lors d\u2019une r\u00e9union organis\u00e9e pour tenter d\u2019apaiser les tensions familiales, <a href=\"https:\/\/www.public.fr\/alain-fabien-delon-hante-par-les-violences-conjugales-de-son-pere-ma-mere-il-lui-a-pete-deux-fois-le-nez-et-huit-cotes\" target=\"_blank\" rel=\"noopener\">Alain-Fabien Delon <\/a>a r\u00e9v\u00e9l\u00e9 son <strong>souhait de porter un nouveau nom<\/strong>. Et pas n\u2019importe lequel : <strong>Alain Delon Jr<\/strong>. Une mani\u00e8re claire d\u2019affirmer sa place dans la lign\u00e9e&#8230;<\/p>\n<p>Et Alain-Fabien Delon n&rsquo;a pas tard\u00e9 \u00e0 mettre \u00e0 jour ses r\u00e9seaux. Par exemple, en jetant un coup d\u2019\u0153il \u00e0 son compte Instagram, sa biographie est d\u00e9j\u00e0 mise \u00e0 jour. Le <strong>patronyme figure noir sur blanc<\/strong>. Un geste symbolique qui ne passe \u00e9videmment pas inaper\u00e7u aupr\u00e8s de la fratrie surtout que le <strong>contexte est tendu<\/strong>. En effet, ce n&rsquo;est pas un simple d\u00e9tail, ce choix est lourd de sens, car il semble vouloir <strong>revendiquer son h\u00e9ritage au sens large<\/strong>.<\/p>\n<p>Pour rappel, Alain-Fabien Delon avait d\u00e9j\u00e0 <strong>justifi\u00e9 sa contestation des testaments<\/strong> non pas pour une question d\u2019argent, mais pour avoir son mot \u00e0 dire sur les <strong>futurs projets li\u00e9s \u00e0 la m\u00e9moire d\u2019Alain Delon<\/strong>. En s\u2019appropriant ce nouveau nom, il franchit une \u00e9tape suppl\u00e9mentaire dans cette d\u00e9marche.<\/p>\n<p>Alain-Fabien Delon et sa famille dans un contexte explosif autour de la succession<\/p>\n<p>Les relations au sein de la fratrie sont toujours particuli\u00e8rement tendues. Anouchka et<a href=\"https:\/\/www.public.fr\/anthony-delon-furax-a-douchy-il-tacle-une-troupe-delus\" target=\"_blank\" rel=\"noopener\"> Anthony Delon,<\/a> qui pensaient l\u2019affaire r\u00e9gl\u00e9e, se retrouvent \u00e0 nouveau plong\u00e9s dans une <strong>incompr\u00e9hension totale<\/strong>. Une source confiait r\u00e9cemment \u00e0 Voici : \u00ab Sa<strong> contestation des testaments est incompr\u00e9hensible<\/strong>, d\u2019autant que la sortie de son prochain livre n\u2019y est sans doute pas \u00e9trang\u00e8re \u00bb.<\/p>\n<p>En effet, Alain-Fabien Delon pr\u00e9pare la publication de son ouvrage <strong>La personne de confiance<\/strong>, pr\u00e9vu en novembre chez Flammarion. Certains y voient une co\u00efncidence, d\u2019autres une strat\u00e9gie. Mais, le timing fait beaucoup parler. Une chose est s\u00fbre, le<strong> papa de la petite Romy,<\/strong> n\u00e9e de sa relation avec le mannequin Laura Bensadoun, semble avoir une d\u00e9termination sans faille pour tracer sa propre route.<\/p>\n<p>      Mentionn\u00e9s dans cet article<\/p>\n<p>      Sur le m\u00eame sujet<\/p>\n<p>  <script async src=\"\/\/www.instagram.com\/embed.js\"><\/script><\/p>\n","protected":false},"excerpt":{"rendered":"Le clan Delon est \u00e0 nouveau sous les feux des projecteurs. La famille ne semble toujours pas naviguer&hellip;\n","protected":false},"author":2,"featured_media":370526,"comment_status":"","ping_status":"","sticky":false,"template":"","format":"standard","meta":{"footnotes":""},"categories":[2],"tags":[11,5960,15944,19718,22608,1011,27,12],"class_list":{"0":"post-370525","1":"post","2":"type-post","3":"status-publish","4":"format-standard","5":"has-post-thumbnail","7":"category-actualites","8":"tag-actualites","9":"tag-alain-delon","10":"tag-alain-fabien-delon","11":"tag-anouchka-delon","12":"tag-anthony-delon","13":"tag-fr","14":"tag-france","15":"tag-news"},"share_on_mastodon":{"url":"https:\/\/pubeurope.com\/@fr\/115157159364811687","error":""},"_links":{"self":[{"href":"https:\/\/www.europesays.com\/fr\/wp-json\/wp\/v2\/posts\/370525","targetHints":{"allow":["GET"]}}],"collection":[{"href":"https:\/\/www.europesays.com\/fr\/wp-json\/wp\/v2\/posts"}],"about":[{"href":"https:\/\/www.europesays.com\/fr\/wp-json\/wp\/v2\/types\/post"}],"author":[{"embeddable":true,"href":"https:\/\/www.europesays.com\/fr\/wp-json\/wp\/v2\/users\/2"}],"replies":[{"embeddable":true,"href":"https:\/\/www.europesays.com\/fr\/wp-json\/wp\/v2\/comments?post=370525"}],"version-history":[{"count":0,"href":"https:\/\/www.europesays.com\/fr\/wp-json\/wp\/v2\/posts\/370525\/revisions"}],"wp:featuredmedia":[{"embeddable":true,"href":"https:\/\/www.europesays.com\/fr\/wp-json\/wp\/v2\/media\/370526"}],"wp:attachment":[{"href":"https:\/\/www.europesays.com\/fr\/wp-json\/wp\/v2\/media?parent=370525"}],"wp:term":[{"taxonomy":"category","embeddable":true,"href":"https:\/\/www.europesays.com\/fr\/wp-json\/wp\/v2\/categories?post=370525"},{"taxonomy":"post_tag","embeddable":true,"href":"https:\/\/www.europesays.com\/fr\/wp-json\/wp\/v2\/tags?post=370525"}],"curies":[{"name":"wp","href":"https:\/\/api.w.org\/{rel}","templated":true}]}}