{"id":370527,"date":"2025-09-06T11:39:11","date_gmt":"2025-09-06T11:39:11","guid":{"rendered":"https:\/\/www.europesays.com\/fr\/370527\/"},"modified":"2025-09-06T11:39:11","modified_gmt":"2025-09-06T11:39:11","slug":"loire-operation-commando-pour-tremplin-42-qui-doit-se-trouver-de-nouveaux-clients","status":"publish","type":"post","link":"https:\/\/www.europesays.com\/fr\/370527\/","title":{"rendered":"Loire. Op\u00e9ration commando pour Tremplin 42 qui doit se trouver de nouveaux clients"},"content":{"rendered":"<p>\u00ab Nous avons sonn\u00e9 le branle-bas de combat, nous avons mobilis\u00e9 nos administrateurs qui, pour la plupart, disposent d\u2019un r\u00e9seau important et nous avons r\u00e9alis\u00e9 une campagne de communication aupr\u00e8s de nos clients afin qu\u2019ils fassent fonctionner le bouche-\u00e0-oreille et qu\u2019ils connaissent mieux l\u2019ensemble de nos services. Nous commen\u00e7ons \u00e0 en r\u00e9colter les fruits\u00a0\u00bb, souffle Andr\u00e9 Luquet.<\/p>\n<p>L\u2019ex-patron embl\u00e9matique de la Foire de Saint-\u00c9tienne et de l\u2019association du Parc Expo (qu\u2019il a quitt\u00e9 en 2016 apr\u00e8s 28 ann\u00e9es \u00e0 sa t\u00eate) pr\u00e9side depuis quelques mois Tremplin 42, structure d\u2019insertion par l\u2019activit\u00e9 \u00e9conomique (IAE) cr\u00e9\u00e9e il y a pr\u00e8s de 40 ans et dont il \u00e9tait&#8230;<\/p>\n","protected":false},"excerpt":{"rendered":"\u00ab Nous avons sonn\u00e9 le branle-bas de combat, nous avons mobilis\u00e9 nos administrateurs qui, pour la plupart, disposent&hellip;\n","protected":false},"author":2,"featured_media":370528,"comment_status":"","ping_status":"","sticky":false,"template":"","format":"standard","meta":{"footnotes":""},"categories":[9653],"tags":[1111,11,2430,33,7539,1777,674,1011,27,3367,12,25,4001,7538],"class_list":{"0":"post-370527","1":"post","2":"type-post","3":"status-publish","4":"format-standard","5":"has-post-thumbnail","7":"category-saint-etienne","8":"tag-actu","9":"tag-actualites","10":"tag-auvergne-rhone-alpes","11":"tag-economie","12":"tag-edition-loire-sud","13":"tag-eu","14":"tag-europe","15":"tag-fr","16":"tag-france","17":"tag-loire","18":"tag-news","19":"tag-republique-francaise","20":"tag-saint-etienne","21":"tag-saint-etienne-ville"},"share_on_mastodon":{"url":"https:\/\/pubeurope.com\/@fr\/115157163271282788","error":""},"_links":{"self":[{"href":"https:\/\/www.europesays.com\/fr\/wp-json\/wp\/v2\/posts\/370527","targetHints":{"allow":["GET"]}}],"collection":[{"href":"https:\/\/www.europesays.com\/fr\/wp-json\/wp\/v2\/posts"}],"about":[{"href":"https:\/\/www.europesays.com\/fr\/wp-json\/wp\/v2\/types\/post"}],"author":[{"embeddable":true,"href":"https:\/\/www.europesays.com\/fr\/wp-json\/wp\/v2\/users\/2"}],"replies":[{"embeddable":true,"href":"https:\/\/www.europesays.com\/fr\/wp-json\/wp\/v2\/comments?post=370527"}],"version-history":[{"count":0,"href":"https:\/\/www.europesays.com\/fr\/wp-json\/wp\/v2\/posts\/370527\/revisions"}],"wp:featuredmedia":[{"embeddable":true,"href":"https:\/\/www.europesays.com\/fr\/wp-json\/wp\/v2\/media\/370528"}],"wp:attachment":[{"href":"https:\/\/www.europesays.com\/fr\/wp-json\/wp\/v2\/media?parent=370527"}],"wp:term":[{"taxonomy":"category","embeddable":true,"href":"https:\/\/www.europesays.com\/fr\/wp-json\/wp\/v2\/categories?post=370527"},{"taxonomy":"post_tag","embeddable":true,"href":"https:\/\/www.europesays.com\/fr\/wp-json\/wp\/v2\/tags?post=370527"}],"curies":[{"name":"wp","href":"https:\/\/api.w.org\/{rel}","templated":true}]}}