{"id":370535,"date":"2025-09-06T11:44:10","date_gmt":"2025-09-06T11:44:10","guid":{"rendered":"https:\/\/www.europesays.com\/fr\/370535\/"},"modified":"2025-09-06T11:44:10","modified_gmt":"2025-09-06T11:44:10","slug":"lautopsie-conclut-a-une-mort-par-noyade","status":"publish","type":"post","link":"https:\/\/www.europesays.com\/fr\/370535\/","title":{"rendered":"l&rsquo;autopsie conclut \u00e0 une mort par noyade"},"content":{"rendered":"<p>Le policier, retrouv\u00e9 mort dans l&rsquo;anse de Magaud avec les pieds et mains li\u00e9s \u00e0 Toulon, est mort par noyade, r\u00e9v\u00e8le une autopsie r\u00e9alis\u00e9e ce vendredi 5 septembre.<\/p>\n<p>L&rsquo;autopsie du <a href=\"https:\/\/www.bfmtv.com\/var\/un-policier-retrouve-mort-avec-les-pieds-et-mains-entraves-a-toulon-la-these-du-suicide-privilegiee_AN-202509030542.html\" title=\"Un policier retrouv\u00e9 mort avec les pieds et mains entrav\u00e9s \u00e0 Toulon, la th\u00e8se du suicide privil\u00e9gi\u00e9e par le procureur\" class=\"internal_link\" rel=\"nofollow noopener\" target=\"_blank\">policier retrouv\u00e9 mort dans l&rsquo;anse de Magaud<\/a> \u00e0 Toulon a \u00e9t\u00e9 conduite ce vendredi 5 septembre. Les r\u00e9sultats indiquent que la victime est morte \u00e0 la suite d&rsquo;une noyade sans l&rsquo;intervention d&rsquo;un tiers, a appris BFM Toulon Var par le procureur.<\/p>\n<p>Les autres investigations effectu\u00e9es depuis mercredi corroborent l&rsquo;hypoth\u00e8se du suicide alors que la victime a \u00e9t\u00e9 retrouv\u00e9e pieds et mains li\u00e9s. L&rsquo;homme portait une cagoule sur la t\u00eate lorsque son corps a \u00e9t\u00e9 retrouv\u00e9.<\/p>\n<p>Affect\u00e9 \u00e0 l&rsquo;Office anti-stup\u00e9fiants de Nanterre, cet homme \u00e9tait originaire de l&rsquo;aire toulonnaise. Une enqu\u00eate en recherche des causes de la mort a \u00e9t\u00e9 ouverte et confi\u00e9e \u00e0 la Direction interd\u00e9partementale de la police nationale du Var.<\/p>\n<p class=\"encadre_text\">3114: le num\u00e9ro national de pr\u00e9vention du suicide<\/p>\n<p>Le 3114 est le num\u00e9ro \u00e0 contacter si vous \u00eates en d\u00e9tresse psychique ou si vous avez des id\u00e9es suicidaires. Vous pouvez \u00e9galement le contacter si un de vos proches est dans ce cas. Il propose une \u00e9coute avec des professionnels de sant\u00e9 sp\u00e9cialement form\u00e9s, et est disponible sept jours sur sept, 24 heures sur 24.<\/p>\n","protected":false},"excerpt":{"rendered":"Le policier, retrouv\u00e9 mort dans l&rsquo;anse de Magaud avec les pieds et mains li\u00e9s \u00e0 Toulon, est mort&hellip;\n","protected":false},"author":2,"featured_media":138892,"comment_status":"","ping_status":"","sticky":false,"template":"","format":"standard","meta":{"footnotes":""},"categories":[9619],"tags":[1111,11,1777,674,1011,27,12,882,25,2310],"class_list":{"0":"post-370535","1":"post","2":"type-post","3":"status-publish","4":"format-standard","5":"has-post-thumbnail","7":"category-toulon","8":"tag-actu","9":"tag-actualites","10":"tag-eu","11":"tag-europe","12":"tag-fr","13":"tag-france","14":"tag-news","15":"tag-provence-alpes-cote-dazur","16":"tag-republique-francaise","17":"tag-toulon"},"share_on_mastodon":{"url":"https:\/\/pubeurope.com\/@fr\/115157182981123376","error":""},"_links":{"self":[{"href":"https:\/\/www.europesays.com\/fr\/wp-json\/wp\/v2\/posts\/370535","targetHints":{"allow":["GET"]}}],"collection":[{"href":"https:\/\/www.europesays.com\/fr\/wp-json\/wp\/v2\/posts"}],"about":[{"href":"https:\/\/www.europesays.com\/fr\/wp-json\/wp\/v2\/types\/post"}],"author":[{"embeddable":true,"href":"https:\/\/www.europesays.com\/fr\/wp-json\/wp\/v2\/users\/2"}],"replies":[{"embeddable":true,"href":"https:\/\/www.europesays.com\/fr\/wp-json\/wp\/v2\/comments?post=370535"}],"version-history":[{"count":0,"href":"https:\/\/www.europesays.com\/fr\/wp-json\/wp\/v2\/posts\/370535\/revisions"}],"wp:featuredmedia":[{"embeddable":true,"href":"https:\/\/www.europesays.com\/fr\/wp-json\/wp\/v2\/media\/138892"}],"wp:attachment":[{"href":"https:\/\/www.europesays.com\/fr\/wp-json\/wp\/v2\/media?parent=370535"}],"wp:term":[{"taxonomy":"category","embeddable":true,"href":"https:\/\/www.europesays.com\/fr\/wp-json\/wp\/v2\/categories?post=370535"},{"taxonomy":"post_tag","embeddable":true,"href":"https:\/\/www.europesays.com\/fr\/wp-json\/wp\/v2\/tags?post=370535"}],"curies":[{"name":"wp","href":"https:\/\/api.w.org\/{rel}","templated":true}]}}