{"id":370538,"date":"2025-09-06T11:46:16","date_gmt":"2025-09-06T11:46:16","guid":{"rendered":"https:\/\/www.europesays.com\/fr\/370538\/"},"modified":"2025-09-06T11:46:16","modified_gmt":"2025-09-06T11:46:16","slug":"antigone-des-associations-les-animations-sur-le-podium-de-la-place-de-leurope-ce-dimanche","status":"publish","type":"post","link":"https:\/\/www.europesays.com\/fr\/370538\/","title":{"rendered":"Antigone des associations\u00a0: les animations sur le podium de la place de l\u2019Europe ce dimanche"},"content":{"rendered":"<p>\n                                                                L\u2019Antigone des associations se d\u00e9roule ce dimanche 7\u00a0septembre de 9\u00a0h\u00a030 \u00e0 17\u00a0h\u00a030 au c\u0153ur du quartier Antigone \u00e0 Montpellier. Pr\u00e8s de 1\u00a0000 associations seront pr\u00e9sentes et certaines feront des d\u00e9monstrations place de l\u2019Europe.\n                            <\/p>\n<p>Des animations sont programm\u00e9es tout au long de la journ\u00e9e sur le podium place de l\u2019Europe. Voil\u00e0 le programme\u00a0!<\/p>\n<p>        <img decoding=\"async\" class=\"std-img__img responsive-img\" src=\"https:\/\/www.europesays.com\/fr\/wp-content\/uploads\/2025\/09\/image.webp\" alt=\"Un plan aidera \u00e0 s\u2019y retrouver parmi plus de mille associations.\"\/><\/p>\n<p>                Un plan aidera \u00e0 s\u2019y retrouver parmi plus de mille associations.<br \/>\n                                    D.R.<\/p>\n<p>Gym senior, musique tahitienne, karat\u00e9\u2026 le matin<\/p>\n<p>10\u00a0heures\u00a0: d\u00e9monstrations de gym \u00e9quilibre et m\u00e9moire senior.<br \/>10\u00a0h\u00a015\u00a0: d\u00e9monstrations de solo de danse.<br \/>10\u00a0h\u00a030\u00a0: d\u00e9monstrations artistiques Natur\u00e9za.<br \/>10\u00a0h\u00a045\u00a0: d\u00e9monstrations de chants russes, ukrainiens et tziganes.<\/p>\n<p>11\u00a0heures\u00a0: d\u00e9monstrations d\u2019Ori Tahiti et musiques tahitiennes.<br \/>11\u00a0h\u00a015\u00a0: d\u00e9monstrations de danse traditionnelle colombienne.<br \/>11\u00a0h\u00a030\u00a0: d\u00e9monstrations de taekwondo et arts martiaux cor\u00e9ens.<br \/>11\u00a0h\u00a045\u00a0: d\u00e9monstrations de karat\u00e9.<\/p>\n<blockquote data-instgrm-captioned=\"\" data-instgrm-permalink=\"https:\/\/www.instagram.com\/reel\/DNiJU8ksGF6\/?utm_source=ig_embed&amp;utm_campaign=loading\" data-instgrm-version=\"14\" style=\" background:#FFF; border:0; border-radius:3px; box-shadow:0 0 1px 0 rgba(0,0,0,0.5),0 1px 10px 0 rgba(0,0,0,0.15); margin: 1px; max-width:540px; min-width:326px; padding:0; width:99.375%; width:-webkit-calc(100% - 2px); width:calc(100% - 2px);\" data-class=\"instagram-media\"\/>\n<p>Cheeleading, escrime, danse br\u00e9silienne\u2026 l\u2019apr\u00e8s-midi<\/p>\n<p>13\u00a0h\u00a015\u00a0: d\u00e9monstrations de Cheerleading.<br \/>13\u00a0h\u00a030\u00a0: d\u00e9monstrations d\u2019escrime.<br \/>13\u00a0h\u00a045\u00a0: d\u00e9monstrations de boxe anglaise.<br \/>14\u00a0heures\u00a0: d\u00e9monstrations de boxe enfant et f\u00e9minine.<br \/>14\u00a0h\u00a015\u00a0: d\u00e9monstrations des taos de kung-fu.<br \/>14\u00a0h\u00a030\u00a0: d\u00e9monstrations de danse br\u00e9silienne et capoeira.<br \/>14\u00a0h\u00a045\u00a0: d\u00e9monstrations de MMA<br \/>15\u00a0h \u00e0 16\u00a0heures\u00a0: \u00e9changes autour de l\u2019engagement associatif et de parcours sportifs.<br \/>16\u00a0heures\u00a0: d\u00e9monstrations de chansons arm\u00e9niennes.<br \/>16\u00a0h\u00a015\u00a0: d\u00e9monstrations d\u2019a\u00efkido aux armes et \u00e0 mains nues.<br \/>16\u00a0h\u00a030\u00a0: d\u00e9monstrations de gestes qui sauvent.<br \/>16\u00a0h\u00a045\u00a0: d\u00e9monstrations de chor\u00e9graphies gymnastiques rythmiques.<\/p>\n<p>Acc\u00e8s libre et gratuit. La liste des associations pr\u00e9sentes et le plan interactif sont \u00e0 retrouver sur le <a href=\"https:\/\/antigonedesassociations.montpellier.fr\/\" target=\"_blank\" rel=\"nofollow noopener\">site internet<\/a> de l\u2019Antigone des associations.<\/p>\n<p>                                                                                                                                                                                                        <script async src=\"\/\/www.instagram.com\/embed.js\"><\/script><\/p>\n","protected":false},"excerpt":{"rendered":"L\u2019Antigone des associations se d\u00e9roule ce dimanche 7\u00a0septembre de 9\u00a0h\u00a030 \u00e0 17\u00a0h\u00a030 au c\u0153ur du quartier Antigone \u00e0&hellip;\n","protected":false},"author":2,"featured_media":370539,"comment_status":"","ping_status":"","sticky":false,"template":"","format":"standard","meta":{"footnotes":""},"categories":[9599],"tags":[1111,11,1777,674,1011,27,2208,12,2680,25],"class_list":{"0":"post-370538","1":"post","2":"type-post","3":"status-publish","4":"format-standard","5":"has-post-thumbnail","7":"category-montpellier","8":"tag-actu","9":"tag-actualites","10":"tag-eu","11":"tag-europe","12":"tag-fr","13":"tag-france","14":"tag-montpellier","15":"tag-news","16":"tag-occitanie","17":"tag-republique-francaise"},"share_on_mastodon":{"url":"https:\/\/pubeurope.com\/@fr\/115157190967078567","error":""},"_links":{"self":[{"href":"https:\/\/www.europesays.com\/fr\/wp-json\/wp\/v2\/posts\/370538","targetHints":{"allow":["GET"]}}],"collection":[{"href":"https:\/\/www.europesays.com\/fr\/wp-json\/wp\/v2\/posts"}],"about":[{"href":"https:\/\/www.europesays.com\/fr\/wp-json\/wp\/v2\/types\/post"}],"author":[{"embeddable":true,"href":"https:\/\/www.europesays.com\/fr\/wp-json\/wp\/v2\/users\/2"}],"replies":[{"embeddable":true,"href":"https:\/\/www.europesays.com\/fr\/wp-json\/wp\/v2\/comments?post=370538"}],"version-history":[{"count":0,"href":"https:\/\/www.europesays.com\/fr\/wp-json\/wp\/v2\/posts\/370538\/revisions"}],"wp:featuredmedia":[{"embeddable":true,"href":"https:\/\/www.europesays.com\/fr\/wp-json\/wp\/v2\/media\/370539"}],"wp:attachment":[{"href":"https:\/\/www.europesays.com\/fr\/wp-json\/wp\/v2\/media?parent=370538"}],"wp:term":[{"taxonomy":"category","embeddable":true,"href":"https:\/\/www.europesays.com\/fr\/wp-json\/wp\/v2\/categories?post=370538"},{"taxonomy":"post_tag","embeddable":true,"href":"https:\/\/www.europesays.com\/fr\/wp-json\/wp\/v2\/tags?post=370538"}],"curies":[{"name":"wp","href":"https:\/\/api.w.org\/{rel}","templated":true}]}}