{"id":370540,"date":"2025-09-06T11:47:11","date_gmt":"2025-09-06T11:47:11","guid":{"rendered":"https:\/\/www.europesays.com\/fr\/370540\/"},"modified":"2025-09-06T11:47:11","modified_gmt":"2025-09-06T11:47:11","slug":"pres-de-rouen-cette-aire-pour-les-camping-cars-a-fait-peau-neuve-et-ca-plait-aux-touristes","status":"publish","type":"post","link":"https:\/\/www.europesays.com\/fr\/370540\/","title":{"rendered":"Pr\u00e8s de Rouen, cette aire pour les camping-cars a fait peau neuve (et \u00e7a plait aux touristes)"},"content":{"rendered":"<p>            Par<br \/>\n        <strong><br \/>\n            <a href=\"https:\/\/actu.fr\/auteur\/isabellevilly\" title=\"Consulter tous les articles de Isabelle Villy\" target=\"_blank\" rel=\"noopener\">Isabelle Villy<\/a><br \/>\n        <\/strong><\/p>\n<p>        Publi\u00e9 le<\/p>\n<p>            6 sept. 2025 \u00e0 13h12        <\/p>\n<p>Belges, N\u00e9erlandais, Britanniques, Danois, Italiens, Espagnols\u2026 sans compter de nombreux Seinomarins\u2026 <strong>L\u2019aire de camping-cars de Montville<\/strong> pr\u00e8s de <a href=\"https:\/\/actu.fr\/normandie\/rouen_76540\" target=\"_blank\" rel=\"noopener\">Rouen<\/a> draine de nombreux touristes et vient d\u2019\u00eatre r\u00e9am\u00e9nag\u00e9e de fond en comble.<\/p>\n<p class=\" wall-content\">Une nouvelle configuration que les camping-caristes peuvent exp\u00e9rimenter depuis la mi-ao\u00fbt, date de la fin des travaux.<\/p>\n<p>Seize places mat\u00e9rialis\u00e9es<\/p>\n<p class=\" wall-content\">\u00ab J\u2019ai toujours connu cette aire de camping-cars, au moins depuis les ann\u00e9es 2000. Mais elle avait besoin d\u2019\u00eatre transform\u00e9e : aujourd\u2019hui, elle dispose de <strong>seize places bien d\u00e9limit\u00e9es<\/strong> \u00bb, d\u00e9crit la maire de Montville, Anne-Sophie Clabaut, qui insiste sur le fait que l\u2019\u00e9quipe municipale \u00e9tait d\u00e9termin\u00e9e \u00e0 ce que cette aire reste \u00e0 son emplacement initial, au c\u0153ur du bourg.<\/p>\n<p class=\" wall-content\">\u00ab On est pr\u00e8s du lac et de toutes les activit\u00e9s touristiques possibles, pr\u00e8s des commerces. C\u2019\u00e9tait important de conserver cette aire ici : on n\u2019aime pas d\u00e9localiser \u00e0 Montville \u00bb, sourit l\u2019\u00e9lue, qui constate que les touristes viennent g\u00e9n\u00e9ralement ici pour faire une \u00e9tape dans un parcours de visite de la Normandie.<\/p>\n<p>    <img   decoding=\"async\" loading=\"lazy\" class=\"size-large\" src=\"https:\/\/www.europesays.com\/fr\/wp-content\/uploads\/2025\/09\/b37ae9d030b86c77ae9d030b89b7aev-960x640.jpg\" alt=\"MOntville lac\" width=\"960\" height=\"640\"\/><br \/>\n    L\u2019aire est situ\u00e9e pr\u00e8s du plan d\u2019eau de Montville et \u00e0 proximit\u00e9 des commerces du centre-bourg.\u00a0 \u00a9Isabelle VILLYGestion par Camping-Car Park<\/p>\n<p class=\" wall-content\">La gestion de l\u2019\u00e9quipement a \u00e9t\u00e9 confi\u00e9e \u00e0 Camping-Car Park, dans le cadre d\u2019une d\u00e9l\u00e9gation de service public : les visiteurs peuvent ainsi se rendre sur leur site pour v\u00e9rifier la disponibilit\u00e9 et obtenir toutes les informations n\u00e9cessaires avant leur arriv\u00e9e. \u00ab Il existe un tarif (6\u00a0euros) pour rester deux heures sur un emplacement, le temps de vidanger \u00bb, indique la maire de Montville, satisfaite de la gestion de cet espace par Camping-Car Park.<\/p>\n<p>Tarifs : 14,50 euros et taxe de s\u00e9jour.\u00a0 Site : https:\/\/www.campingcarpark.com\/<\/p>\n<p>Votre r\u00e9gion, votre actu !<\/p>\n<p>Recevez chaque jour les infos qui comptent pour vous.<\/p>\n<p>\t<a href=\"https:\/\/actu.fr\/newsletter\" class=\"ac-btn ac-btn--corner ac-btn--medium ac-btn--blue800\" target=\"_blank\" rel=\"noopener\">S&rsquo;incrire<\/a><br \/>\nSuivez l\u2019actualit\u00e9 de Rouen sur notre <a href=\"https:\/\/www.whatsapp.com\/channel\/0029VaKfnf99hXF2ddApFB1D\" target=\"_blank\" rel=\"noopener\">cha\u00eene WhatsApp<\/a> et sur notre <a href=\"https:\/\/www.tiktok.com\/@76actu.fr?lang=fr\" target=\"_blank\" rel=\"noopener\">compte TikTok<\/a><\/p>\n<p class=\" wall-content\">Personnalisez votre actualit\u00e9 en ajoutant vos villes et m\u00e9dias en favori avec <a href=\"https:\/\/moncompte.actu.fr\" title=\"D\u00e9couvez Mon Actu\" rel=\"nofollow noopener\" data-trk=\"{&quot;cta&quot;:{&quot;action&quot;:&quot;https:\\\/\\\/moncompte.actu.fr&quot;,&quot;category&quot;:&quot;mon compte&quot;,&quot;from&quot;:&quot;article footer&quot;,&quot;name&quot;:&quot;Mon actu&quot;,&quot;type&quot;:&quot;cta&quot;}}\" target=\"_blank\">Mon Actu<\/a>.<\/p>\n<p>                    <script async src=\"\/\/www.tiktok.com\/embed.js\"><\/script><\/p>\n","protected":false},"excerpt":{"rendered":"Par Isabelle Villy Publi\u00e9 le 6 sept. 2025 \u00e0 13h12 Belges, N\u00e9erlandais, Britanniques, Danois, Italiens, Espagnols\u2026 sans compter&hellip;\n","protected":false},"author":2,"featured_media":370541,"comment_status":"","ping_status":"","sticky":false,"template":"","format":"standard","meta":{"footnotes":""},"categories":[9587],"tags":[1111,11,11199,436,1777,674,1011,27,1652,12,5161,25,9590,602],"class_list":{"0":"post-370540","1":"post","2":"type-post","3":"status-publish","4":"format-standard","5":"has-post-thumbnail","7":"category-rouen","8":"tag-actu","9":"tag-actualites","10":"tag-camping-car","11":"tag-environnement","12":"tag-eu","13":"tag-europe","14":"tag-fr","15":"tag-france","16":"tag-loisirs-culture","17":"tag-news","18":"tag-normandie","19":"tag-republique-francaise","20":"tag-rouen","21":"tag-tourisme"},"share_on_mastodon":{"url":"https:\/\/pubeurope.com\/@fr\/115157194729483670","error":""},"_links":{"self":[{"href":"https:\/\/www.europesays.com\/fr\/wp-json\/wp\/v2\/posts\/370540","targetHints":{"allow":["GET"]}}],"collection":[{"href":"https:\/\/www.europesays.com\/fr\/wp-json\/wp\/v2\/posts"}],"about":[{"href":"https:\/\/www.europesays.com\/fr\/wp-json\/wp\/v2\/types\/post"}],"author":[{"embeddable":true,"href":"https:\/\/www.europesays.com\/fr\/wp-json\/wp\/v2\/users\/2"}],"replies":[{"embeddable":true,"href":"https:\/\/www.europesays.com\/fr\/wp-json\/wp\/v2\/comments?post=370540"}],"version-history":[{"count":0,"href":"https:\/\/www.europesays.com\/fr\/wp-json\/wp\/v2\/posts\/370540\/revisions"}],"wp:featuredmedia":[{"embeddable":true,"href":"https:\/\/www.europesays.com\/fr\/wp-json\/wp\/v2\/media\/370541"}],"wp:attachment":[{"href":"https:\/\/www.europesays.com\/fr\/wp-json\/wp\/v2\/media?parent=370540"}],"wp:term":[{"taxonomy":"category","embeddable":true,"href":"https:\/\/www.europesays.com\/fr\/wp-json\/wp\/v2\/categories?post=370540"},{"taxonomy":"post_tag","embeddable":true,"href":"https:\/\/www.europesays.com\/fr\/wp-json\/wp\/v2\/tags?post=370540"}],"curies":[{"name":"wp","href":"https:\/\/api.w.org\/{rel}","templated":true}]}}