{"id":370544,"date":"2025-09-06T11:53:12","date_gmt":"2025-09-06T11:53:12","guid":{"rendered":"https:\/\/www.europesays.com\/fr\/370544\/"},"modified":"2025-09-06T11:53:12","modified_gmt":"2025-09-06T11:53:12","slug":"a-rennes-la-voiture-renverse-une-pietonne-et-prend-la-fuite-un-homme-interpelle","status":"publish","type":"post","link":"https:\/\/www.europesays.com\/fr\/370544\/","title":{"rendered":"\u00c0 Rennes, la voiture renverse une pi\u00e9tonne et prend la fuite\u00a0: un homme interpell\u00e9"},"content":{"rendered":"<p>L\u2019accident s\u2019est produit ce vendredi, vers 12 h, rue du Pr\u00e9 Perch\u00e9 situ\u00e9e entre la rue Tronjolly et le boulevard de la Libert\u00e9. Une femme \u00e2g\u00e9e de 87 ans qui marchait sur le trottoir a \u00e9t\u00e9 renvers\u00e9e par un v\u00e9hicule qui effectuait une marche arri\u00e8re. Dans le choc, l\u2019octog\u00e9naire a \u00e9t\u00e9 bless\u00e9e au niveau d\u2019une jambe.<\/p>\n<p>Suite \u00e0 ces faits, le conducteur a pris la fuite. La police a pu toutefois l\u2019interpeller rapidement gr\u00e2ce \u00e0 sa plaque d\u2019immatriculation qui avait pu \u00eatre relev\u00e9e. L\u2019homme, \u00e2g\u00e9 de 60 ans, a \u00e9t\u00e9 plac\u00e9 en garde \u00e0 vue pour \u00ab blessures involontaires et d\u00e9lit de fuite \u00bb.<\/p>\n","protected":false},"excerpt":{"rendered":"L\u2019accident s\u2019est produit ce vendredi, vers 12 h, rue du Pr\u00e9 Perch\u00e9 situ\u00e9e entre la rue Tronjolly et&hellip;\n","protected":false},"author":2,"featured_media":370545,"comment_status":"","ping_status":"","sticky":false,"template":"","format":"standard","meta":{"footnotes":""},"categories":[2821],"tags":[1111,11,829,765,1777,674,118,1011,27,848,12,584,25],"class_list":{"0":"post-370544","1":"post","2":"type-post","3":"status-publish","4":"format-standard","5":"has-post-thumbnail","7":"category-rennes","8":"tag-actu","9":"tag-actualites","10":"tag-bretagne","11":"tag-en-continu","12":"tag-eu","13":"tag-europe","14":"tag-faits-divers","15":"tag-fr","16":"tag-france","17":"tag-ille-et-vilaine","18":"tag-news","19":"tag-rennes","20":"tag-republique-francaise"},"share_on_mastodon":{"url":"https:\/\/pubeurope.com\/@fr\/115157218425706757","error":""},"_links":{"self":[{"href":"https:\/\/www.europesays.com\/fr\/wp-json\/wp\/v2\/posts\/370544","targetHints":{"allow":["GET"]}}],"collection":[{"href":"https:\/\/www.europesays.com\/fr\/wp-json\/wp\/v2\/posts"}],"about":[{"href":"https:\/\/www.europesays.com\/fr\/wp-json\/wp\/v2\/types\/post"}],"author":[{"embeddable":true,"href":"https:\/\/www.europesays.com\/fr\/wp-json\/wp\/v2\/users\/2"}],"replies":[{"embeddable":true,"href":"https:\/\/www.europesays.com\/fr\/wp-json\/wp\/v2\/comments?post=370544"}],"version-history":[{"count":0,"href":"https:\/\/www.europesays.com\/fr\/wp-json\/wp\/v2\/posts\/370544\/revisions"}],"wp:featuredmedia":[{"embeddable":true,"href":"https:\/\/www.europesays.com\/fr\/wp-json\/wp\/v2\/media\/370545"}],"wp:attachment":[{"href":"https:\/\/www.europesays.com\/fr\/wp-json\/wp\/v2\/media?parent=370544"}],"wp:term":[{"taxonomy":"category","embeddable":true,"href":"https:\/\/www.europesays.com\/fr\/wp-json\/wp\/v2\/categories?post=370544"},{"taxonomy":"post_tag","embeddable":true,"href":"https:\/\/www.europesays.com\/fr\/wp-json\/wp\/v2\/tags?post=370544"}],"curies":[{"name":"wp","href":"https:\/\/api.w.org\/{rel}","templated":true}]}}